{"id":1099,"date":"2018-03-22T10:37:48","date_gmt":"2018-03-22T09:37:48","guid":{"rendered":"http:\/\/agora.xtec.cat\/ceip-dolorsalmeda-cornella\/?p=1099"},"modified":"2018-03-22T10:37:48","modified_gmt":"2018-03-22T09:37:48","slug":"musica-al-patronat","status":"publish","type":"post","link":"https:\/\/agora.xtec.cat\/ceip-dolorsalmeda-cornella\/general\/musica-al-patronat\/","title":{"rendered":"M\u00fasica al patronat"},"content":{"rendered":"<p><a href=\"http:\/\/agora.xtec.cat\/ceip-dolorsalmeda-cornella\/wp-content\/uploads\/usu30\/2018\/03\/MUSICA-AL-PATRONAT8.jpg\"><img loading=\"lazy\" decoding=\"async\" class=\" wp-image-1100\" src=\"http:\/\/agora.xtec.cat\/ceip-dolorsalmeda-cornella\/wp-content\/uploads\/usu30\/2018\/03\/MUSICA-AL-PATRONAT8-1024x768.jpg\" alt=\"\" width=\"335\" height=\"251\" srcset=\"https:\/\/agora.xtec.cat\/ceip-dolorsalmeda-cornella\/wp-content\/uploads\/usu30\/2018\/03\/MUSICA-AL-PATRONAT8.jpg 1024w, https:\/\/agora.xtec.cat\/ceip-dolorsalmeda-cornella\/wp-content\/uploads\/usu30\/2018\/03\/MUSICA-AL-PATRONAT8-300x225.jpg 300w, https:\/\/agora.xtec.cat\/ceip-dolorsalmeda-cornella\/wp-content\/uploads\/usu30\/2018\/03\/MUSICA-AL-PATRONAT8-768x576.jpg 768w, https:\/\/agora.xtec.cat\/ceip-dolorsalmeda-cornella\/wp-content\/uploads\/usu30\/2018\/03\/MUSICA-AL-PATRONAT8-200x150.jpg 200w\" sizes=\"auto, (max-width: 335px) 100vw, 335px\" \/><\/a><\/p>\n<p style=\"text-align: justify;\">Aquest mes de mar\u00e7, els infants de P5 han fet una sortida al Patronat a fer una audici\u00f3. De cam\u00ed, a l\u2019autocar, an\u00e0vem pensant i parlant sobre qu\u00e8 trobar\u00edem all\u00e0, qu\u00e8 veur\u00edem\u2026 Per\u00f2 encara ens va agradar m\u00e9s quan vam arribar! Damunt de l\u2019escenari van passar un munt de coses, des d&#8217;un senyor que tocava instruments que ens deixaven a tots escoltant amb molta atenci\u00f3, fins a un drac que cantava quan anava amb pati-patinet! Vigileu! Aquesta can\u00e7\u00f3 no ens la podem aprendre!<\/p>\n<p style=\"text-align: justify;\"><a href=\"https:\/\/photos.app.goo.gl\/V04BI0XY3aom97X22\" target=\"_blank\" rel=\"noopener noreferrer\">M\u00daSICA AL PATRONAT<\/a><\/p>\n","protected":false},"excerpt":{"rendered":"<p><a href=\"http:\/\/agora.xtec.cat\/ceip-dolorsalmeda-cornella\/wp-content\/uploads\/usu30\/2018\/03\/MUSICA-AL-PATRONAT8.jpg\"><\/a><br \/>\nAquest mes de mar\u00e7, els infants de P5 han fet una sortida al Patronat a fer una audici\u00f3. De cam\u00ed, a l\u2019autocar, an\u00e0vem pensant i parlant sobre qu\u00e8 trobar\u00edem all\u00e0, qu\u00e8 veur\u00edem\u2026 Per\u00f2 encara ens va agradar m\u00e9s quan vam arribar! Damunt de l\u2019escenari&hellip;  <a href=\"https:\/\/agora.xtec.cat\/ceip-dolorsalmeda-cornella\/general\/musica-al-patronat\/\" title=\"Read M\u00fasica al patronat\">Llegeix m\u00e9s\u00bb<\/a><\/p>\n","protected":false},"author":1,"featured_media":1100,"comment_status":"open","ping_status":"closed","sticky":false,"template":"","format":"standard","meta":{"_bbp_topic_count":0,"_bbp_reply_count":0,"_bbp_total_topic_count":0,"_bbp_total_reply_count":0,"_bbp_voice_count":0,"_bbp_anonymous_reply_count":0,"_bbp_topic_count_hidden":0,"_bbp_reply_count_hidden":0,"_bbp_forum_subforum_count":0,"footnotes":""},"categories":[1,9,2,4],"tags":[125,67,124],"class_list":["post-1099","post","type-post","status-publish","format-standard","has-post-thumbnail","hentry","category-general","category-i5","category-infantil","category-portada","tag-audicio","tag-musica","tag-patronat"],"post_mailing_queue_ids":[],"_links":{"self":[{"href":"https:\/\/agora.xtec.cat\/ceip-dolorsalmeda-cornella\/wp-json\/wp\/v2\/posts\/1099","targetHints":{"allow":["GET"]}}],"collection":[{"href":"https:\/\/agora.xtec.cat\/ceip-dolorsalmeda-cornella\/wp-json\/wp\/v2\/posts"}],"about":[{"href":"https:\/\/agora.xtec.cat\/ceip-dolorsalmeda-cornella\/wp-json\/wp\/v2\/types\/post"}],"author":[{"embeddable":true,"href":"https:\/\/agora.xtec.cat\/ceip-dolorsalmeda-cornella\/wp-json\/wp\/v2\/users\/1"}],"replies":[{"embeddable":true,"href":"https:\/\/agora.xtec.cat\/ceip-dolorsalmeda-cornella\/wp-json\/wp\/v2\/comments?post=1099"}],"version-history":[{"count":2,"href":"https:\/\/agora.xtec.cat\/ceip-dolorsalmeda-cornella\/wp-json\/wp\/v2\/posts\/1099\/revisions"}],"predecessor-version":[{"id":1102,"href":"https:\/\/agora.xtec.cat\/ceip-dolorsalmeda-cornella\/wp-json\/wp\/v2\/posts\/1099\/revisions\/1102"}],"wp:featuredmedia":[{"embeddable":true,"href":"https:\/\/agora.xtec.cat\/ceip-dolorsalmeda-cornella\/wp-json\/wp\/v2\/media\/1100"}],"wp:attachment":[{"href":"https:\/\/agora.xtec.cat\/ceip-dolorsalmeda-cornella\/wp-json\/wp\/v2\/media?parent=1099"}],"wp:term":[{"taxonomy":"category","embeddable":true,"href":"https:\/\/agora.xtec.cat\/ceip-dolorsalmeda-cornella\/wp-json\/wp\/v2\/categories?post=1099"},{"taxonomy":"post_tag","embeddable":true,"href":"https:\/\/agora.xtec.cat\/ceip-dolorsalmeda-cornella\/wp-json\/wp\/v2\/tags?post=1099"}],"curies":[{"name":"wp","href":"https:\/\/api.w.org\/{rel}","templated":true}]}}