{"id":1092,"date":"2018-03-20T10:49:47","date_gmt":"2018-03-20T09:49:47","guid":{"rendered":"http:\/\/agora.xtec.cat\/ceip-dolorsalmeda-cornella\/?p=1092"},"modified":"2018-03-22T10:39:12","modified_gmt":"2018-03-22T09:39:12","slug":"visita-a-la-fabrica-cacaolat","status":"publish","type":"post","link":"https:\/\/agora.xtec.cat\/ceip-dolorsalmeda-cornella\/general\/visita-a-la-fabrica-cacaolat\/","title":{"rendered":"Visita a la f\u00e0brica Cacaolat"},"content":{"rendered":"<p>Els alumnes de quart hem anat a visitar la f\u00e0brica Cacaolat de Santa Coloma de Gramenet. Hem descobert la proced\u00e8ncia del cacau, els or\u00edgens de la f\u00e0brica i com elaboren el Cacaolat. Hem\u00a0 pogut veure de prop un dels sectors de producci\u00f3 que hem estat estudiant ; en aquest cas el sector secundari .Hem acabat el dia dinant a un parc\u00a0 molt bonic. Ens ho hem passat genial !!!<\/p>\n<p><a href=\"https:\/\/photos.app.goo.gl\/eWZ6SHtpcDhKzUBf2\" target=\"_blank\" rel=\"noopener noreferrer\">FOTOS<\/a><\/p>\n<p>&nbsp;<\/p>\n","protected":false},"excerpt":{"rendered":"<p>Els alumnes de quart hem anat a visitar la f\u00e0brica Cacaolat de Santa Coloma de Gramenet. Hem descobert la proced\u00e8ncia del cacau, els or\u00edgens de la f\u00e0brica i com elaboren el Cacaolat. Hem\u00a0 pogut veure de prop un dels sectors de producci\u00f3 que hem estat&hellip;  <a href=\"https:\/\/agora.xtec.cat\/ceip-dolorsalmeda-cornella\/general\/visita-a-la-fabrica-cacaolat\/\" title=\"Read Visita a la f\u00e0brica Cacaolat\">Llegeix m\u00e9s\u00bb<\/a><\/p>\n","protected":false},"author":6,"featured_media":1093,"comment_status":"open","ping_status":"closed","sticky":false,"template":"","format":"standard","meta":{"_bbp_topic_count":0,"_bbp_reply_count":0,"_bbp_total_topic_count":0,"_bbp_total_reply_count":0,"_bbp_voice_count":0,"_bbp_anonymous_reply_count":0,"_bbp_topic_count_hidden":0,"_bbp_reply_count_hidden":0,"_bbp_forum_subforum_count":0,"footnotes":""},"categories":[13,1,4,5],"tags":[],"class_list":["post-1092","post","type-post","status-publish","format-standard","has-post-thumbnail","hentry","category-4t","category-general","category-portada","category-primaria"],"post_mailing_queue_ids":[],"_links":{"self":[{"href":"https:\/\/agora.xtec.cat\/ceip-dolorsalmeda-cornella\/wp-json\/wp\/v2\/posts\/1092","targetHints":{"allow":["GET"]}}],"collection":[{"href":"https:\/\/agora.xtec.cat\/ceip-dolorsalmeda-cornella\/wp-json\/wp\/v2\/posts"}],"about":[{"href":"https:\/\/agora.xtec.cat\/ceip-dolorsalmeda-cornella\/wp-json\/wp\/v2\/types\/post"}],"author":[{"embeddable":true,"href":"https:\/\/agora.xtec.cat\/ceip-dolorsalmeda-cornella\/wp-json\/wp\/v2\/users\/6"}],"replies":[{"embeddable":true,"href":"https:\/\/agora.xtec.cat\/ceip-dolorsalmeda-cornella\/wp-json\/wp\/v2\/comments?post=1092"}],"version-history":[{"count":2,"href":"https:\/\/agora.xtec.cat\/ceip-dolorsalmeda-cornella\/wp-json\/wp\/v2\/posts\/1092\/revisions"}],"predecessor-version":[{"id":1104,"href":"https:\/\/agora.xtec.cat\/ceip-dolorsalmeda-cornella\/wp-json\/wp\/v2\/posts\/1092\/revisions\/1104"}],"wp:featuredmedia":[{"embeddable":true,"href":"https:\/\/agora.xtec.cat\/ceip-dolorsalmeda-cornella\/wp-json\/wp\/v2\/media\/1093"}],"wp:attachment":[{"href":"https:\/\/agora.xtec.cat\/ceip-dolorsalmeda-cornella\/wp-json\/wp\/v2\/media?parent=1092"}],"wp:term":[{"taxonomy":"category","embeddable":true,"href":"https:\/\/agora.xtec.cat\/ceip-dolorsalmeda-cornella\/wp-json\/wp\/v2\/categories?post=1092"},{"taxonomy":"post_tag","embeddable":true,"href":"https:\/\/agora.xtec.cat\/ceip-dolorsalmeda-cornella\/wp-json\/wp\/v2\/tags?post=1092"}],"curies":[{"name":"wp","href":"https:\/\/api.w.org\/{rel}","templated":true}]}}