{"id":1052,"date":"2018-03-09T20:21:11","date_gmt":"2018-03-09T19:21:11","guid":{"rendered":"http:\/\/agora.xtec.cat\/ceip-dolorsalmeda-cornella\/?p=1052"},"modified":"2018-03-12T21:11:43","modified_gmt":"2018-03-12T20:11:43","slug":"audicio-de-gaites","status":"publish","type":"post","link":"https:\/\/agora.xtec.cat\/ceip-dolorsalmeda-cornella\/general\/audicio-de-gaites\/","title":{"rendered":"Audici\u00f3 de gaites"},"content":{"rendered":"<p>Avui hem tingut una visita molt especial. La N\u00faria, una estudiant de pr\u00e0ctiques que ha estat a l&#8217;escola durant aquest segon trimestre i un grup d&#8217;amics de l&#8217;associaci\u00f3 Rosalia de Castro de Cornell\u00e0 ens han tocat i ballat unes &#8220;mu\u00f1eiras&#8221;. A m\u00e9s, ens han explicat les diferents caracter\u00edstiques dels instruments que portaven i els hem pogut fer moltes preguntes sobre la seva afici\u00f3. Moltes gr\u00e0cies N\u00faria, ens ha encantat!!!!<\/p>\n<p><a href=\"http:\/\/agora.xtec.cat\/ceip-dolorsalmeda-cornella\/wp-content\/uploads\/usu30\/2018\/03\/AdobePhotoshopExpress_2018_03_09_200018.jpg\"><img loading=\"lazy\" decoding=\"async\" class=\"wp-image-1053 aligncenter\" src=\"http:\/\/agora.xtec.cat\/ceip-dolorsalmeda-cornella\/wp-content\/uploads\/usu30\/2018\/03\/AdobePhotoshopExpress_2018_03_09_200018.jpg\" alt=\"\" width=\"296\" height=\"296\" srcset=\"https:\/\/agora.xtec.cat\/ceip-dolorsalmeda-cornella\/wp-content\/uploads\/usu30\/2018\/03\/AdobePhotoshopExpress_2018_03_09_200018.jpg 640w, https:\/\/agora.xtec.cat\/ceip-dolorsalmeda-cornella\/wp-content\/uploads\/usu30\/2018\/03\/AdobePhotoshopExpress_2018_03_09_200018-150x150.jpg 150w, https:\/\/agora.xtec.cat\/ceip-dolorsalmeda-cornella\/wp-content\/uploads\/usu30\/2018\/03\/AdobePhotoshopExpress_2018_03_09_200018-300x300.jpg 300w\" sizes=\"auto, (max-width: 296px) 100vw, 296px\" \/><\/a><\/p>\n<p>&nbsp;<\/p>\n<p>&nbsp;<\/p>\n<p>&nbsp;<\/p>\n<p>&nbsp;<\/p>\n<p>&nbsp;<\/p>\n","protected":false},"excerpt":{"rendered":"<p>Avui hem tingut una visita molt especial. La N\u00faria, una estudiant de pr\u00e0ctiques que ha estat a l&#8217;escola durant aquest segon trimestre i un grup d&#8217;amics de l&#8217;associaci\u00f3 Rosalia de Castro de Cornell\u00e0 ens han tocat i ballat unes &#8220;mu\u00f1eiras&#8221;. A m\u00e9s, ens han explicat&hellip;  <a href=\"https:\/\/agora.xtec.cat\/ceip-dolorsalmeda-cornella\/general\/audicio-de-gaites\/\" title=\"Read Audici\u00f3 de gaites\">Llegeix m\u00e9s\u00bb<\/a><\/p>\n","protected":false},"author":6,"featured_media":1055,"comment_status":"open","ping_status":"closed","sticky":false,"template":"","format":"standard","meta":{"_bbp_topic_count":0,"_bbp_reply_count":0,"_bbp_total_topic_count":0,"_bbp_total_reply_count":0,"_bbp_voice_count":0,"_bbp_anonymous_reply_count":0,"_bbp_topic_count_hidden":0,"_bbp_reply_count_hidden":0,"_bbp_forum_subforum_count":0,"footnotes":""},"categories":[10,11,12,13,14,15,1,3,8,9,2,4,5],"tags":[84],"class_list":["post-1052","post","type-post","status-publish","format-standard","has-post-thumbnail","hentry","category-1r","category-2n","category-3r","category-4t","category-5e","category-6e","category-general","category-i3","category-i4","category-i5","category-infantil","category-portada","category-primaria","tag-publicacions"],"post_mailing_queue_ids":[],"_links":{"self":[{"href":"https:\/\/agora.xtec.cat\/ceip-dolorsalmeda-cornella\/wp-json\/wp\/v2\/posts\/1052","targetHints":{"allow":["GET"]}}],"collection":[{"href":"https:\/\/agora.xtec.cat\/ceip-dolorsalmeda-cornella\/wp-json\/wp\/v2\/posts"}],"about":[{"href":"https:\/\/agora.xtec.cat\/ceip-dolorsalmeda-cornella\/wp-json\/wp\/v2\/types\/post"}],"author":[{"embeddable":true,"href":"https:\/\/agora.xtec.cat\/ceip-dolorsalmeda-cornella\/wp-json\/wp\/v2\/users\/6"}],"replies":[{"embeddable":true,"href":"https:\/\/agora.xtec.cat\/ceip-dolorsalmeda-cornella\/wp-json\/wp\/v2\/comments?post=1052"}],"version-history":[{"count":2,"href":"https:\/\/agora.xtec.cat\/ceip-dolorsalmeda-cornella\/wp-json\/wp\/v2\/posts\/1052\/revisions"}],"predecessor-version":[{"id":1056,"href":"https:\/\/agora.xtec.cat\/ceip-dolorsalmeda-cornella\/wp-json\/wp\/v2\/posts\/1052\/revisions\/1056"}],"wp:featuredmedia":[{"embeddable":true,"href":"https:\/\/agora.xtec.cat\/ceip-dolorsalmeda-cornella\/wp-json\/wp\/v2\/media\/1055"}],"wp:attachment":[{"href":"https:\/\/agora.xtec.cat\/ceip-dolorsalmeda-cornella\/wp-json\/wp\/v2\/media?parent=1052"}],"wp:term":[{"taxonomy":"category","embeddable":true,"href":"https:\/\/agora.xtec.cat\/ceip-dolorsalmeda-cornella\/wp-json\/wp\/v2\/categories?post=1052"},{"taxonomy":"post_tag","embeddable":true,"href":"https:\/\/agora.xtec.cat\/ceip-dolorsalmeda-cornella\/wp-json\/wp\/v2\/tags?post=1052"}],"curies":[{"name":"wp","href":"https:\/\/api.w.org\/{rel}","templated":true}]}}