{"id":1049,"date":"2018-03-09T19:51:19","date_gmt":"2018-03-09T18:51:19","guid":{"rendered":"http:\/\/agora.xtec.cat\/ceip-dolorsalmeda-cornella\/?p=1049"},"modified":"2018-03-09T19:51:19","modified_gmt":"2018-03-09T18:51:19","slug":"taller-de-meteorologia","status":"publish","type":"post","link":"https:\/\/agora.xtec.cat\/ceip-dolorsalmeda-cornella\/general\/taller-de-meteorologia\/","title":{"rendered":"Taller de meteorologia"},"content":{"rendered":"<p>Els alumnes de tercer hem anat al museu Torre Balldovina de Santa Coloma de Gramenet a fer un taller de meteorologia.<\/p>\n<p>Per comen\u00e7ar, ens han fet una introducci\u00f3 per recordar els diferents fen\u00f2mens atmosf\u00e8rics que pr\u00e8viament hav\u00edem estudiat a l&#8217;aula. Despr\u00e9s, hem mirat el temps i hem anat a l&#8217;estaci\u00f3 meteorol\u00f2gica per prendre dades de temperatura, humitat, pressi\u00f3&#8230;.<\/p>\n<p>A m\u00e9s, hem fabricat un bar\u00f2metre el\u00e0stic, un pluvi\u00f2metre, un penell i altres objectes relacionats amb la meteorologia.<\/p>\n<p>Ha estat una sortida molt interessant que ens ha ajudat a acabar d&#8217;assolir els conceptes m\u00e9s importants sobre els fen\u00f2mens i aparells meteorol\u00f2gics. Finalment hem anat a dinar i a jugar al parc on hem passat \u00a0una bona estona.<\/p>\n<p><a href=\"https:\/\/photos.app.goo.gl\/ATDQ7hiDNvlhl66E3\">FOTOS<\/a>\u00a0<a href=\"http:\/\/agora.xtec.cat\/ceip-dolorsalmeda-cornella\/wp-content\/uploads\/usu30\/2018\/03\/Taller-meteorologia-66.jpg\"><img loading=\"lazy\" decoding=\"async\" class=\"wp-image-1050 aligncenter\" src=\"http:\/\/agora.xtec.cat\/ceip-dolorsalmeda-cornella\/wp-content\/uploads\/usu30\/2018\/03\/Taller-meteorologia-66-1024x768.jpg\" alt=\"\" width=\"299\" height=\"224\" srcset=\"https:\/\/agora.xtec.cat\/ceip-dolorsalmeda-cornella\/wp-content\/uploads\/usu30\/2018\/03\/Taller-meteorologia-66.jpg 1024w, https:\/\/agora.xtec.cat\/ceip-dolorsalmeda-cornella\/wp-content\/uploads\/usu30\/2018\/03\/Taller-meteorologia-66-300x225.jpg 300w, https:\/\/agora.xtec.cat\/ceip-dolorsalmeda-cornella\/wp-content\/uploads\/usu30\/2018\/03\/Taller-meteorologia-66-768x576.jpg 768w, https:\/\/agora.xtec.cat\/ceip-dolorsalmeda-cornella\/wp-content\/uploads\/usu30\/2018\/03\/Taller-meteorologia-66-200x150.jpg 200w\" sizes=\"auto, (max-width: 299px) 100vw, 299px\" \/><\/a><\/p>\n","protected":false},"excerpt":{"rendered":"<p>Els alumnes de tercer hem anat al museu Torre Balldovina de Santa Coloma de Gramenet a fer un taller de meteorologia.<br \/>\nPer comen\u00e7ar, ens han fet una introducci\u00f3 per recordar els diferents fen\u00f2mens atmosf\u00e8rics que pr\u00e8viament hav\u00edem estudiat a l&#8217;aula. Despr\u00e9s, hem mirat el temps i&hellip;  <a href=\"https:\/\/agora.xtec.cat\/ceip-dolorsalmeda-cornella\/general\/taller-de-meteorologia\/\" title=\"Read Taller de meteorologia\">Llegeix m\u00e9s\u00bb<\/a><\/p>\n","protected":false},"author":6,"featured_media":1050,"comment_status":"open","ping_status":"closed","sticky":false,"template":"","format":"standard","meta":{"_bbp_topic_count":0,"_bbp_reply_count":0,"_bbp_total_topic_count":0,"_bbp_total_reply_count":0,"_bbp_voice_count":0,"_bbp_anonymous_reply_count":0,"_bbp_topic_count_hidden":0,"_bbp_reply_count_hidden":0,"_bbp_forum_subforum_count":0,"footnotes":""},"categories":[12,1,4,5],"tags":[16],"class_list":["post-1049","post","type-post","status-publish","format-standard","has-post-thumbnail","hentry","category-3r","category-general","category-portada","category-primaria","tag-sortides"],"post_mailing_queue_ids":[],"_links":{"self":[{"href":"https:\/\/agora.xtec.cat\/ceip-dolorsalmeda-cornella\/wp-json\/wp\/v2\/posts\/1049","targetHints":{"allow":["GET"]}}],"collection":[{"href":"https:\/\/agora.xtec.cat\/ceip-dolorsalmeda-cornella\/wp-json\/wp\/v2\/posts"}],"about":[{"href":"https:\/\/agora.xtec.cat\/ceip-dolorsalmeda-cornella\/wp-json\/wp\/v2\/types\/post"}],"author":[{"embeddable":true,"href":"https:\/\/agora.xtec.cat\/ceip-dolorsalmeda-cornella\/wp-json\/wp\/v2\/users\/6"}],"replies":[{"embeddable":true,"href":"https:\/\/agora.xtec.cat\/ceip-dolorsalmeda-cornella\/wp-json\/wp\/v2\/comments?post=1049"}],"version-history":[{"count":1,"href":"https:\/\/agora.xtec.cat\/ceip-dolorsalmeda-cornella\/wp-json\/wp\/v2\/posts\/1049\/revisions"}],"predecessor-version":[{"id":1051,"href":"https:\/\/agora.xtec.cat\/ceip-dolorsalmeda-cornella\/wp-json\/wp\/v2\/posts\/1049\/revisions\/1051"}],"wp:featuredmedia":[{"embeddable":true,"href":"https:\/\/agora.xtec.cat\/ceip-dolorsalmeda-cornella\/wp-json\/wp\/v2\/media\/1050"}],"wp:attachment":[{"href":"https:\/\/agora.xtec.cat\/ceip-dolorsalmeda-cornella\/wp-json\/wp\/v2\/media?parent=1049"}],"wp:term":[{"taxonomy":"category","embeddable":true,"href":"https:\/\/agora.xtec.cat\/ceip-dolorsalmeda-cornella\/wp-json\/wp\/v2\/categories?post=1049"},{"taxonomy":"post_tag","embeddable":true,"href":"https:\/\/agora.xtec.cat\/ceip-dolorsalmeda-cornella\/wp-json\/wp\/v2\/tags?post=1049"}],"curies":[{"name":"wp","href":"https:\/\/api.w.org\/{rel}","templated":true}]}}