{"id":1042,"date":"2018-03-09T11:36:06","date_gmt":"2018-03-09T10:36:06","guid":{"rendered":"http:\/\/agora.xtec.cat\/ceip-dolorsalmeda-cornella\/?p=1042"},"modified":"2018-03-22T10:41:41","modified_gmt":"2018-03-22T09:41:41","slug":"moli-paperer-de-capellades","status":"publish","type":"post","link":"https:\/\/agora.xtec.cat\/ceip-dolorsalmeda-cornella\/general\/moli-paperer-de-capellades\/","title":{"rendered":"Mol\u00ed paperer de Capellades"},"content":{"rendered":"<p><a href=\"http:\/\/agora.xtec.cat\/ceip-dolorsalmeda-cornella\/wp-content\/uploads\/usu30\/2018\/03\/MOLI-PAPERER-1R-B7.jpg\"><img loading=\"lazy\" decoding=\"async\" class=\" wp-image-1043 aligncenter\" src=\"http:\/\/agora.xtec.cat\/ceip-dolorsalmeda-cornella\/wp-content\/uploads\/usu30\/2018\/03\/MOLI-PAPERER-1R-B7-1024x768.jpg\" alt=\"\" width=\"330\" height=\"248\" srcset=\"https:\/\/agora.xtec.cat\/ceip-dolorsalmeda-cornella\/wp-content\/uploads\/usu30\/2018\/03\/MOLI-PAPERER-1R-B7.jpg 1024w, https:\/\/agora.xtec.cat\/ceip-dolorsalmeda-cornella\/wp-content\/uploads\/usu30\/2018\/03\/MOLI-PAPERER-1R-B7-300x225.jpg 300w, https:\/\/agora.xtec.cat\/ceip-dolorsalmeda-cornella\/wp-content\/uploads\/usu30\/2018\/03\/MOLI-PAPERER-1R-B7-768x576.jpg 768w, https:\/\/agora.xtec.cat\/ceip-dolorsalmeda-cornella\/wp-content\/uploads\/usu30\/2018\/03\/MOLI-PAPERER-1R-B7-200x150.jpg 200w\" sizes=\"auto, (max-width: 330px) 100vw, 330px\" \/><\/a><\/p>\n<p style=\"text-align: justify;\">Ahir dijous, els alumnes de 1r i 2n de la nostra escola van anar a passar el dia a Capellades. All\u00e0 van poder\u00a0visitar el Museu on els van explicar l&#8217;origen del paper, com i amb qu\u00e8 es feia antigament abans de l&#8217;aparici\u00f3 de les f\u00e0briques. Vam visitar les diferents parts dels mol\u00ed i van poder veure la recreaci\u00f3 de les diferents fases de l&#8217;elaboraci\u00f3 del paper. En finalitzar la visita, van anar al taller i van aprendre a fer paper de manera artesanal, i cada infant va fer un paper blanc fet amb color, un paper verd i un paper reciclat, tots amb una filigrana diferent que els identifica. Just al costat del mol\u00ed, tamb\u00e9 van veure la bassa, que suministra l&#8217;aigua al mol\u00ed, i van gaudir d&#8217;un parc per dinar i jugar una estona.<\/p>\n<p style=\"text-align: justify;\"><a href=\"https:\/\/photos.app.goo.gl\/8PKnv3Tq2gx0olPa2\" target=\"_blank\" rel=\"noopener noreferrer\">MOL\u00cd PAPERER 1rA<\/a><\/p>\n<p style=\"text-align: justify;\"><a href=\"https:\/\/photos.app.goo.gl\/pAEcEUv9LYepi3fs2\" target=\"_blank\" rel=\"noopener noreferrer\">MOL\u00cd PAPERER 1rB<\/a><\/p>\n<p style=\"text-align: justify;\"><a href=\"https:\/\/photos.app.goo.gl\/k8g8RlHBeNIgzi2E2\" target=\"_blank\" rel=\"noopener noreferrer\">MOL\u00cd PAPERER 2nA<\/a><\/p>\n<p style=\"text-align: justify;\"><a href=\"https:\/\/photos.app.goo.gl\/nvdWEJBPyWOWEYKD3\" target=\"_blank\" rel=\"noopener noreferrer\">MOL\u00cd PAPERER 2nB<\/a><\/p>\n","protected":false},"excerpt":{"rendered":"<p><a href=\"http:\/\/agora.xtec.cat\/ceip-dolorsalmeda-cornella\/wp-content\/uploads\/usu30\/2018\/03\/MOLI-PAPERER-1R-B7.jpg\"><\/a><br \/>\nAhir dijous, els alumnes de 1r i 2n de la nostra escola van anar a passar el dia a Capellades. All\u00e0 van poder\u00a0visitar el Museu on els van explicar l&#8217;origen del paper, com i amb qu\u00e8 es feia antigament abans de l&#8217;aparici\u00f3 de les&hellip;  <a href=\"https:\/\/agora.xtec.cat\/ceip-dolorsalmeda-cornella\/general\/moli-paperer-de-capellades\/\" title=\"Read Mol\u00ed paperer de Capellades\">Llegeix m\u00e9s\u00bb<\/a><\/p>\n","protected":false},"author":1,"featured_media":1043,"comment_status":"open","ping_status":"closed","sticky":false,"template":"","format":"standard","meta":{"_bbp_topic_count":0,"_bbp_reply_count":0,"_bbp_total_topic_count":0,"_bbp_total_reply_count":0,"_bbp_voice_count":0,"_bbp_anonymous_reply_count":0,"_bbp_topic_count_hidden":0,"_bbp_reply_count_hidden":0,"_bbp_forum_subforum_count":0,"footnotes":""},"categories":[10,11,1,4,5],"tags":[114,113],"class_list":["post-1042","post","type-post","status-publish","format-standard","has-post-thumbnail","hentry","category-1r","category-2n","category-general","category-portada","category-primaria","tag-moli-paperer","tag-sortida"],"post_mailing_queue_ids":[],"_links":{"self":[{"href":"https:\/\/agora.xtec.cat\/ceip-dolorsalmeda-cornella\/wp-json\/wp\/v2\/posts\/1042","targetHints":{"allow":["GET"]}}],"collection":[{"href":"https:\/\/agora.xtec.cat\/ceip-dolorsalmeda-cornella\/wp-json\/wp\/v2\/posts"}],"about":[{"href":"https:\/\/agora.xtec.cat\/ceip-dolorsalmeda-cornella\/wp-json\/wp\/v2\/types\/post"}],"author":[{"embeddable":true,"href":"https:\/\/agora.xtec.cat\/ceip-dolorsalmeda-cornella\/wp-json\/wp\/v2\/users\/1"}],"replies":[{"embeddable":true,"href":"https:\/\/agora.xtec.cat\/ceip-dolorsalmeda-cornella\/wp-json\/wp\/v2\/comments?post=1042"}],"version-history":[{"count":3,"href":"https:\/\/agora.xtec.cat\/ceip-dolorsalmeda-cornella\/wp-json\/wp\/v2\/posts\/1042\/revisions"}],"predecessor-version":[{"id":1046,"href":"https:\/\/agora.xtec.cat\/ceip-dolorsalmeda-cornella\/wp-json\/wp\/v2\/posts\/1042\/revisions\/1046"}],"wp:featuredmedia":[{"embeddable":true,"href":"https:\/\/agora.xtec.cat\/ceip-dolorsalmeda-cornella\/wp-json\/wp\/v2\/media\/1043"}],"wp:attachment":[{"href":"https:\/\/agora.xtec.cat\/ceip-dolorsalmeda-cornella\/wp-json\/wp\/v2\/media?parent=1042"}],"wp:term":[{"taxonomy":"category","embeddable":true,"href":"https:\/\/agora.xtec.cat\/ceip-dolorsalmeda-cornella\/wp-json\/wp\/v2\/categories?post=1042"},{"taxonomy":"post_tag","embeddable":true,"href":"https:\/\/agora.xtec.cat\/ceip-dolorsalmeda-cornella\/wp-json\/wp\/v2\/tags?post=1042"}],"curies":[{"name":"wp","href":"https:\/\/api.w.org\/{rel}","templated":true}]}}