{"id":891,"date":"2016-11-09T23:25:30","date_gmt":"2016-11-09T22:25:30","guid":{"rendered":"http:\/\/agora.xtec.cat\/ceip-cristofor-mestre\/?p=891"},"modified":"2017-05-26T12:24:59","modified_gmt":"2017-05-26T10:24:59","slug":"parc-guell-6e","status":"publish","type":"post","link":"https:\/\/agora.xtec.cat\/ceip-cristofor-mestre\/general\/parc-guell-6e\/","title":{"rendered":"Parc G\u00fcell 6\u00e8"},"content":{"rendered":"<p>Dimecres 9 de novembre, l\u2019alumnat de sis\u00e8 va visitar el Parc G\u00fcell i l\u2019edifici modernista de l\u2019Hospital de St. Pau de Barcelona. Malgrat el vent que bufava amb for\u00e7a, vam poder gaudir d\u2019un dia molt especial de descoberta modernista.<\/p>\n<p>Primer vam visitar un dels llocs m\u00e9s emblem\u00e0tics de Barcelona, com \u00e9s el Parc G\u00fcell. All\u00e0 vam poder observar la visi\u00f3 que tenia Gaud\u00ed de la natura.<\/p>\n<p>Posteriorment vam rec\u00f3rrer amb autob\u00fas el Passeig de Gr\u00e0cia, on vam veure edificis modernistes com La Pedrera, La Casa Batll\u00f3&#8230;<\/p>\n<p>Finalment vam traslladar-nos al recinte modernista de l\u2019Hospital de Sant Pau, on ens van fer una visita guiada a trav\u00e9s de l\u2019antic hospital. All\u00e0 vam poder apreciar amb detall les caracter\u00edstiques de l\u2019estil modernista.<\/p>\n<p>Va resultar una visita profitosa i interessant on vam aprendre molt.<\/p>\n<p><strong><a href=\"https:\/\/goo.gl\/photos\/HLS2RwcSTuSnEwhU6\"><img loading=\"lazy\" decoding=\"async\" class=\"wp-image-881 aligncenter\" src=\"http:\/\/agora.xtec.cat\/ceip-cristofor-mestre\/wp-content\/uploads\/usu89\/2017\/05\/camara.jpg\" alt=\"camara\" width=\"131\" height=\"102\" \/><\/a><\/strong><\/p>\n","protected":false},"excerpt":{"rendered":"<p>Dimecres 9 de novembre, l\u2019alumnat de sis\u00e8 va visitar el Parc G\u00fcell i l\u2019edifici modernista de l\u2019Hospital de St. Pau de Barcelona. Malgrat el vent que bufava amb for\u00e7a, vam poder gaudir d\u2019un dia molt especial de descoberta modernista. Primer vam visitar un dels llocs m\u00e9s emblem\u00e0tics de Barcelona, com \u00e9s el Parc G\u00fcell. All\u00e0 [&hellip;]<\/p>\n","protected":false},"author":1,"featured_media":892,"comment_status":"closed","ping_status":"closed","sticky":false,"template":"","format":"standard","meta":{"_bbp_topic_count":0,"_bbp_reply_count":0,"_bbp_total_topic_count":0,"_bbp_total_reply_count":0,"_bbp_voice_count":0,"_bbp_anonymous_reply_count":0,"_bbp_topic_count_hidden":0,"_bbp_reply_count_hidden":0,"_bbp_forum_subforum_count":0,"site-sidebar-layout":"default","site-content-layout":"","ast-site-content-layout":"","site-content-style":"default","site-sidebar-style":"default","ast-global-header-display":"","ast-banner-title-visibility":"","ast-main-header-display":"","ast-hfb-above-header-display":"","ast-hfb-below-header-display":"","ast-hfb-mobile-header-display":"","site-post-title":"","ast-breadcrumbs-content":"","ast-featured-img":"","footer-sml-layout":"","theme-transparent-header-meta":"","adv-header-id-meta":"","stick-header-meta":"","header-above-stick-meta":"","header-main-stick-meta":"","header-below-stick-meta":"","astra-migrate-meta-layouts":"default","ast-page-background-enabled":"default","ast-page-background-meta":{"desktop":{"background-color":"var(--ast-global-color-4)","background-image":"","background-repeat":"repeat","background-position":"center center","background-size":"auto","background-attachment":"scroll","background-type":"","background-media":"","overlay-type":"","overlay-color":"","overlay-opacity":"","overlay-gradient":""},"tablet":{"background-color":"","background-image":"","background-repeat":"repeat","background-position":"center center","background-size":"auto","background-attachment":"scroll","background-type":"","background-media":"","overlay-type":"","overlay-color":"","overlay-opacity":"","overlay-gradient":""},"mobile":{"background-color":"","background-image":"","background-repeat":"repeat","background-position":"center center","background-size":"auto","background-attachment":"scroll","background-type":"","background-media":"","overlay-type":"","overlay-color":"","overlay-opacity":"","overlay-gradient":""}},"ast-content-background-meta":{"desktop":{"background-color":"var(--ast-global-color-5)","background-image":"","background-repeat":"repeat","background-position":"center center","background-size":"auto","background-attachment":"scroll","background-type":"","background-media":"","overlay-type":"","overlay-color":"","overlay-opacity":"","overlay-gradient":""},"tablet":{"background-color":"var(--ast-global-color-5)","background-image":"","background-repeat":"repeat","background-position":"center center","background-size":"auto","background-attachment":"scroll","background-type":"","background-media":"","overlay-type":"","overlay-color":"","overlay-opacity":"","overlay-gradient":""},"mobile":{"background-color":"var(--ast-global-color-5)","background-image":"","background-repeat":"repeat","background-position":"center center","background-size":"auto","background-attachment":"scroll","background-type":"","background-media":"","overlay-type":"","overlay-color":"","overlay-opacity":"","overlay-gradient":""}},"footnotes":""},"categories":[75,1,5],"tags":[16],"class_list":["post-891","post","type-post","status-publish","format-standard","has-post-thumbnail","hentry","category-cicle-superior","category-general","category-primaria","tag-sortides"],"post_mailing_queue_ids":[],"_links":{"self":[{"href":"https:\/\/agora.xtec.cat\/ceip-cristofor-mestre\/wp-json\/wp\/v2\/posts\/891","targetHints":{"allow":["GET"]}}],"collection":[{"href":"https:\/\/agora.xtec.cat\/ceip-cristofor-mestre\/wp-json\/wp\/v2\/posts"}],"about":[{"href":"https:\/\/agora.xtec.cat\/ceip-cristofor-mestre\/wp-json\/wp\/v2\/types\/post"}],"author":[{"embeddable":true,"href":"https:\/\/agora.xtec.cat\/ceip-cristofor-mestre\/wp-json\/wp\/v2\/users\/1"}],"replies":[{"embeddable":true,"href":"https:\/\/agora.xtec.cat\/ceip-cristofor-mestre\/wp-json\/wp\/v2\/comments?post=891"}],"version-history":[{"count":2,"href":"https:\/\/agora.xtec.cat\/ceip-cristofor-mestre\/wp-json\/wp\/v2\/posts\/891\/revisions"}],"predecessor-version":[{"id":936,"href":"https:\/\/agora.xtec.cat\/ceip-cristofor-mestre\/wp-json\/wp\/v2\/posts\/891\/revisions\/936"}],"wp:featuredmedia":[{"embeddable":true,"href":"https:\/\/agora.xtec.cat\/ceip-cristofor-mestre\/wp-json\/wp\/v2\/media\/892"}],"wp:attachment":[{"href":"https:\/\/agora.xtec.cat\/ceip-cristofor-mestre\/wp-json\/wp\/v2\/media?parent=891"}],"wp:term":[{"taxonomy":"category","embeddable":true,"href":"https:\/\/agora.xtec.cat\/ceip-cristofor-mestre\/wp-json\/wp\/v2\/categories?post=891"},{"taxonomy":"post_tag","embeddable":true,"href":"https:\/\/agora.xtec.cat\/ceip-cristofor-mestre\/wp-json\/wp\/v2\/tags?post=891"}],"curies":[{"name":"wp","href":"https:\/\/api.w.org\/{rel}","templated":true}]}}