{"id":838,"date":"2017-04-21T07:20:36","date_gmt":"2017-04-21T05:20:36","guid":{"rendered":"http:\/\/agora.xtec.cat\/ceip-cristofor-mestre\/?p=838"},"modified":"2017-05-26T12:06:12","modified_gmt":"2017-05-26T10:06:12","slug":"la-llegenda-de-sant-jordi","status":"publish","type":"post","link":"https:\/\/agora.xtec.cat\/ceip-cristofor-mestre\/general\/la-llegenda-de-sant-jordi\/","title":{"rendered":"La llegenda de Sant Jordi"},"content":{"rendered":"<p style=\"text-align: center;\"><a href=\"http:\/\/www.kizoa.es\/Editar-Videos-Movie-Maker\/d109077793k1187387o1l1\/sant-jordi-2017\"><img loading=\"lazy\" decoding=\"async\" class=\"wp-image-841 aligncenter\" src=\"http:\/\/agora.xtec.cat\/ceip-cristofor-mestre\/wp-content\/uploads\/usu89\/2017\/04\/8-1024x724.jpg\" alt=\"8\" width=\"197\" height=\"139\" \/><\/a><\/p>\n<p style=\"text-align: left;\">Un sant Jordi entretingut!<\/p>\n<p style=\"text-align: left;\">Al mat\u00ed, de 9 a 11, tallers per cicles. I de 2\/4 de 12 a 2\/4 d&#8217;1, xerrades d&#8217;animaci\u00f3 de la lectura a c\u00e0rrec de<\/p>\n<p style=\"text-align: left;\">Anna Tom\u00e0s per cicle Infantil<\/p>\n<p style=\"text-align: left;\">Dolors Rovira per cicle Inicial<\/p>\n<p style=\"text-align: left;\">Rosa Vendresll per cicle Mitj\u00e0<\/p>\n<p style=\"text-align: left;\">Xavier Hern\u00e0ndez per cicle Superior<\/p>\n<p style=\"text-align: left;\">A la tarda, la representaci\u00f3 de la llegenda de Sant Jordi a c\u00e0rrec de l&#8217;alumnat de 1r, amb la col.laboraci\u00f3 d&#8217;alumnes de 2n (veu dels personatges) i de 5\u00e8 (portant el drac).<\/p>\n<p style=\"text-align: left;\">Hem disfrutat molt!!!<\/p>\n<p style=\"text-align: left;\">Us fem arribar algunes imatges de la nostra llegenda de Sant Jordi.<\/p>\n<p style=\"text-align: center;\"><object width=\"640\" height=\"360\"><param name=\"movie\" value=\"https:\/\/app.kizoa.com\/i-Contact\/sflite.swf?did=109077793&amp;k=1187387&amp;loop=1\" \/><param name=\"wmode\" value=\"transparent\" \/><param name=\"allowFullScreen\" value=\"true\" \/><embed src=\"https:\/\/app.kizoa.com\/i-Contact\/sflite.swf?did=109077793&amp;k=1187387&amp;loop=1\" type=\"application\/x-shockwave-flash\" wmode=\"transparent\" width=\"640\" height=\"360\" allowfullscreen=\"allowfullscreen\" \/><\/object><br \/>\n<a href=\"http:\/\/www.kizoa.es\/Editar-Videos-Movie-Maker\/d109077793k1187387o2l1\/sant-jordi-2017\"><b>Sant Jordi 2017<\/b><\/a> &#8211; <i><a href=\"http:\/\/www.kizoa.es\">Kizoa Editar Videos &#8211; Movie Maker<\/a><\/i><\/p>\n","protected":false},"excerpt":{"rendered":"<p>Un sant Jordi entretingut! Al mat\u00ed, de 9 a 11, tallers per cicles. I de 2\/4 de 12 a 2\/4 d&#8217;1, xerrades d&#8217;animaci\u00f3 de la lectura a c\u00e0rrec de Anna Tom\u00e0s per cicle Infantil Dolors Rovira per cicle Inicial Rosa Vendresll per cicle Mitj\u00e0 Xavier Hern\u00e0ndez per cicle Superior A la tarda, la representaci\u00f3 de [&hellip;]<\/p>\n","protected":false},"author":1,"featured_media":841,"comment_status":"open","ping_status":"closed","sticky":false,"template":"","format":"standard","meta":{"_bbp_topic_count":0,"_bbp_reply_count":0,"_bbp_total_topic_count":0,"_bbp_total_reply_count":0,"_bbp_voice_count":0,"_bbp_anonymous_reply_count":0,"_bbp_topic_count_hidden":0,"_bbp_reply_count_hidden":0,"_bbp_forum_subforum_count":0,"site-sidebar-layout":"default","site-content-layout":"","ast-site-content-layout":"","site-content-style":"default","site-sidebar-style":"default","ast-global-header-display":"","ast-banner-title-visibility":"","ast-main-header-display":"","ast-hfb-above-header-display":"","ast-hfb-below-header-display":"","ast-hfb-mobile-header-display":"","site-post-title":"","ast-breadcrumbs-content":"","ast-featured-img":"","footer-sml-layout":"","theme-transparent-header-meta":"","adv-header-id-meta":"","stick-header-meta":"","header-above-stick-meta":"","header-main-stick-meta":"","header-below-stick-meta":"","astra-migrate-meta-layouts":"default","ast-page-background-enabled":"default","ast-page-background-meta":{"desktop":{"background-color":"var(--ast-global-color-4)","background-image":"","background-repeat":"repeat","background-position":"center center","background-size":"auto","background-attachment":"scroll","background-type":"","background-media":"","overlay-type":"","overlay-color":"","overlay-opacity":"","overlay-gradient":""},"tablet":{"background-color":"","background-image":"","background-repeat":"repeat","background-position":"center center","background-size":"auto","background-attachment":"scroll","background-type":"","background-media":"","overlay-type":"","overlay-color":"","overlay-opacity":"","overlay-gradient":""},"mobile":{"background-color":"","background-image":"","background-repeat":"repeat","background-position":"center center","background-size":"auto","background-attachment":"scroll","background-type":"","background-media":"","overlay-type":"","overlay-color":"","overlay-opacity":"","overlay-gradient":""}},"ast-content-background-meta":{"desktop":{"background-color":"var(--ast-global-color-5)","background-image":"","background-repeat":"repeat","background-position":"center center","background-size":"auto","background-attachment":"scroll","background-type":"","background-media":"","overlay-type":"","overlay-color":"","overlay-opacity":"","overlay-gradient":""},"tablet":{"background-color":"var(--ast-global-color-5)","background-image":"","background-repeat":"repeat","background-position":"center center","background-size":"auto","background-attachment":"scroll","background-type":"","background-media":"","overlay-type":"","overlay-color":"","overlay-opacity":"","overlay-gradient":""},"mobile":{"background-color":"var(--ast-global-color-5)","background-image":"","background-repeat":"repeat","background-position":"center center","background-size":"auto","background-attachment":"scroll","background-type":"","background-media":"","overlay-type":"","overlay-color":"","overlay-opacity":"","overlay-gradient":""}},"footnotes":""},"categories":[73,74,75,1,2,4],"tags":[80],"class_list":["post-838","post","type-post","status-publish","format-standard","has-post-thumbnail","hentry","category-cicle-inicial","category-cicle-mitja","category-cicle-superior","category-general","category-infantil","category-portada","tag-sant-jordi"],"post_mailing_queue_ids":[],"_links":{"self":[{"href":"https:\/\/agora.xtec.cat\/ceip-cristofor-mestre\/wp-json\/wp\/v2\/posts\/838","targetHints":{"allow":["GET"]}}],"collection":[{"href":"https:\/\/agora.xtec.cat\/ceip-cristofor-mestre\/wp-json\/wp\/v2\/posts"}],"about":[{"href":"https:\/\/agora.xtec.cat\/ceip-cristofor-mestre\/wp-json\/wp\/v2\/types\/post"}],"author":[{"embeddable":true,"href":"https:\/\/agora.xtec.cat\/ceip-cristofor-mestre\/wp-json\/wp\/v2\/users\/1"}],"replies":[{"embeddable":true,"href":"https:\/\/agora.xtec.cat\/ceip-cristofor-mestre\/wp-json\/wp\/v2\/comments?post=838"}],"version-history":[{"count":3,"href":"https:\/\/agora.xtec.cat\/ceip-cristofor-mestre\/wp-json\/wp\/v2\/posts\/838\/revisions"}],"predecessor-version":[{"id":932,"href":"https:\/\/agora.xtec.cat\/ceip-cristofor-mestre\/wp-json\/wp\/v2\/posts\/838\/revisions\/932"}],"wp:featuredmedia":[{"embeddable":true,"href":"https:\/\/agora.xtec.cat\/ceip-cristofor-mestre\/wp-json\/wp\/v2\/media\/841"}],"wp:attachment":[{"href":"https:\/\/agora.xtec.cat\/ceip-cristofor-mestre\/wp-json\/wp\/v2\/media?parent=838"}],"wp:term":[{"taxonomy":"category","embeddable":true,"href":"https:\/\/agora.xtec.cat\/ceip-cristofor-mestre\/wp-json\/wp\/v2\/categories?post=838"},{"taxonomy":"post_tag","embeddable":true,"href":"https:\/\/agora.xtec.cat\/ceip-cristofor-mestre\/wp-json\/wp\/v2\/tags?post=838"}],"curies":[{"name":"wp","href":"https:\/\/api.w.org\/{rel}","templated":true}]}}