{"id":834,"date":"2017-04-21T21:30:30","date_gmt":"2017-04-21T19:30:30","guid":{"rendered":"http:\/\/agora.xtec.cat\/ceip-cristofor-mestre\/?p=834"},"modified":"2017-06-09T06:47:07","modified_gmt":"2017-06-09T04:47:07","slug":"sant-jordi","status":"publish","type":"post","link":"https:\/\/agora.xtec.cat\/ceip-cristofor-mestre\/general\/sant-jordi\/","title":{"rendered":"Sant Jordi"},"content":{"rendered":"<p style=\"text-align: center;\">Avui a l&#8217;escola hem celebrat Sant Jordi<\/p>\n<p style=\"text-align: left;\">Pel mat\u00ed han vingut pares i altres col\u00b7laboradors a explicar-nos contes, hist\u00f2ries, fets, .. \u00a0i per la tarda hem pogut gaudir de la representaci\u00f3 de la llegenda de Sant Jordi que ens han fet els nens i nenes de primer, amb la participaci\u00f3 dels nens i nenes de segon que han fet de narradors i alguns infants de cinqu\u00e8 que han fet de drac.<\/p>\n<p>En acabar l&#8217;escola, \u00a0l&#8217;Ampa, ens tenia preparades les paradetes de llibres d&#8217;ntercanvi.<\/p>\n<p style=\"text-align: center;\">Ens ho hem passat molt b\u00e9.<\/p>\n<p style=\"text-align: center;\">I per veure la nostra revista de Sant Jordi nom\u00e9s heu de cliclar a la imatge. Segur que us agradar\u00e0!<a href=\"http:\/\/www.youblisher.com\/p\/1816375-REVISTA-SANT-JORDI-2017\/\"><img loading=\"lazy\" decoding=\"async\" class=\"wp-image-835 aligncenter\" src=\"http:\/\/agora.xtec.cat\/ceip-cristofor-mestre\/wp-content\/uploads\/usu89\/2017\/04\/sant-jordi.jpg\" alt=\"sant jordi\" width=\"147\" height=\"208\" srcset=\"https:\/\/agora.xtec.cat\/ceip-cristofor-mestre\/wp-content\/uploads\/usu89\/2017\/04\/sant-jordi.jpg 533w, https:\/\/agora.xtec.cat\/ceip-cristofor-mestre\/wp-content\/uploads\/usu89\/2017\/04\/sant-jordi-212x300.jpg 212w\" sizes=\"auto, (max-width: 147px) 100vw, 147px\" \/><\/a><\/p>\n","protected":false},"excerpt":{"rendered":"<p>Avui a l&#8217;escola hem celebrat Sant Jordi Pel mat\u00ed han vingut pares i altres col\u00b7laboradors a explicar-nos contes, hist\u00f2ries, fets, .. \u00a0i per la tarda hem pogut gaudir de la representaci\u00f3 de la llegenda de Sant Jordi que ens han fet els nens i nenes de primer, amb la participaci\u00f3 dels nens i nenes de [&hellip;]<\/p>\n","protected":false},"author":1,"featured_media":835,"comment_status":"closed","ping_status":"closed","sticky":false,"template":"","format":"standard","meta":{"_bbp_topic_count":0,"_bbp_reply_count":0,"_bbp_total_topic_count":0,"_bbp_total_reply_count":0,"_bbp_voice_count":0,"_bbp_anonymous_reply_count":0,"_bbp_topic_count_hidden":0,"_bbp_reply_count_hidden":0,"_bbp_forum_subforum_count":0,"site-sidebar-layout":"default","site-content-layout":"","ast-site-content-layout":"","site-content-style":"default","site-sidebar-style":"default","ast-global-header-display":"","ast-banner-title-visibility":"","ast-main-header-display":"","ast-hfb-above-header-display":"","ast-hfb-below-header-display":"","ast-hfb-mobile-header-display":"","site-post-title":"","ast-breadcrumbs-content":"","ast-featured-img":"","footer-sml-layout":"","theme-transparent-header-meta":"","adv-header-id-meta":"","stick-header-meta":"","header-above-stick-meta":"","header-main-stick-meta":"","header-below-stick-meta":"","astra-migrate-meta-layouts":"default","ast-page-background-enabled":"default","ast-page-background-meta":{"desktop":{"background-color":"var(--ast-global-color-4)","background-image":"","background-repeat":"repeat","background-position":"center center","background-size":"auto","background-attachment":"scroll","background-type":"","background-media":"","overlay-type":"","overlay-color":"","overlay-opacity":"","overlay-gradient":""},"tablet":{"background-color":"","background-image":"","background-repeat":"repeat","background-position":"center center","background-size":"auto","background-attachment":"scroll","background-type":"","background-media":"","overlay-type":"","overlay-color":"","overlay-opacity":"","overlay-gradient":""},"mobile":{"background-color":"","background-image":"","background-repeat":"repeat","background-position":"center center","background-size":"auto","background-attachment":"scroll","background-type":"","background-media":"","overlay-type":"","overlay-color":"","overlay-opacity":"","overlay-gradient":""}},"ast-content-background-meta":{"desktop":{"background-color":"var(--ast-global-color-5)","background-image":"","background-repeat":"repeat","background-position":"center center","background-size":"auto","background-attachment":"scroll","background-type":"","background-media":"","overlay-type":"","overlay-color":"","overlay-opacity":"","overlay-gradient":""},"tablet":{"background-color":"var(--ast-global-color-5)","background-image":"","background-repeat":"repeat","background-position":"center center","background-size":"auto","background-attachment":"scroll","background-type":"","background-media":"","overlay-type":"","overlay-color":"","overlay-opacity":"","overlay-gradient":""},"mobile":{"background-color":"var(--ast-global-color-5)","background-image":"","background-repeat":"repeat","background-position":"center center","background-size":"auto","background-attachment":"scroll","background-type":"","background-media":"","overlay-type":"","overlay-color":"","overlay-opacity":"","overlay-gradient":""}},"footnotes":""},"categories":[73,74,75,1,2,4,5],"tags":[],"class_list":["post-834","post","type-post","status-publish","format-standard","has-post-thumbnail","hentry","category-cicle-inicial","category-cicle-mitja","category-cicle-superior","category-general","category-infantil","category-portada","category-primaria"],"post_mailing_queue_ids":[],"_links":{"self":[{"href":"https:\/\/agora.xtec.cat\/ceip-cristofor-mestre\/wp-json\/wp\/v2\/posts\/834","targetHints":{"allow":["GET"]}}],"collection":[{"href":"https:\/\/agora.xtec.cat\/ceip-cristofor-mestre\/wp-json\/wp\/v2\/posts"}],"about":[{"href":"https:\/\/agora.xtec.cat\/ceip-cristofor-mestre\/wp-json\/wp\/v2\/types\/post"}],"author":[{"embeddable":true,"href":"https:\/\/agora.xtec.cat\/ceip-cristofor-mestre\/wp-json\/wp\/v2\/users\/1"}],"replies":[{"embeddable":true,"href":"https:\/\/agora.xtec.cat\/ceip-cristofor-mestre\/wp-json\/wp\/v2\/comments?post=834"}],"version-history":[{"count":2,"href":"https:\/\/agora.xtec.cat\/ceip-cristofor-mestre\/wp-json\/wp\/v2\/posts\/834\/revisions"}],"predecessor-version":[{"id":837,"href":"https:\/\/agora.xtec.cat\/ceip-cristofor-mestre\/wp-json\/wp\/v2\/posts\/834\/revisions\/837"}],"wp:featuredmedia":[{"embeddable":true,"href":"https:\/\/agora.xtec.cat\/ceip-cristofor-mestre\/wp-json\/wp\/v2\/media\/835"}],"wp:attachment":[{"href":"https:\/\/agora.xtec.cat\/ceip-cristofor-mestre\/wp-json\/wp\/v2\/media?parent=834"}],"wp:term":[{"taxonomy":"category","embeddable":true,"href":"https:\/\/agora.xtec.cat\/ceip-cristofor-mestre\/wp-json\/wp\/v2\/categories?post=834"},{"taxonomy":"post_tag","embeddable":true,"href":"https:\/\/agora.xtec.cat\/ceip-cristofor-mestre\/wp-json\/wp\/v2\/tags?post=834"}],"curies":[{"name":"wp","href":"https:\/\/api.w.org\/{rel}","templated":true}]}}