{"id":7487,"date":"2024-04-07T22:48:29","date_gmt":"2024-04-07T20:48:29","guid":{"rendered":"https:\/\/agora.xtec.cat\/ceip-cristofor-mestre\/?p=7487"},"modified":"2024-04-10T23:00:56","modified_gmt":"2024-04-10T21:00:56","slug":"nou-format-dels-premis-sambori","status":"publish","type":"post","link":"https:\/\/agora.xtec.cat\/ceip-cristofor-mestre\/portada\/nou-format-dels-premis-sambori\/","title":{"rendered":"6\u00e8 &#8211; NOU FORMAT DELS Premis SAMBORI"},"content":{"rendered":"<p>Aquest any, el premi SAMBORI s&#8217;ha convertit en un concurs art\u00edstic destinat a alumnes de 6 a 20 anys que busca fomentar la participaci\u00f3 en la creaci\u00f3 col\u00b7lectiva en catal\u00e0. Els participants han de mostrar originalitat, comprom\u00eds social i un fort vincle cultural a trav\u00e9s de les seves creacions. Aquest busca mostrar el talent art\u00edstic dels estudiants i enfortir els lligams amb la cultura i la comunitat.<\/p>\n<p>Des de fa molt anys l&#8217;escola Crist\u00f2for Mestre ha participat al premi Sambori, presentant produccions liter\u00e0ries que han estat reconegudes amb premis (a 3r, 4t, 5\u00e8 i 6\u00e8 de primaria). I aquest any, amb el canvi de format, no podia ser d&#8217;una altra manera.<\/p>\n<p>Les darreres setmanes (i una primera part durant els darrers dies del primer trimestre) els i les alumnes de 6\u00e8 han estat treballant en la creaci\u00f3 d&#8217;un documental sobre\u00a0<em><strong>Els Pastorets Somiatruites.<\/strong><\/em><\/p>\n<p>Ben aviat, penjarem els petits documentals que han creat els alumnes en petits grups. De moment, us deixem el muntatge definitiu amb clips dels diferents documentals.<\/p>\n<h2 style=\"text-align: center;\"><a href=\"https:\/\/drive.google.com\/file\/d\/1ba5o0fgCzAkLL47co4JIGnc3j4sBc-ky\/view?usp=sharing\" target=\"_blank\" rel=\"noopener\"><strong>DOCUMENTAL &#8220;ELS PASTORETS SOMIATRUITES&#8221;<\/strong><\/a><\/h2>\n<p>&nbsp;<\/p>\n","protected":false},"excerpt":{"rendered":"<p>Aquest any, el premi SAMBORI s&#8217;ha convertit en un concurs art\u00edstic destinat a alumnes de 6 a 20 anys que busca fomentar la participaci\u00f3 en la creaci\u00f3 col\u00b7lectiva en catal\u00e0. Els participants han de mostrar originalitat, comprom\u00eds social i un fort vincle cultural a trav\u00e9s de les seves creacions. Aquest busca mostrar el talent art\u00edstic [&hellip;]<\/p>\n","protected":false},"author":1,"featured_media":7488,"comment_status":"open","ping_status":"closed","sticky":false,"template":"","format":"standard","meta":{"_bbp_topic_count":0,"_bbp_reply_count":0,"_bbp_total_topic_count":0,"_bbp_total_reply_count":0,"_bbp_voice_count":0,"_bbp_anonymous_reply_count":0,"_bbp_topic_count_hidden":0,"_bbp_reply_count_hidden":0,"_bbp_forum_subforum_count":0,"site-sidebar-layout":"default","site-content-layout":"","ast-site-content-layout":"","site-content-style":"default","site-sidebar-style":"default","ast-global-header-display":"","ast-banner-title-visibility":"","ast-main-header-display":"","ast-hfb-above-header-display":"","ast-hfb-below-header-display":"","ast-hfb-mobile-header-display":"","site-post-title":"","ast-breadcrumbs-content":"","ast-featured-img":"","footer-sml-layout":"","theme-transparent-header-meta":"","adv-header-id-meta":"","stick-header-meta":"","header-above-stick-meta":"","header-main-stick-meta":"","header-below-stick-meta":"","astra-migrate-meta-layouts":"default","ast-page-background-enabled":"default","ast-page-background-meta":{"desktop":{"background-color":"var(--ast-global-color-4)","background-image":"","background-repeat":"repeat","background-position":"center center","background-size":"auto","background-attachment":"scroll","background-type":"","background-media":"","overlay-type":"","overlay-color":"","overlay-opacity":"","overlay-gradient":""},"tablet":{"background-color":"","background-image":"","background-repeat":"repeat","background-position":"center center","background-size":"auto","background-attachment":"scroll","background-type":"","background-media":"","overlay-type":"","overlay-color":"","overlay-opacity":"","overlay-gradient":""},"mobile":{"background-color":"","background-image":"","background-repeat":"repeat","background-position":"center center","background-size":"auto","background-attachment":"scroll","background-type":"","background-media":"","overlay-type":"","overlay-color":"","overlay-opacity":"","overlay-gradient":""}},"ast-content-background-meta":{"desktop":{"background-color":"var(--ast-global-color-5)","background-image":"","background-repeat":"repeat","background-position":"center center","background-size":"auto","background-attachment":"scroll","background-type":"","background-media":"","overlay-type":"","overlay-color":"","overlay-opacity":"","overlay-gradient":""},"tablet":{"background-color":"var(--ast-global-color-5)","background-image":"","background-repeat":"repeat","background-position":"center center","background-size":"auto","background-attachment":"scroll","background-type":"","background-media":"","overlay-type":"","overlay-color":"","overlay-opacity":"","overlay-gradient":""},"mobile":{"background-color":"var(--ast-global-color-5)","background-image":"","background-repeat":"repeat","background-position":"center center","background-size":"auto","background-attachment":"scroll","background-type":"","background-media":"","overlay-type":"","overlay-color":"","overlay-opacity":"","overlay-gradient":""}},"footnotes":""},"categories":[75,4],"tags":[],"class_list":["post-7487","post","type-post","status-publish","format-standard","has-post-thumbnail","hentry","category-cicle-superior","category-portada"],"post_mailing_queue_ids":[],"_links":{"self":[{"href":"https:\/\/agora.xtec.cat\/ceip-cristofor-mestre\/wp-json\/wp\/v2\/posts\/7487","targetHints":{"allow":["GET"]}}],"collection":[{"href":"https:\/\/agora.xtec.cat\/ceip-cristofor-mestre\/wp-json\/wp\/v2\/posts"}],"about":[{"href":"https:\/\/agora.xtec.cat\/ceip-cristofor-mestre\/wp-json\/wp\/v2\/types\/post"}],"author":[{"embeddable":true,"href":"https:\/\/agora.xtec.cat\/ceip-cristofor-mestre\/wp-json\/wp\/v2\/users\/1"}],"replies":[{"embeddable":true,"href":"https:\/\/agora.xtec.cat\/ceip-cristofor-mestre\/wp-json\/wp\/v2\/comments?post=7487"}],"version-history":[{"count":5,"href":"https:\/\/agora.xtec.cat\/ceip-cristofor-mestre\/wp-json\/wp\/v2\/posts\/7487\/revisions"}],"predecessor-version":[{"id":7509,"href":"https:\/\/agora.xtec.cat\/ceip-cristofor-mestre\/wp-json\/wp\/v2\/posts\/7487\/revisions\/7509"}],"wp:featuredmedia":[{"embeddable":true,"href":"https:\/\/agora.xtec.cat\/ceip-cristofor-mestre\/wp-json\/wp\/v2\/media\/7488"}],"wp:attachment":[{"href":"https:\/\/agora.xtec.cat\/ceip-cristofor-mestre\/wp-json\/wp\/v2\/media?parent=7487"}],"wp:term":[{"taxonomy":"category","embeddable":true,"href":"https:\/\/agora.xtec.cat\/ceip-cristofor-mestre\/wp-json\/wp\/v2\/categories?post=7487"},{"taxonomy":"post_tag","embeddable":true,"href":"https:\/\/agora.xtec.cat\/ceip-cristofor-mestre\/wp-json\/wp\/v2\/tags?post=7487"}],"curies":[{"name":"wp","href":"https:\/\/api.w.org\/{rel}","templated":true}]}}