{"id":7445,"date":"2024-03-12T19:38:35","date_gmt":"2024-03-12T18:38:35","guid":{"rendered":"https:\/\/agora.xtec.cat\/ceip-cristofor-mestre\/?p=7445"},"modified":"2024-10-11T20:23:23","modified_gmt":"2024-10-11T18:23:23","slug":"preinscripcions-2024-2025","status":"publish","type":"post","link":"https:\/\/agora.xtec.cat\/ceip-cristofor-mestre\/infantil\/preinscripcions-2024-2025\/","title":{"rendered":"LLISTES ALUMNAT ADM\u00c8S"},"content":{"rendered":"<p><strong>PROC\u00c9S DE PREINSCRIPCI\u00d3<\/strong><\/p>\n<ul>\n<li><a href=\"https:\/\/drive.google.com\/file\/d\/1ks5VuSoo34mtspH3MoB8o1Uq_s2WRPQU\/view?usp=sharing\">Publicaci\u00f3 de les llistes de l&#8217;<strong>alumnat adm\u00e8s<\/strong><\/a><strong>.<\/strong><\/li>\n<li><a href=\"https:\/\/drive.google.com\/file\/d\/1nur5H3gmv8a2za1jJhx2xB29CeSet4-O\/view?usp=sharing\">Llista d&#8217;espera.<\/a><\/li>\n<li><a href=\"https:\/\/drive.google.com\/file\/d\/1637X460MAF3vqpU5REK6nP43q839IXWV\/view?usp=sharing\">Publicaci\u00f3 alumnes preinscrits.<\/a><\/li>\n<li><a href=\"https:\/\/drive.google.com\/file\/d\/180L6zLA4nAYnE7-6TurUzFhRSFI1Ho2w\/view?usp=sharing\">Publicaci\u00f3 oferta definitiva.<\/a><\/li>\n<\/ul>\n<p><strong>Matr\u00edcula<\/strong><\/p>\n<ul>\n<li>Per\u00edode de matricula\u00a0per als alumnes preinscrits amb pla\u00e7a assignada al 2n cicle Educaci\u00f3 Infantil, Prim\u00e0ria i ESO:<strong>\u00a0del 18\u00a0al 26\u00a0de juny de 2024, ambd\u00f3s inclosos.<\/strong><\/li>\n<li>Publicaci\u00f3 de la llista d&#8217;alumnes matriculats al centre procedents del proc\u00e9s de preinscripci\u00f3 i admissi\u00f3: 30 de setembre<\/li>\n<\/ul>\n<p>Podeu consultar les dates a l&#8217;espai web de l&#8217;<a href=\"https:\/\/educacio.vilafranca.cat\/oficina-municipal-descolaritzacio\/escolaritzacio\" target=\"_blank\" rel=\"noopener\"><strong>Oficina Municipal d&#8217;Escolaritzaci\u00f3<\/strong><\/a> (OME) i del <strong><a href=\"https:\/\/preinscripcio.gencat.cat\/ca\/detalls\/noticia\/dates-preinscripcio-2024-2025\" target=\"_blank\" rel=\"noopener\">departament d&#8217;Educaci\u00f3.<\/a><\/strong><\/p>\n","protected":false},"excerpt":{"rendered":"<p>PROC\u00c9S DE PREINSCRIPCI\u00d3 Publicaci\u00f3 de les llistes de l&#8217;alumnat adm\u00e8s. Llista d&#8217;espera. Publicaci\u00f3 alumnes preinscrits. Publicaci\u00f3 oferta definitiva. Matr\u00edcula Per\u00edode de matricula\u00a0per als alumnes preinscrits amb pla\u00e7a assignada al 2n cicle Educaci\u00f3 Infantil, Prim\u00e0ria i ESO:\u00a0del 18\u00a0al 26\u00a0de juny de 2024, ambd\u00f3s inclosos. Publicaci\u00f3 de la llista d&#8217;alumnes matriculats al centre procedents del proc\u00e9s de [&hellip;]<\/p>\n","protected":false},"author":1,"featured_media":7449,"comment_status":"closed","ping_status":"closed","sticky":false,"template":"","format":"standard","meta":{"_bbp_topic_count":0,"_bbp_reply_count":0,"_bbp_total_topic_count":0,"_bbp_total_reply_count":0,"_bbp_voice_count":0,"_bbp_anonymous_reply_count":0,"_bbp_topic_count_hidden":0,"_bbp_reply_count_hidden":0,"_bbp_forum_subforum_count":0,"site-sidebar-layout":"default","site-content-layout":"","ast-site-content-layout":"","site-content-style":"default","site-sidebar-style":"default","ast-global-header-display":"","ast-banner-title-visibility":"","ast-main-header-display":"","ast-hfb-above-header-display":"","ast-hfb-below-header-display":"","ast-hfb-mobile-header-display":"","site-post-title":"","ast-breadcrumbs-content":"","ast-featured-img":"","footer-sml-layout":"","theme-transparent-header-meta":"","adv-header-id-meta":"","stick-header-meta":"","header-above-stick-meta":"","header-main-stick-meta":"","header-below-stick-meta":"","astra-migrate-meta-layouts":"default","ast-page-background-enabled":"default","ast-page-background-meta":{"desktop":{"background-color":"var(--ast-global-color-4)","background-image":"","background-repeat":"repeat","background-position":"center center","background-size":"auto","background-attachment":"scroll","background-type":"","background-media":"","overlay-type":"","overlay-color":"","overlay-opacity":"","overlay-gradient":""},"tablet":{"background-color":"","background-image":"","background-repeat":"repeat","background-position":"center center","background-size":"auto","background-attachment":"scroll","background-type":"","background-media":"","overlay-type":"","overlay-color":"","overlay-opacity":"","overlay-gradient":""},"mobile":{"background-color":"","background-image":"","background-repeat":"repeat","background-position":"center center","background-size":"auto","background-attachment":"scroll","background-type":"","background-media":"","overlay-type":"","overlay-color":"","overlay-opacity":"","overlay-gradient":""}},"ast-content-background-meta":{"desktop":{"background-color":"var(--ast-global-color-5)","background-image":"","background-repeat":"repeat","background-position":"center center","background-size":"auto","background-attachment":"scroll","background-type":"","background-media":"","overlay-type":"","overlay-color":"","overlay-opacity":"","overlay-gradient":""},"tablet":{"background-color":"var(--ast-global-color-5)","background-image":"","background-repeat":"repeat","background-position":"center center","background-size":"auto","background-attachment":"scroll","background-type":"","background-media":"","overlay-type":"","overlay-color":"","overlay-opacity":"","overlay-gradient":""},"mobile":{"background-color":"var(--ast-global-color-5)","background-image":"","background-repeat":"repeat","background-position":"center center","background-size":"auto","background-attachment":"scroll","background-type":"","background-media":"","overlay-type":"","overlay-color":"","overlay-opacity":"","overlay-gradient":""}},"footnotes":""},"categories":[2,4,5],"tags":[],"class_list":["post-7445","post","type-post","status-publish","format-standard","has-post-thumbnail","hentry","category-infantil","category-portada","category-primaria"],"post_mailing_queue_ids":[],"_links":{"self":[{"href":"https:\/\/agora.xtec.cat\/ceip-cristofor-mestre\/wp-json\/wp\/v2\/posts\/7445","targetHints":{"allow":["GET"]}}],"collection":[{"href":"https:\/\/agora.xtec.cat\/ceip-cristofor-mestre\/wp-json\/wp\/v2\/posts"}],"about":[{"href":"https:\/\/agora.xtec.cat\/ceip-cristofor-mestre\/wp-json\/wp\/v2\/types\/post"}],"author":[{"embeddable":true,"href":"https:\/\/agora.xtec.cat\/ceip-cristofor-mestre\/wp-json\/wp\/v2\/users\/1"}],"replies":[{"embeddable":true,"href":"https:\/\/agora.xtec.cat\/ceip-cristofor-mestre\/wp-json\/wp\/v2\/comments?post=7445"}],"version-history":[{"count":6,"href":"https:\/\/agora.xtec.cat\/ceip-cristofor-mestre\/wp-json\/wp\/v2\/posts\/7445\/revisions"}],"predecessor-version":[{"id":7656,"href":"https:\/\/agora.xtec.cat\/ceip-cristofor-mestre\/wp-json\/wp\/v2\/posts\/7445\/revisions\/7656"}],"wp:featuredmedia":[{"embeddable":true,"href":"https:\/\/agora.xtec.cat\/ceip-cristofor-mestre\/wp-json\/wp\/v2\/media\/7449"}],"wp:attachment":[{"href":"https:\/\/agora.xtec.cat\/ceip-cristofor-mestre\/wp-json\/wp\/v2\/media?parent=7445"}],"wp:term":[{"taxonomy":"category","embeddable":true,"href":"https:\/\/agora.xtec.cat\/ceip-cristofor-mestre\/wp-json\/wp\/v2\/categories?post=7445"},{"taxonomy":"post_tag","embeddable":true,"href":"https:\/\/agora.xtec.cat\/ceip-cristofor-mestre\/wp-json\/wp\/v2\/tags?post=7445"}],"curies":[{"name":"wp","href":"https:\/\/api.w.org\/{rel}","templated":true}]}}