{"id":7335,"date":"2024-02-01T13:14:23","date_gmt":"2024-02-01T12:14:23","guid":{"rendered":"https:\/\/agora.xtec.cat\/ceip-cristofor-mestre\/?p=7335"},"modified":"2024-03-12T19:35:29","modified_gmt":"2024-03-12T18:35:29","slug":"portes-obertes-2024-25","status":"publish","type":"post","link":"https:\/\/agora.xtec.cat\/ceip-cristofor-mestre\/general\/portes-obertes-2024-25\/","title":{"rendered":"PORTES OBERTES 2024\/25"},"content":{"rendered":"<p>Us fem saber que ja hi ha disponible informaci\u00f3 sobre les <strong>jornades de portes obertes i preincripcions 2024-2025. <\/strong>A continuaci\u00f3 us adjuntem les dates dels diferents centres extretes del web de l&#8217;<a href=\"https:\/\/educacio.vilafranca.cat\/oficina-municipal-descolaritzacio\/escolaritzacio\/portes-obertes\"><strong>OME<\/strong><\/a> l&#8217;ajuntament de Vilafranca.<\/p>\n<h5><strong>AQU\u00cd HI TROBAREU:<\/strong><\/h5>\n<p><strong>1- PORTES OBERTES ESCOLES P\u00daBLIQUES.<\/strong><\/p>\n<p><strong>2- REUNI\u00d3 PER FAM\u00cdLIES DE 6\u00e8 A L&#8217;ESCOLA.<\/strong><\/p>\n<p><strong>3- XERRADA CONJUNTA INSTITUTS (novetat!). <a href=\"https:\/\/www.youtube.com\/watch?v=jtddAbfSsO8\">VEURE EN STREAMING (<\/a><\/strong><a href=\"https:\/\/www.youtube.com\/watch?v=jtddAbfSsO8\"><em>15\/02\/23 &#8211; 18.30h<\/em><\/a><strong><a href=\"https:\/\/www.youtube.com\/watch?v=jtddAbfSsO8\">)<\/a><\/strong><\/p>\n<p><strong>4- PORTES OBERTES INSTITUTS P\u00daBLICS.<\/strong><\/p>\n<p><strong>5- DATES PREINSCRIPCI\u00d3<\/strong><\/p>\n<h3>1- Portes obertes de les escoles p\u00fabliques d&#8217;infantil i prim\u00e0ria:<\/h3>\n<p>&#8211; Dimecres 21 de febrer: escola <strong>Dolors Piera<\/strong><br \/>\n&#8211; <strong>DIJOUS 22 DE FEBRER<\/strong>: ESCOLA <strong>CRIST\u00d2FOR MESTRE<\/strong><br \/>\n&#8211; Dilluns 26 de febrer: escola\u00a0<strong>Estalella Graells<\/strong><br \/>\n&#8211; Dimarts 27 de febrer: escola\u00a0<strong>Josep Balt\u00e0 i Elias<\/strong><br \/>\n&#8211; Dimecres 28 de febrer: escola\u00a0<strong>Pau Boada<\/strong><br \/>\n&#8211; Dijous 29 de febrer: escola\u00a0<strong>Mas i Perera<\/strong><\/p>\n<h3><em><strong>2- NOVETAT!<\/strong> <\/em>Portes obertes dels instituts p\u00fablics d&#8217;educaci\u00f3 secund\u00e0ria i post-obligat\u00f2ria:<\/h3>\n<h5><img loading=\"lazy\" decoding=\"async\" class=\"aligncenter wp-image-7344 size-large\" src=\"https:\/\/agora.xtec.cat\/ceip-cristofor-mestre\/wp-content\/uploads\/usu89\/2024\/02\/FAMILIES-DE-6e-DE-LESCOLA-1024x724.png\" alt=\"\" width=\"1024\" height=\"724\" srcset=\"https:\/\/agora.xtec.cat\/ceip-cristofor-mestre\/wp-content\/uploads\/usu89\/2024\/02\/FAMILIES-DE-6e-DE-LESCOLA-1024x724.png 1024w, https:\/\/agora.xtec.cat\/ceip-cristofor-mestre\/wp-content\/uploads\/usu89\/2024\/02\/FAMILIES-DE-6e-DE-LESCOLA-300x212.png 300w, https:\/\/agora.xtec.cat\/ceip-cristofor-mestre\/wp-content\/uploads\/usu89\/2024\/02\/FAMILIES-DE-6e-DE-LESCOLA-768x543.png 768w, https:\/\/agora.xtec.cat\/ceip-cristofor-mestre\/wp-content\/uploads\/usu89\/2024\/02\/FAMILIES-DE-6e-DE-LESCOLA-1536x1086.png 1536w, https:\/\/agora.xtec.cat\/ceip-cristofor-mestre\/wp-content\/uploads\/usu89\/2024\/02\/FAMILIES-DE-6e-DE-LESCOLA.png 2000w\" sizes=\"auto, (max-width: 1024px) 100vw, 1024px\" \/><\/h5>\n<p>&nbsp;<\/p>\n<h3>3- XERRADA CONJUNTA INSTITUTS (novetat!).<\/h3>\n<p><strong>Jornada conjunta de presentaci\u00f3 de l\u2019ESO dels instituts de Vilafranca del Pened\u00e8s<\/strong>: dijous 15 de febrer a l\u2019auditori municipal Maria Rosa Juncosa a les 18.30 h.<\/p>\n<p>Posteriorment, cada institut oferir\u00e0 una jornada de portes obertes que es convertir\u00e0 en una visita a les instal\u00b7lacions del centre i servir\u00e0, tamb\u00e9, per mostrar els seus projectes m\u00e9s espec\u00edfics:<br \/>\n&#8211; Dimarts 27 de febrer, de 17 a 20 h:\u00a0<strong>institut Vilafranca 2<\/strong><br \/>\n&#8211; Divendres 1 de mar\u00e7, de 17 a 20 h:\u00a0<strong>institut Eugeni d\u2019Ors<\/strong><br \/>\n&#8211; Dissabte 2 de mar\u00e7, de 10 a 13.30 h:\u00a0<strong>institut Mil\u00e0 i Fontanals<\/strong><br \/>\n&#8211; Dilluns 4 de mar\u00e7, de 17 a 20 h:\u00a0<strong>institut Alt Pened\u00e8s<\/strong><br \/>\n&#8211; Dimarts 5 de mar\u00e7, de 16.30 a 19.30 h:\u00a0<strong>institut Nou de Vilafranca<\/strong><\/p>\n<p><strong>&#8212;&#8212;&#8212;&#8212;&#8212;&#8212;&#8212;&#8212;&#8212;&#8212;&#8212;&#8212;&#8212;&#8212;&#8212;&#8212;&#8212;&#8212;&#8212;&#8212;&#8212;&#8212;&#8212;&#8212;&#8212;&#8212;&#8212;&#8212;&#8212;&#8212;&#8212;<\/strong><\/p>\n<h3>4- PREINSCRIPCI\u00d3<\/h3>\n<p>D&#8217;altra banda, tamb\u00e9 cal recordar les dates per a la <strong>PREINSCRIPCI\u00d3 ALS CENTRES EDUCATIUS<\/strong> de Catalunya per al proper curs 2024-2025. Podeu consultar les dates a l&#8217;espai web de l&#8217;<a href=\"https:\/\/educacio.vilafranca.cat\/oficina-municipal-descolaritzacio\/escolaritzacio\"><strong>Oficina Municipal d&#8217;Escolaritzaci\u00f3<\/strong><\/a> (OME) i del <strong><a href=\"https:\/\/preinscripcio.gencat.cat\/ca\/detalls\/noticia\/dates-preinscripcio-2024-2025\">departament d&#8217;Educaci\u00f3.<\/a><\/strong><\/p>\n<p><img loading=\"lazy\" decoding=\"async\" class=\"aligncenter size-full wp-image-7336\" src=\"https:\/\/agora.xtec.cat\/ceip-cristofor-mestre\/wp-content\/uploads\/usu89\/2024\/02\/dates-preinc.png\" alt=\"\" width=\"874\" height=\"748\" srcset=\"https:\/\/agora.xtec.cat\/ceip-cristofor-mestre\/wp-content\/uploads\/usu89\/2024\/02\/dates-preinc.png 874w, https:\/\/agora.xtec.cat\/ceip-cristofor-mestre\/wp-content\/uploads\/usu89\/2024\/02\/dates-preinc-300x257.png 300w, https:\/\/agora.xtec.cat\/ceip-cristofor-mestre\/wp-content\/uploads\/usu89\/2024\/02\/dates-preinc-768x657.png 768w\" sizes=\"auto, (max-width: 874px) 100vw, 874px\" \/><\/p>\n","protected":false},"excerpt":{"rendered":"<p>Us fem saber que ja hi ha disponible informaci\u00f3 sobre les jornades de portes obertes i prematr\u00edcula 2024-2025. A continuaci\u00f3 us adjuntem les dates dels diferents centres extretes del web de l&#8217;OME l&#8217;ajuntament de Vilafranca.<\/p>\n","protected":false},"author":1,"featured_media":7341,"comment_status":"open","ping_status":"closed","sticky":false,"template":"","format":"standard","meta":{"_bbp_topic_count":0,"_bbp_reply_count":0,"_bbp_total_topic_count":0,"_bbp_total_reply_count":0,"_bbp_voice_count":0,"_bbp_anonymous_reply_count":0,"_bbp_topic_count_hidden":0,"_bbp_reply_count_hidden":0,"_bbp_forum_subforum_count":0,"site-sidebar-layout":"default","site-content-layout":"","ast-site-content-layout":"","site-content-style":"default","site-sidebar-style":"default","ast-global-header-display":"","ast-banner-title-visibility":"","ast-main-header-display":"","ast-hfb-above-header-display":"","ast-hfb-below-header-display":"","ast-hfb-mobile-header-display":"","site-post-title":"","ast-breadcrumbs-content":"","ast-featured-img":"","footer-sml-layout":"","theme-transparent-header-meta":"","adv-header-id-meta":"","stick-header-meta":"","header-above-stick-meta":"","header-main-stick-meta":"","header-below-stick-meta":"","astra-migrate-meta-layouts":"default","ast-page-background-enabled":"default","ast-page-background-meta":{"desktop":{"background-color":"var(--ast-global-color-4)","background-image":"","background-repeat":"repeat","background-position":"center center","background-size":"auto","background-attachment":"scroll","background-type":"","background-media":"","overlay-type":"","overlay-color":"","overlay-opacity":"","overlay-gradient":""},"tablet":{"background-color":"","background-image":"","background-repeat":"repeat","background-position":"center center","background-size":"auto","background-attachment":"scroll","background-type":"","background-media":"","overlay-type":"","overlay-color":"","overlay-opacity":"","overlay-gradient":""},"mobile":{"background-color":"","background-image":"","background-repeat":"repeat","background-position":"center center","background-size":"auto","background-attachment":"scroll","background-type":"","background-media":"","overlay-type":"","overlay-color":"","overlay-opacity":"","overlay-gradient":""}},"ast-content-background-meta":{"desktop":{"background-color":"var(--ast-global-color-5)","background-image":"","background-repeat":"repeat","background-position":"center center","background-size":"auto","background-attachment":"scroll","background-type":"","background-media":"","overlay-type":"","overlay-color":"","overlay-opacity":"","overlay-gradient":""},"tablet":{"background-color":"var(--ast-global-color-5)","background-image":"","background-repeat":"repeat","background-position":"center center","background-size":"auto","background-attachment":"scroll","background-type":"","background-media":"","overlay-type":"","overlay-color":"","overlay-opacity":"","overlay-gradient":""},"mobile":{"background-color":"var(--ast-global-color-5)","background-image":"","background-repeat":"repeat","background-position":"center center","background-size":"auto","background-attachment":"scroll","background-type":"","background-media":"","overlay-type":"","overlay-color":"","overlay-opacity":"","overlay-gradient":""}},"footnotes":""},"categories":[1,4],"tags":[],"class_list":["post-7335","post","type-post","status-publish","format-standard","has-post-thumbnail","hentry","category-general","category-portada"],"post_mailing_queue_ids":[],"_links":{"self":[{"href":"https:\/\/agora.xtec.cat\/ceip-cristofor-mestre\/wp-json\/wp\/v2\/posts\/7335","targetHints":{"allow":["GET"]}}],"collection":[{"href":"https:\/\/agora.xtec.cat\/ceip-cristofor-mestre\/wp-json\/wp\/v2\/posts"}],"about":[{"href":"https:\/\/agora.xtec.cat\/ceip-cristofor-mestre\/wp-json\/wp\/v2\/types\/post"}],"author":[{"embeddable":true,"href":"https:\/\/agora.xtec.cat\/ceip-cristofor-mestre\/wp-json\/wp\/v2\/users\/1"}],"replies":[{"embeddable":true,"href":"https:\/\/agora.xtec.cat\/ceip-cristofor-mestre\/wp-json\/wp\/v2\/comments?post=7335"}],"version-history":[{"count":7,"href":"https:\/\/agora.xtec.cat\/ceip-cristofor-mestre\/wp-json\/wp\/v2\/posts\/7335\/revisions"}],"predecessor-version":[{"id":7371,"href":"https:\/\/agora.xtec.cat\/ceip-cristofor-mestre\/wp-json\/wp\/v2\/posts\/7335\/revisions\/7371"}],"wp:featuredmedia":[{"embeddable":true,"href":"https:\/\/agora.xtec.cat\/ceip-cristofor-mestre\/wp-json\/wp\/v2\/media\/7341"}],"wp:attachment":[{"href":"https:\/\/agora.xtec.cat\/ceip-cristofor-mestre\/wp-json\/wp\/v2\/media?parent=7335"}],"wp:term":[{"taxonomy":"category","embeddable":true,"href":"https:\/\/agora.xtec.cat\/ceip-cristofor-mestre\/wp-json\/wp\/v2\/categories?post=7335"},{"taxonomy":"post_tag","embeddable":true,"href":"https:\/\/agora.xtec.cat\/ceip-cristofor-mestre\/wp-json\/wp\/v2\/tags?post=7335"}],"curies":[{"name":"wp","href":"https:\/\/api.w.org\/{rel}","templated":true}]}}