{"id":6728,"date":"2023-05-20T09:19:49","date_gmt":"2023-05-20T07:19:49","guid":{"rendered":"https:\/\/agora.xtec.cat\/ceip-cristofor-mestre\/?p=6728"},"modified":"2023-06-27T01:35:30","modified_gmt":"2023-06-26T23:35:30","slug":"exit-al-mercat-cueme","status":"publish","type":"post","link":"https:\/\/agora.xtec.cat\/ceip-cristofor-mestre\/portada\/exit-al-mercat-cueme\/","title":{"rendered":"\u00c8XIT AL MERCAT CuEmE"},"content":{"rendered":"<p style=\"text-align: left;\">Aquest divendres 19 de maig va esdevenir el Mercat de Cooperatives Escolars (CuEmE) a la rambla de Sant Francesc de Vilafranca. Era el dia m\u00e9s esperat des de feia mesos; on posaven sobre la taula totes les cartes.<\/p>\n<p>L&#8217;alumnat de 5\u00e8 del Crist\u00f2for Mestre junt amb altres grups d&#8217;escoles vilafranquines (Balt\u00e0 Elias, Estalella, Pau Boada, Vedruna, Sant Josep i Montagut) van ocupat practicament tota la llargada de la rambla amb carpes on van muntar les seves respectives parades amb els productes, expositors, cartells i plafons informatius creats per a ells mateixos.\u00a0Un cop tot ben muntat, va ser el moment de la venta dels productes que ha elaborat al llarg del curs.<\/p>\n<p>Moltes fam\u00edlies es van reunir a la rambla per participar d&#8217;aquest moment tan esperat per l&#8217;alumnat. Emoci\u00f3, nervis i diversi\u00f3 i aprenentatge dels processos de compra-venta, canvis de moneda i registre i recompte de productes i diners. Al final del marcat totes les cooperatives havien venut tots els productes que havien elaborat. Aquests moments es van viure amb un esclat d&#8217;euf\u00f2ria per part de les tres cooperatives de l&#8217;escola.<\/p>\n<p><a href=\"https:\/\/photos.app.goo.gl\/tkF6y2hd4WTJ7cP5A\" target=\"_blank\" rel=\"noopener\"><strong><img loading=\"lazy\" decoding=\"async\" class=\"wp-image-3370 alignleft\" src=\"https:\/\/agora.xtec.cat\/ceip-cristofor-mestre\/wp-content\/uploads\/usu89\/2020\/07\/1280px-Google_Photos_icon_2020.svg_-150x150.png\" alt=\"\" width=\"92\" height=\"92\" srcset=\"https:\/\/agora.xtec.cat\/ceip-cristofor-mestre\/wp-content\/uploads\/usu89\/2020\/07\/1280px-Google_Photos_icon_2020.svg_-150x150.png 150w, https:\/\/agora.xtec.cat\/ceip-cristofor-mestre\/wp-content\/uploads\/usu89\/2020\/07\/1280px-Google_Photos_icon_2020.svg_-300x300.png 300w, https:\/\/agora.xtec.cat\/ceip-cristofor-mestre\/wp-content\/uploads\/usu89\/2020\/07\/1280px-Google_Photos_icon_2020.svg_-768x768.png 768w, https:\/\/agora.xtec.cat\/ceip-cristofor-mestre\/wp-content\/uploads\/usu89\/2020\/07\/1280px-Google_Photos_icon_2020.svg_-1024x1024.png 1024w, https:\/\/agora.xtec.cat\/ceip-cristofor-mestre\/wp-content\/uploads\/usu89\/2020\/07\/1280px-Google_Photos_icon_2020.svg_.png 1280w\" sizes=\"auto, (max-width: 92px) 100vw, 92px\" \/><\/strong><\/a><\/p>\n<p><b>\u00a0<\/b><\/p>\n<p><strong>AQU\u00cd US DEIXEM ALGUNES FOTOS<br \/>\nDEL MERCAT DE COOPERATIVES.<\/strong><\/p>\n<p>&nbsp;<\/p>\n<p><strong>Tamb\u00e9 podeu veure la noticia publicada a PTV<\/strong> (<span style=\"color: #ff0000;\"><em>encara no s&#8217;ha publicat al web de Pened\u00e8s Televisi\u00f3<\/em><\/span>)<\/p>\n<p>Aquest projecte, recordem, consisteix en la creaci\u00f3 des de zero d&#8217;una cooperativa; nom, logotip, estatuts, gesti\u00f3 democr\u00e0tica, \u00f2rgan rector, capital inicial, productes o serveis, venta i, tancament de la cooperativa. Un cop finalitzat el proc\u00e9s de venta caldr\u00e0 fer n\u00fameros, retornar el capital inicial, valorar beneficis nets i fer entrega dels beneficis a una associaci\u00f3 o ONG acordada abans de dissoldre (tancar) definitivament la cooperativa escolar.<\/p>\n<p>Els cooperativistes va acordar en les seves assemblees destinar part dels beneficis a:<\/p>\n<ul>\n<li><a href=\"https:\/\/www.instagram.com\/labombolladelamartina\/\" target=\"_blank\" rel=\"noopener\"><strong>La Bombolla de la Martina<\/strong><\/a><\/li>\n<li><a href=\"https:\/\/www.sjdhospitalbarcelona.org\/ca\/collabora\/projectes\" target=\"_blank\" rel=\"noopener\"><strong>Hospital Sant Joan de D\u00e9u<\/strong><\/a><\/li>\n<li><a href=\"https:\/\/pallapupas.org\/ca\/\" target=\"_blank\" rel=\"noopener\"><strong>Pallapupas<\/strong><\/a><\/li>\n<\/ul>\n<p><a href=\"https:\/\/photos.app.goo.gl\/Jod6TwoTxR16cKbN7\" target=\"_blank\" rel=\"noopener\"><strong><img loading=\"lazy\" decoding=\"async\" class=\"alignleft wp-image-3370\" src=\"https:\/\/agora.xtec.cat\/ceip-cristofor-mestre\/wp-content\/uploads\/usu89\/2020\/07\/1280px-Google_Photos_icon_2020.svg_-150x150.png\" alt=\"\" width=\"92\" height=\"92\" srcset=\"https:\/\/agora.xtec.cat\/ceip-cristofor-mestre\/wp-content\/uploads\/usu89\/2020\/07\/1280px-Google_Photos_icon_2020.svg_-150x150.png 150w, https:\/\/agora.xtec.cat\/ceip-cristofor-mestre\/wp-content\/uploads\/usu89\/2020\/07\/1280px-Google_Photos_icon_2020.svg_-300x300.png 300w, https:\/\/agora.xtec.cat\/ceip-cristofor-mestre\/wp-content\/uploads\/usu89\/2020\/07\/1280px-Google_Photos_icon_2020.svg_-768x768.png 768w, https:\/\/agora.xtec.cat\/ceip-cristofor-mestre\/wp-content\/uploads\/usu89\/2020\/07\/1280px-Google_Photos_icon_2020.svg_-1024x1024.png 1024w, https:\/\/agora.xtec.cat\/ceip-cristofor-mestre\/wp-content\/uploads\/usu89\/2020\/07\/1280px-Google_Photos_icon_2020.svg_.png 1280w\" sizes=\"auto, (max-width: 92px) 100vw, 92px\" \/><\/strong><\/a><\/p>\n<p><b>\u00a0<\/b><\/p>\n<p><b>M\u00c9S FOTOS DE LES COOPERATIVES D&#8217;AQUEST CURS 22-23<\/b><\/p>\n<p>&nbsp;<\/p>\n","protected":false},"excerpt":{"rendered":"<p>Aquest divendres 19 de maig va esdevenir el Mercat de Cooperatives Escolars (CuEmE) a la rambla de Sant Francesc de Vilafranca. Era el dia m\u00e9s esperat des de feia mesos; on posaven sobre la taula totes les cartes. L&#8217;alumnat de 5\u00e8 del Crist\u00f2for Mestre junt amb altres grups d&#8217;escoles vilafranquines (Balt\u00e0 Elias, Estalella, Pau Boada, [&hellip;]<\/p>\n","protected":false},"author":1,"featured_media":0,"comment_status":"open","ping_status":"closed","sticky":false,"template":"","format":"standard","meta":{"_bbp_topic_count":0,"_bbp_reply_count":0,"_bbp_total_topic_count":0,"_bbp_total_reply_count":0,"_bbp_voice_count":0,"_bbp_anonymous_reply_count":0,"_bbp_topic_count_hidden":0,"_bbp_reply_count_hidden":0,"_bbp_forum_subforum_count":0,"site-sidebar-layout":"default","site-content-layout":"","ast-site-content-layout":"","site-content-style":"default","site-sidebar-style":"default","ast-global-header-display":"","ast-banner-title-visibility":"","ast-main-header-display":"","ast-hfb-above-header-display":"","ast-hfb-below-header-display":"","ast-hfb-mobile-header-display":"","site-post-title":"","ast-breadcrumbs-content":"","ast-featured-img":"","footer-sml-layout":"","theme-transparent-header-meta":"","adv-header-id-meta":"","stick-header-meta":"","header-above-stick-meta":"","header-main-stick-meta":"","header-below-stick-meta":"","astra-migrate-meta-layouts":"default","ast-page-background-enabled":"default","ast-page-background-meta":{"desktop":{"background-color":"var(--ast-global-color-4)","background-image":"","background-repeat":"repeat","background-position":"center center","background-size":"auto","background-attachment":"scroll","background-type":"","background-media":"","overlay-type":"","overlay-color":"","overlay-opacity":"","overlay-gradient":""},"tablet":{"background-color":"","background-image":"","background-repeat":"repeat","background-position":"center center","background-size":"auto","background-attachment":"scroll","background-type":"","background-media":"","overlay-type":"","overlay-color":"","overlay-opacity":"","overlay-gradient":""},"mobile":{"background-color":"","background-image":"","background-repeat":"repeat","background-position":"center center","background-size":"auto","background-attachment":"scroll","background-type":"","background-media":"","overlay-type":"","overlay-color":"","overlay-opacity":"","overlay-gradient":""}},"ast-content-background-meta":{"desktop":{"background-color":"var(--ast-global-color-5)","background-image":"","background-repeat":"repeat","background-position":"center center","background-size":"auto","background-attachment":"scroll","background-type":"","background-media":"","overlay-type":"","overlay-color":"","overlay-opacity":"","overlay-gradient":""},"tablet":{"background-color":"var(--ast-global-color-5)","background-image":"","background-repeat":"repeat","background-position":"center center","background-size":"auto","background-attachment":"scroll","background-type":"","background-media":"","overlay-type":"","overlay-color":"","overlay-opacity":"","overlay-gradient":""},"mobile":{"background-color":"var(--ast-global-color-5)","background-image":"","background-repeat":"repeat","background-position":"center center","background-size":"auto","background-attachment":"scroll","background-type":"","background-media":"","overlay-type":"","overlay-color":"","overlay-opacity":"","overlay-gradient":""}},"footnotes":""},"categories":[75,4],"tags":[198,226],"class_list":["post-6728","post","type-post","status-publish","format-standard","hentry","category-cicle-superior","category-portada","tag-cinque","tag-cueme"],"post_mailing_queue_ids":[],"_links":{"self":[{"href":"https:\/\/agora.xtec.cat\/ceip-cristofor-mestre\/wp-json\/wp\/v2\/posts\/6728","targetHints":{"allow":["GET"]}}],"collection":[{"href":"https:\/\/agora.xtec.cat\/ceip-cristofor-mestre\/wp-json\/wp\/v2\/posts"}],"about":[{"href":"https:\/\/agora.xtec.cat\/ceip-cristofor-mestre\/wp-json\/wp\/v2\/types\/post"}],"author":[{"embeddable":true,"href":"https:\/\/agora.xtec.cat\/ceip-cristofor-mestre\/wp-json\/wp\/v2\/users\/1"}],"replies":[{"embeddable":true,"href":"https:\/\/agora.xtec.cat\/ceip-cristofor-mestre\/wp-json\/wp\/v2\/comments?post=6728"}],"version-history":[{"count":4,"href":"https:\/\/agora.xtec.cat\/ceip-cristofor-mestre\/wp-json\/wp\/v2\/posts\/6728\/revisions"}],"predecessor-version":[{"id":6743,"href":"https:\/\/agora.xtec.cat\/ceip-cristofor-mestre\/wp-json\/wp\/v2\/posts\/6728\/revisions\/6743"}],"wp:attachment":[{"href":"https:\/\/agora.xtec.cat\/ceip-cristofor-mestre\/wp-json\/wp\/v2\/media?parent=6728"}],"wp:term":[{"taxonomy":"category","embeddable":true,"href":"https:\/\/agora.xtec.cat\/ceip-cristofor-mestre\/wp-json\/wp\/v2\/categories?post=6728"},{"taxonomy":"post_tag","embeddable":true,"href":"https:\/\/agora.xtec.cat\/ceip-cristofor-mestre\/wp-json\/wp\/v2\/tags?post=6728"}],"curies":[{"name":"wp","href":"https:\/\/api.w.org\/{rel}","templated":true}]}}