{"id":6030,"date":"2022-09-28T12:47:37","date_gmt":"2022-09-28T10:47:37","guid":{"rendered":"https:\/\/agora.xtec.cat\/ceip-cristofor-mestre\/?p=6030"},"modified":"2022-09-28T13:16:12","modified_gmt":"2022-09-28T11:16:12","slug":"6e-fa-maquetes-de-les-cel%c2%b7lules","status":"publish","type":"post","link":"https:\/\/agora.xtec.cat\/ceip-cristofor-mestre\/portada\/6e-fa-maquetes-de-les-cel%c2%b7lules\/","title":{"rendered":"6\u00e8 FA MAQUETES DE LES C\u00c8L\u00b7LULES"},"content":{"rendered":"<p><span style=\"font-weight: 400;\">Aquesta setmana els nens i nenes de 6\u00e8 hem fet un projecte relacionat amb la c\u00e8l\u00b7lula. Ens han organitzat per grups de 5 o 6 persones i hem investigat i fet maquetes sobre el tema. Hem descobert molt\u00edssimes coses sobre elles. Sab\u00edeu que estem formats per milions i milions de c\u00e8l\u00b7lules? Ens encanta investigar i aprendre d\u2019aquesta manera!<\/span><\/p>\n<p>(Aquest text ha estat escrit pels alumnes de sis\u00e8)<\/p>\n<div id='gallery-1' class='gallery galleryid-6030 gallery-columns-3 gallery-size-medium'><figure class='gallery-item'>\n\t\t\t<div class='gallery-icon landscape'>\n\t\t\t\t<a href='https:\/\/agora.xtec.cat\/ceip-cristofor-mestre\/portada\/6e-fa-maquetes-de-les-cel%c2%b7lules\/attachment\/whatsapp-image-2022-09-28-at-12-32-25-pm\/'><img loading=\"lazy\" decoding=\"async\" width=\"300\" height=\"135\" src=\"https:\/\/agora.xtec.cat\/ceip-cristofor-mestre\/wp-content\/uploads\/usu89\/2022\/09\/WhatsApp-Image-2022-09-28-at-12.32.25-PM-300x135.jpeg\" class=\"attachment-medium size-medium\" alt=\"\" srcset=\"https:\/\/agora.xtec.cat\/ceip-cristofor-mestre\/wp-content\/uploads\/usu89\/2022\/09\/WhatsApp-Image-2022-09-28-at-12.32.25-PM-300x135.jpeg 300w, https:\/\/agora.xtec.cat\/ceip-cristofor-mestre\/wp-content\/uploads\/usu89\/2022\/09\/WhatsApp-Image-2022-09-28-at-12.32.25-PM-1024x461.jpeg 1024w, https:\/\/agora.xtec.cat\/ceip-cristofor-mestre\/wp-content\/uploads\/usu89\/2022\/09\/WhatsApp-Image-2022-09-28-at-12.32.25-PM-768x346.jpeg 768w, https:\/\/agora.xtec.cat\/ceip-cristofor-mestre\/wp-content\/uploads\/usu89\/2022\/09\/WhatsApp-Image-2022-09-28-at-12.32.25-PM-1536x691.jpeg 1536w, https:\/\/agora.xtec.cat\/ceip-cristofor-mestre\/wp-content\/uploads\/usu89\/2022\/09\/WhatsApp-Image-2022-09-28-at-12.32.25-PM.jpeg 1600w\" sizes=\"auto, (max-width: 300px) 100vw, 300px\" \/><\/a>\n\t\t\t<\/div><\/figure><figure class='gallery-item'>\n\t\t\t<div class='gallery-icon landscape'>\n\t\t\t\t<a href='https:\/\/agora.xtec.cat\/ceip-cristofor-mestre\/portada\/6e-fa-maquetes-de-les-cel%c2%b7lules\/attachment\/whatsapp-image-2022-09-28-at-12-32-26-pm-1\/'><img loading=\"lazy\" decoding=\"async\" width=\"300\" height=\"135\" src=\"https:\/\/agora.xtec.cat\/ceip-cristofor-mestre\/wp-content\/uploads\/usu89\/2022\/09\/WhatsApp-Image-2022-09-28-at-12.32.26-PM-1-300x135.jpeg\" class=\"attachment-medium size-medium\" alt=\"\" srcset=\"https:\/\/agora.xtec.cat\/ceip-cristofor-mestre\/wp-content\/uploads\/usu89\/2022\/09\/WhatsApp-Image-2022-09-28-at-12.32.26-PM-1-300x135.jpeg 300w, https:\/\/agora.xtec.cat\/ceip-cristofor-mestre\/wp-content\/uploads\/usu89\/2022\/09\/WhatsApp-Image-2022-09-28-at-12.32.26-PM-1-1024x461.jpeg 1024w, https:\/\/agora.xtec.cat\/ceip-cristofor-mestre\/wp-content\/uploads\/usu89\/2022\/09\/WhatsApp-Image-2022-09-28-at-12.32.26-PM-1-768x346.jpeg 768w, https:\/\/agora.xtec.cat\/ceip-cristofor-mestre\/wp-content\/uploads\/usu89\/2022\/09\/WhatsApp-Image-2022-09-28-at-12.32.26-PM-1-1536x691.jpeg 1536w, https:\/\/agora.xtec.cat\/ceip-cristofor-mestre\/wp-content\/uploads\/usu89\/2022\/09\/WhatsApp-Image-2022-09-28-at-12.32.26-PM-1.jpeg 1600w\" sizes=\"auto, (max-width: 300px) 100vw, 300px\" \/><\/a>\n\t\t\t<\/div><\/figure><figure class='gallery-item'>\n\t\t\t<div class='gallery-icon landscape'>\n\t\t\t\t<a href='https:\/\/agora.xtec.cat\/ceip-cristofor-mestre\/portada\/6e-fa-maquetes-de-les-cel%c2%b7lules\/attachment\/whatsapp-image-2022-09-28-at-12-32-26-pm\/'><img loading=\"lazy\" decoding=\"async\" width=\"300\" height=\"135\" src=\"https:\/\/agora.xtec.cat\/ceip-cristofor-mestre\/wp-content\/uploads\/usu89\/2022\/09\/WhatsApp-Image-2022-09-28-at-12.32.26-PM-300x135.jpeg\" class=\"attachment-medium size-medium\" alt=\"\" srcset=\"https:\/\/agora.xtec.cat\/ceip-cristofor-mestre\/wp-content\/uploads\/usu89\/2022\/09\/WhatsApp-Image-2022-09-28-at-12.32.26-PM-300x135.jpeg 300w, https:\/\/agora.xtec.cat\/ceip-cristofor-mestre\/wp-content\/uploads\/usu89\/2022\/09\/WhatsApp-Image-2022-09-28-at-12.32.26-PM-1024x461.jpeg 1024w, https:\/\/agora.xtec.cat\/ceip-cristofor-mestre\/wp-content\/uploads\/usu89\/2022\/09\/WhatsApp-Image-2022-09-28-at-12.32.26-PM-768x346.jpeg 768w, https:\/\/agora.xtec.cat\/ceip-cristofor-mestre\/wp-content\/uploads\/usu89\/2022\/09\/WhatsApp-Image-2022-09-28-at-12.32.26-PM-1536x691.jpeg 1536w, https:\/\/agora.xtec.cat\/ceip-cristofor-mestre\/wp-content\/uploads\/usu89\/2022\/09\/WhatsApp-Image-2022-09-28-at-12.32.26-PM.jpeg 1600w\" sizes=\"auto, (max-width: 300px) 100vw, 300px\" \/><\/a>\n\t\t\t<\/div><\/figure><figure class='gallery-item'>\n\t\t\t<div class='gallery-icon landscape'>\n\t\t\t\t<a href='https:\/\/agora.xtec.cat\/ceip-cristofor-mestre\/portada\/6e-fa-maquetes-de-les-cel%c2%b7lules\/attachment\/whatsapp-image-2022-09-28-at-12-32-27-pm-1\/'><img loading=\"lazy\" decoding=\"async\" width=\"300\" height=\"135\" src=\"https:\/\/agora.xtec.cat\/ceip-cristofor-mestre\/wp-content\/uploads\/usu89\/2022\/09\/WhatsApp-Image-2022-09-28-at-12.32.27-PM-1-300x135.jpeg\" class=\"attachment-medium size-medium\" alt=\"\" srcset=\"https:\/\/agora.xtec.cat\/ceip-cristofor-mestre\/wp-content\/uploads\/usu89\/2022\/09\/WhatsApp-Image-2022-09-28-at-12.32.27-PM-1-300x135.jpeg 300w, https:\/\/agora.xtec.cat\/ceip-cristofor-mestre\/wp-content\/uploads\/usu89\/2022\/09\/WhatsApp-Image-2022-09-28-at-12.32.27-PM-1-1024x461.jpeg 1024w, https:\/\/agora.xtec.cat\/ceip-cristofor-mestre\/wp-content\/uploads\/usu89\/2022\/09\/WhatsApp-Image-2022-09-28-at-12.32.27-PM-1-768x346.jpeg 768w, https:\/\/agora.xtec.cat\/ceip-cristofor-mestre\/wp-content\/uploads\/usu89\/2022\/09\/WhatsApp-Image-2022-09-28-at-12.32.27-PM-1-1536x691.jpeg 1536w, https:\/\/agora.xtec.cat\/ceip-cristofor-mestre\/wp-content\/uploads\/usu89\/2022\/09\/WhatsApp-Image-2022-09-28-at-12.32.27-PM-1.jpeg 1600w\" sizes=\"auto, (max-width: 300px) 100vw, 300px\" \/><\/a>\n\t\t\t<\/div><\/figure><figure class='gallery-item'>\n\t\t\t<div class='gallery-icon landscape'>\n\t\t\t\t<a href='https:\/\/agora.xtec.cat\/ceip-cristofor-mestre\/portada\/6e-fa-maquetes-de-les-cel%c2%b7lules\/attachment\/whatsapp-image-2022-09-28-at-12-32-27-pm-3\/'><img loading=\"lazy\" decoding=\"async\" width=\"300\" height=\"135\" src=\"https:\/\/agora.xtec.cat\/ceip-cristofor-mestre\/wp-content\/uploads\/usu89\/2022\/09\/WhatsApp-Image-2022-09-28-at-12.32.27-PM-3-300x135.jpeg\" class=\"attachment-medium size-medium\" alt=\"\" srcset=\"https:\/\/agora.xtec.cat\/ceip-cristofor-mestre\/wp-content\/uploads\/usu89\/2022\/09\/WhatsApp-Image-2022-09-28-at-12.32.27-PM-3-300x135.jpeg 300w, https:\/\/agora.xtec.cat\/ceip-cristofor-mestre\/wp-content\/uploads\/usu89\/2022\/09\/WhatsApp-Image-2022-09-28-at-12.32.27-PM-3-1024x461.jpeg 1024w, https:\/\/agora.xtec.cat\/ceip-cristofor-mestre\/wp-content\/uploads\/usu89\/2022\/09\/WhatsApp-Image-2022-09-28-at-12.32.27-PM-3-768x346.jpeg 768w, https:\/\/agora.xtec.cat\/ceip-cristofor-mestre\/wp-content\/uploads\/usu89\/2022\/09\/WhatsApp-Image-2022-09-28-at-12.32.27-PM-3-1536x691.jpeg 1536w, https:\/\/agora.xtec.cat\/ceip-cristofor-mestre\/wp-content\/uploads\/usu89\/2022\/09\/WhatsApp-Image-2022-09-28-at-12.32.27-PM-3.jpeg 1600w\" sizes=\"auto, (max-width: 300px) 100vw, 300px\" \/><\/a>\n\t\t\t<\/div><\/figure><figure class='gallery-item'>\n\t\t\t<div class='gallery-icon landscape'>\n\t\t\t\t<a href='https:\/\/agora.xtec.cat\/ceip-cristofor-mestre\/portada\/6e-fa-maquetes-de-les-cel%c2%b7lules\/attachment\/whatsapp-image-2022-09-28-at-12-32-27-pm-4\/'><img loading=\"lazy\" decoding=\"async\" width=\"300\" height=\"135\" src=\"https:\/\/agora.xtec.cat\/ceip-cristofor-mestre\/wp-content\/uploads\/usu89\/2022\/09\/WhatsApp-Image-2022-09-28-at-12.32.27-PM-4-300x135.jpeg\" class=\"attachment-medium size-medium\" alt=\"\" srcset=\"https:\/\/agora.xtec.cat\/ceip-cristofor-mestre\/wp-content\/uploads\/usu89\/2022\/09\/WhatsApp-Image-2022-09-28-at-12.32.27-PM-4-300x135.jpeg 300w, https:\/\/agora.xtec.cat\/ceip-cristofor-mestre\/wp-content\/uploads\/usu89\/2022\/09\/WhatsApp-Image-2022-09-28-at-12.32.27-PM-4-1024x461.jpeg 1024w, https:\/\/agora.xtec.cat\/ceip-cristofor-mestre\/wp-content\/uploads\/usu89\/2022\/09\/WhatsApp-Image-2022-09-28-at-12.32.27-PM-4-768x346.jpeg 768w, https:\/\/agora.xtec.cat\/ceip-cristofor-mestre\/wp-content\/uploads\/usu89\/2022\/09\/WhatsApp-Image-2022-09-28-at-12.32.27-PM-4-1536x691.jpeg 1536w, https:\/\/agora.xtec.cat\/ceip-cristofor-mestre\/wp-content\/uploads\/usu89\/2022\/09\/WhatsApp-Image-2022-09-28-at-12.32.27-PM-4.jpeg 1600w\" sizes=\"auto, (max-width: 300px) 100vw, 300px\" \/><\/a>\n\t\t\t<\/div><\/figure><figure class='gallery-item'>\n\t\t\t<div class='gallery-icon landscape'>\n\t\t\t\t<a href='https:\/\/agora.xtec.cat\/ceip-cristofor-mestre\/portada\/6e-fa-maquetes-de-les-cel%c2%b7lules\/attachment\/whatsapp-image-2022-09-28-at-12-32-27-pm-5\/'><img loading=\"lazy\" decoding=\"async\" width=\"300\" height=\"135\" src=\"https:\/\/agora.xtec.cat\/ceip-cristofor-mestre\/wp-content\/uploads\/usu89\/2022\/09\/WhatsApp-Image-2022-09-28-at-12.32.27-PM-5-300x135.jpeg\" class=\"attachment-medium size-medium\" alt=\"\" srcset=\"https:\/\/agora.xtec.cat\/ceip-cristofor-mestre\/wp-content\/uploads\/usu89\/2022\/09\/WhatsApp-Image-2022-09-28-at-12.32.27-PM-5-300x135.jpeg 300w, https:\/\/agora.xtec.cat\/ceip-cristofor-mestre\/wp-content\/uploads\/usu89\/2022\/09\/WhatsApp-Image-2022-09-28-at-12.32.27-PM-5-1024x461.jpeg 1024w, https:\/\/agora.xtec.cat\/ceip-cristofor-mestre\/wp-content\/uploads\/usu89\/2022\/09\/WhatsApp-Image-2022-09-28-at-12.32.27-PM-5-768x346.jpeg 768w, https:\/\/agora.xtec.cat\/ceip-cristofor-mestre\/wp-content\/uploads\/usu89\/2022\/09\/WhatsApp-Image-2022-09-28-at-12.32.27-PM-5-1536x691.jpeg 1536w, https:\/\/agora.xtec.cat\/ceip-cristofor-mestre\/wp-content\/uploads\/usu89\/2022\/09\/WhatsApp-Image-2022-09-28-at-12.32.27-PM-5.jpeg 1600w\" sizes=\"auto, (max-width: 300px) 100vw, 300px\" \/><\/a>\n\t\t\t<\/div><\/figure><figure class='gallery-item'>\n\t\t\t<div class='gallery-icon landscape'>\n\t\t\t\t<a href='https:\/\/agora.xtec.cat\/ceip-cristofor-mestre\/portada\/6e-fa-maquetes-de-les-cel%c2%b7lules\/attachment\/whatsapp-image-2022-09-28-at-12-32-27-pm\/'><img loading=\"lazy\" decoding=\"async\" width=\"300\" height=\"135\" src=\"https:\/\/agora.xtec.cat\/ceip-cristofor-mestre\/wp-content\/uploads\/usu89\/2022\/09\/WhatsApp-Image-2022-09-28-at-12.32.27-PM-300x135.jpeg\" class=\"attachment-medium size-medium\" alt=\"\" srcset=\"https:\/\/agora.xtec.cat\/ceip-cristofor-mestre\/wp-content\/uploads\/usu89\/2022\/09\/WhatsApp-Image-2022-09-28-at-12.32.27-PM-300x135.jpeg 300w, https:\/\/agora.xtec.cat\/ceip-cristofor-mestre\/wp-content\/uploads\/usu89\/2022\/09\/WhatsApp-Image-2022-09-28-at-12.32.27-PM-1024x461.jpeg 1024w, https:\/\/agora.xtec.cat\/ceip-cristofor-mestre\/wp-content\/uploads\/usu89\/2022\/09\/WhatsApp-Image-2022-09-28-at-12.32.27-PM-768x346.jpeg 768w, https:\/\/agora.xtec.cat\/ceip-cristofor-mestre\/wp-content\/uploads\/usu89\/2022\/09\/WhatsApp-Image-2022-09-28-at-12.32.27-PM-1536x691.jpeg 1536w, https:\/\/agora.xtec.cat\/ceip-cristofor-mestre\/wp-content\/uploads\/usu89\/2022\/09\/WhatsApp-Image-2022-09-28-at-12.32.27-PM.jpeg 1600w\" sizes=\"auto, (max-width: 300px) 100vw, 300px\" \/><\/a>\n\t\t\t<\/div><\/figure><figure class='gallery-item'>\n\t\t\t<div class='gallery-icon landscape'>\n\t\t\t\t<a href='https:\/\/agora.xtec.cat\/ceip-cristofor-mestre\/portada\/6e-fa-maquetes-de-les-cel%c2%b7lules\/attachment\/whatsapp-image-2022-09-28-at-12-34-32-pm\/'><img loading=\"lazy\" decoding=\"async\" width=\"300\" height=\"135\" src=\"https:\/\/agora.xtec.cat\/ceip-cristofor-mestre\/wp-content\/uploads\/usu89\/2022\/09\/WhatsApp-Image-2022-09-28-at-12.34.32-PM-300x135.jpeg\" class=\"attachment-medium size-medium\" alt=\"\" srcset=\"https:\/\/agora.xtec.cat\/ceip-cristofor-mestre\/wp-content\/uploads\/usu89\/2022\/09\/WhatsApp-Image-2022-09-28-at-12.34.32-PM-300x135.jpeg 300w, https:\/\/agora.xtec.cat\/ceip-cristofor-mestre\/wp-content\/uploads\/usu89\/2022\/09\/WhatsApp-Image-2022-09-28-at-12.34.32-PM-1024x461.jpeg 1024w, https:\/\/agora.xtec.cat\/ceip-cristofor-mestre\/wp-content\/uploads\/usu89\/2022\/09\/WhatsApp-Image-2022-09-28-at-12.34.32-PM-768x346.jpeg 768w, https:\/\/agora.xtec.cat\/ceip-cristofor-mestre\/wp-content\/uploads\/usu89\/2022\/09\/WhatsApp-Image-2022-09-28-at-12.34.32-PM-1536x691.jpeg 1536w, https:\/\/agora.xtec.cat\/ceip-cristofor-mestre\/wp-content\/uploads\/usu89\/2022\/09\/WhatsApp-Image-2022-09-28-at-12.34.32-PM.jpeg 1600w\" sizes=\"auto, (max-width: 300px) 100vw, 300px\" \/><\/a>\n\t\t\t<\/div><\/figure><figure class='gallery-item'>\n\t\t\t<div class='gallery-icon landscape'>\n\t\t\t\t<a href='https:\/\/agora.xtec.cat\/ceip-cristofor-mestre\/portada\/6e-fa-maquetes-de-les-cel%c2%b7lules\/attachment\/whatsapp-image-2022-09-28-at-1-03-18-pm\/'><img loading=\"lazy\" decoding=\"async\" width=\"300\" height=\"112\" src=\"https:\/\/agora.xtec.cat\/ceip-cristofor-mestre\/wp-content\/uploads\/usu89\/2022\/09\/WhatsApp-Image-2022-09-28-at-1.03.18-PM-300x112.jpeg\" class=\"attachment-medium size-medium\" alt=\"\" srcset=\"https:\/\/agora.xtec.cat\/ceip-cristofor-mestre\/wp-content\/uploads\/usu89\/2022\/09\/WhatsApp-Image-2022-09-28-at-1.03.18-PM-300x112.jpeg 300w, https:\/\/agora.xtec.cat\/ceip-cristofor-mestre\/wp-content\/uploads\/usu89\/2022\/09\/WhatsApp-Image-2022-09-28-at-1.03.18-PM-1024x383.jpeg 1024w, https:\/\/agora.xtec.cat\/ceip-cristofor-mestre\/wp-content\/uploads\/usu89\/2022\/09\/WhatsApp-Image-2022-09-28-at-1.03.18-PM-768x287.jpeg 768w, https:\/\/agora.xtec.cat\/ceip-cristofor-mestre\/wp-content\/uploads\/usu89\/2022\/09\/WhatsApp-Image-2022-09-28-at-1.03.18-PM.jpeg 1080w\" sizes=\"auto, (max-width: 300px) 100vw, 300px\" \/><\/a>\n\t\t\t<\/div><\/figure><figure class='gallery-item'>\n\t\t\t<div class='gallery-icon landscape'>\n\t\t\t\t<a href='https:\/\/agora.xtec.cat\/ceip-cristofor-mestre\/portada\/6e-fa-maquetes-de-les-cel%c2%b7lules\/attachment\/whatsapp-image-2022-09-28-at-12-32-48-pm-1\/'><img loading=\"lazy\" decoding=\"async\" width=\"300\" height=\"135\" src=\"https:\/\/agora.xtec.cat\/ceip-cristofor-mestre\/wp-content\/uploads\/usu89\/2022\/09\/WhatsApp-Image-2022-09-28-at-12.32.48-PM-1-300x135.jpeg\" class=\"attachment-medium size-medium\" alt=\"\" srcset=\"https:\/\/agora.xtec.cat\/ceip-cristofor-mestre\/wp-content\/uploads\/usu89\/2022\/09\/WhatsApp-Image-2022-09-28-at-12.32.48-PM-1-300x135.jpeg 300w, https:\/\/agora.xtec.cat\/ceip-cristofor-mestre\/wp-content\/uploads\/usu89\/2022\/09\/WhatsApp-Image-2022-09-28-at-12.32.48-PM-1-1024x461.jpeg 1024w, https:\/\/agora.xtec.cat\/ceip-cristofor-mestre\/wp-content\/uploads\/usu89\/2022\/09\/WhatsApp-Image-2022-09-28-at-12.32.48-PM-1-768x346.jpeg 768w, https:\/\/agora.xtec.cat\/ceip-cristofor-mestre\/wp-content\/uploads\/usu89\/2022\/09\/WhatsApp-Image-2022-09-28-at-12.32.48-PM-1-1536x691.jpeg 1536w, https:\/\/agora.xtec.cat\/ceip-cristofor-mestre\/wp-content\/uploads\/usu89\/2022\/09\/WhatsApp-Image-2022-09-28-at-12.32.48-PM-1.jpeg 2000w\" sizes=\"auto, (max-width: 300px) 100vw, 300px\" \/><\/a>\n\t\t\t<\/div><\/figure><figure class='gallery-item'>\n\t\t\t<div class='gallery-icon landscape'>\n\t\t\t\t<a href='https:\/\/agora.xtec.cat\/ceip-cristofor-mestre\/portada\/6e-fa-maquetes-de-les-cel%c2%b7lules\/attachment\/whatsapp-image-2022-09-28-at-12-32-48-pm-2\/'><img loading=\"lazy\" decoding=\"async\" width=\"300\" height=\"135\" src=\"https:\/\/agora.xtec.cat\/ceip-cristofor-mestre\/wp-content\/uploads\/usu89\/2022\/09\/WhatsApp-Image-2022-09-28-at-12.32.48-PM-2-300x135.jpeg\" class=\"attachment-medium size-medium\" alt=\"\" srcset=\"https:\/\/agora.xtec.cat\/ceip-cristofor-mestre\/wp-content\/uploads\/usu89\/2022\/09\/WhatsApp-Image-2022-09-28-at-12.32.48-PM-2-300x135.jpeg 300w, https:\/\/agora.xtec.cat\/ceip-cristofor-mestre\/wp-content\/uploads\/usu89\/2022\/09\/WhatsApp-Image-2022-09-28-at-12.32.48-PM-2-1024x461.jpeg 1024w, https:\/\/agora.xtec.cat\/ceip-cristofor-mestre\/wp-content\/uploads\/usu89\/2022\/09\/WhatsApp-Image-2022-09-28-at-12.32.48-PM-2-768x346.jpeg 768w, https:\/\/agora.xtec.cat\/ceip-cristofor-mestre\/wp-content\/uploads\/usu89\/2022\/09\/WhatsApp-Image-2022-09-28-at-12.32.48-PM-2-1536x691.jpeg 1536w, https:\/\/agora.xtec.cat\/ceip-cristofor-mestre\/wp-content\/uploads\/usu89\/2022\/09\/WhatsApp-Image-2022-09-28-at-12.32.48-PM-2.jpeg 2000w\" sizes=\"auto, (max-width: 300px) 100vw, 300px\" \/><\/a>\n\t\t\t<\/div><\/figure><figure class='gallery-item'>\n\t\t\t<div class='gallery-icon landscape'>\n\t\t\t\t<a href='https:\/\/agora.xtec.cat\/ceip-cristofor-mestre\/portada\/6e-fa-maquetes-de-les-cel%c2%b7lules\/attachment\/whatsapp-image-2022-09-28-at-12-32-48-pm-3\/'><img loading=\"lazy\" decoding=\"async\" width=\"300\" height=\"135\" src=\"https:\/\/agora.xtec.cat\/ceip-cristofor-mestre\/wp-content\/uploads\/usu89\/2022\/09\/WhatsApp-Image-2022-09-28-at-12.32.48-PM-3-300x135.jpeg\" class=\"attachment-medium size-medium\" alt=\"\" srcset=\"https:\/\/agora.xtec.cat\/ceip-cristofor-mestre\/wp-content\/uploads\/usu89\/2022\/09\/WhatsApp-Image-2022-09-28-at-12.32.48-PM-3-300x135.jpeg 300w, https:\/\/agora.xtec.cat\/ceip-cristofor-mestre\/wp-content\/uploads\/usu89\/2022\/09\/WhatsApp-Image-2022-09-28-at-12.32.48-PM-3-1024x461.jpeg 1024w, https:\/\/agora.xtec.cat\/ceip-cristofor-mestre\/wp-content\/uploads\/usu89\/2022\/09\/WhatsApp-Image-2022-09-28-at-12.32.48-PM-3-768x346.jpeg 768w, https:\/\/agora.xtec.cat\/ceip-cristofor-mestre\/wp-content\/uploads\/usu89\/2022\/09\/WhatsApp-Image-2022-09-28-at-12.32.48-PM-3-1536x691.jpeg 1536w, https:\/\/agora.xtec.cat\/ceip-cristofor-mestre\/wp-content\/uploads\/usu89\/2022\/09\/WhatsApp-Image-2022-09-28-at-12.32.48-PM-3.jpeg 2000w\" sizes=\"auto, (max-width: 300px) 100vw, 300px\" \/><\/a>\n\t\t\t<\/div><\/figure><figure class='gallery-item'>\n\t\t\t<div class='gallery-icon landscape'>\n\t\t\t\t<a href='https:\/\/agora.xtec.cat\/ceip-cristofor-mestre\/portada\/6e-fa-maquetes-de-les-cel%c2%b7lules\/attachment\/whatsapp-image-2022-09-28-at-12-32-48-pm\/'><img loading=\"lazy\" decoding=\"async\" width=\"300\" height=\"135\" src=\"https:\/\/agora.xtec.cat\/ceip-cristofor-mestre\/wp-content\/uploads\/usu89\/2022\/09\/WhatsApp-Image-2022-09-28-at-12.32.48-PM-300x135.jpeg\" class=\"attachment-medium size-medium\" alt=\"\" srcset=\"https:\/\/agora.xtec.cat\/ceip-cristofor-mestre\/wp-content\/uploads\/usu89\/2022\/09\/WhatsApp-Image-2022-09-28-at-12.32.48-PM-300x135.jpeg 300w, https:\/\/agora.xtec.cat\/ceip-cristofor-mestre\/wp-content\/uploads\/usu89\/2022\/09\/WhatsApp-Image-2022-09-28-at-12.32.48-PM-1024x461.jpeg 1024w, https:\/\/agora.xtec.cat\/ceip-cristofor-mestre\/wp-content\/uploads\/usu89\/2022\/09\/WhatsApp-Image-2022-09-28-at-12.32.48-PM-768x346.jpeg 768w, https:\/\/agora.xtec.cat\/ceip-cristofor-mestre\/wp-content\/uploads\/usu89\/2022\/09\/WhatsApp-Image-2022-09-28-at-12.32.48-PM-1536x691.jpeg 1536w, https:\/\/agora.xtec.cat\/ceip-cristofor-mestre\/wp-content\/uploads\/usu89\/2022\/09\/WhatsApp-Image-2022-09-28-at-12.32.48-PM.jpeg 2000w\" sizes=\"auto, (max-width: 300px) 100vw, 300px\" \/><\/a>\n\t\t\t<\/div><\/figure><figure class='gallery-item'>\n\t\t\t<div class='gallery-icon landscape'>\n\t\t\t\t<a href='https:\/\/agora.xtec.cat\/ceip-cristofor-mestre\/portada\/6e-fa-maquetes-de-les-cel%c2%b7lules\/attachment\/whatsapp-image-2022-09-28-at-12-32-49-pm\/'><img loading=\"lazy\" decoding=\"async\" width=\"300\" height=\"135\" src=\"https:\/\/agora.xtec.cat\/ceip-cristofor-mestre\/wp-content\/uploads\/usu89\/2022\/09\/WhatsApp-Image-2022-09-28-at-12.32.49-PM-300x135.jpeg\" class=\"attachment-medium size-medium\" alt=\"\" srcset=\"https:\/\/agora.xtec.cat\/ceip-cristofor-mestre\/wp-content\/uploads\/usu89\/2022\/09\/WhatsApp-Image-2022-09-28-at-12.32.49-PM-300x135.jpeg 300w, https:\/\/agora.xtec.cat\/ceip-cristofor-mestre\/wp-content\/uploads\/usu89\/2022\/09\/WhatsApp-Image-2022-09-28-at-12.32.49-PM-1024x461.jpeg 1024w, https:\/\/agora.xtec.cat\/ceip-cristofor-mestre\/wp-content\/uploads\/usu89\/2022\/09\/WhatsApp-Image-2022-09-28-at-12.32.49-PM-768x346.jpeg 768w, https:\/\/agora.xtec.cat\/ceip-cristofor-mestre\/wp-content\/uploads\/usu89\/2022\/09\/WhatsApp-Image-2022-09-28-at-12.32.49-PM-1536x691.jpeg 1536w, https:\/\/agora.xtec.cat\/ceip-cristofor-mestre\/wp-content\/uploads\/usu89\/2022\/09\/WhatsApp-Image-2022-09-28-at-12.32.49-PM.jpeg 2000w\" sizes=\"auto, (max-width: 300px) 100vw, 300px\" \/><\/a>\n\t\t\t<\/div><\/figure>\n\t\t<\/div>\n\n","protected":false},"excerpt":{"rendered":"<p>Projecte dels \u00e9ssers vius<\/p>\n","protected":false},"author":1,"featured_media":6041,"comment_status":"closed","ping_status":"closed","sticky":false,"template":"","format":"standard","meta":{"_bbp_topic_count":0,"_bbp_reply_count":0,"_bbp_total_topic_count":0,"_bbp_total_reply_count":0,"_bbp_voice_count":0,"_bbp_anonymous_reply_count":0,"_bbp_topic_count_hidden":0,"_bbp_reply_count_hidden":0,"_bbp_forum_subforum_count":0,"site-sidebar-layout":"default","site-content-layout":"","ast-site-content-layout":"","site-content-style":"default","site-sidebar-style":"default","ast-global-header-display":"","ast-banner-title-visibility":"","ast-main-header-display":"","ast-hfb-above-header-display":"","ast-hfb-below-header-display":"","ast-hfb-mobile-header-display":"","site-post-title":"","ast-breadcrumbs-content":"","ast-featured-img":"","footer-sml-layout":"","theme-transparent-header-meta":"","adv-header-id-meta":"","stick-header-meta":"","header-above-stick-meta":"","header-main-stick-meta":"","header-below-stick-meta":"","astra-migrate-meta-layouts":"default","ast-page-background-enabled":"default","ast-page-background-meta":{"desktop":{"background-color":"var(--ast-global-color-4)","background-image":"","background-repeat":"repeat","background-position":"center center","background-size":"auto","background-attachment":"scroll","background-type":"","background-media":"","overlay-type":"","overlay-color":"","overlay-opacity":"","overlay-gradient":""},"tablet":{"background-color":"","background-image":"","background-repeat":"repeat","background-position":"center center","background-size":"auto","background-attachment":"scroll","background-type":"","background-media":"","overlay-type":"","overlay-color":"","overlay-opacity":"","overlay-gradient":""},"mobile":{"background-color":"","background-image":"","background-repeat":"repeat","background-position":"center center","background-size":"auto","background-attachment":"scroll","background-type":"","background-media":"","overlay-type":"","overlay-color":"","overlay-opacity":"","overlay-gradient":""}},"ast-content-background-meta":{"desktop":{"background-color":"var(--ast-global-color-5)","background-image":"","background-repeat":"repeat","background-position":"center center","background-size":"auto","background-attachment":"scroll","background-type":"","background-media":"","overlay-type":"","overlay-color":"","overlay-opacity":"","overlay-gradient":""},"tablet":{"background-color":"var(--ast-global-color-5)","background-image":"","background-repeat":"repeat","background-position":"center center","background-size":"auto","background-attachment":"scroll","background-type":"","background-media":"","overlay-type":"","overlay-color":"","overlay-opacity":"","overlay-gradient":""},"mobile":{"background-color":"var(--ast-global-color-5)","background-image":"","background-repeat":"repeat","background-position":"center center","background-size":"auto","background-attachment":"scroll","background-type":"","background-media":"","overlay-type":"","overlay-color":"","overlay-opacity":"","overlay-gradient":""}},"footnotes":""},"categories":[75,4],"tags":[199,181,219],"class_list":["post-6030","post","type-post","status-publish","format-standard","has-post-thumbnail","hentry","category-cicle-superior","category-portada","tag-cicle-superior","tag-sise","tag-treball-globalitzat"],"post_mailing_queue_ids":[],"_links":{"self":[{"href":"https:\/\/agora.xtec.cat\/ceip-cristofor-mestre\/wp-json\/wp\/v2\/posts\/6030","targetHints":{"allow":["GET"]}}],"collection":[{"href":"https:\/\/agora.xtec.cat\/ceip-cristofor-mestre\/wp-json\/wp\/v2\/posts"}],"about":[{"href":"https:\/\/agora.xtec.cat\/ceip-cristofor-mestre\/wp-json\/wp\/v2\/types\/post"}],"author":[{"embeddable":true,"href":"https:\/\/agora.xtec.cat\/ceip-cristofor-mestre\/wp-json\/wp\/v2\/users\/1"}],"replies":[{"embeddable":true,"href":"https:\/\/agora.xtec.cat\/ceip-cristofor-mestre\/wp-json\/wp\/v2\/comments?post=6030"}],"version-history":[{"count":3,"href":"https:\/\/agora.xtec.cat\/ceip-cristofor-mestre\/wp-json\/wp\/v2\/posts\/6030\/revisions"}],"predecessor-version":[{"id":6051,"href":"https:\/\/agora.xtec.cat\/ceip-cristofor-mestre\/wp-json\/wp\/v2\/posts\/6030\/revisions\/6051"}],"wp:featuredmedia":[{"embeddable":true,"href":"https:\/\/agora.xtec.cat\/ceip-cristofor-mestre\/wp-json\/wp\/v2\/media\/6041"}],"wp:attachment":[{"href":"https:\/\/agora.xtec.cat\/ceip-cristofor-mestre\/wp-json\/wp\/v2\/media?parent=6030"}],"wp:term":[{"taxonomy":"category","embeddable":true,"href":"https:\/\/agora.xtec.cat\/ceip-cristofor-mestre\/wp-json\/wp\/v2\/categories?post=6030"},{"taxonomy":"post_tag","embeddable":true,"href":"https:\/\/agora.xtec.cat\/ceip-cristofor-mestre\/wp-json\/wp\/v2\/tags?post=6030"}],"curies":[{"name":"wp","href":"https:\/\/api.w.org\/{rel}","templated":true}]}}