{"id":5903,"date":"2022-06-16T13:52:12","date_gmt":"2022-06-16T11:52:12","guid":{"rendered":"https:\/\/agora.xtec.cat\/ceip-cristofor-mestre\/?p=5903"},"modified":"2023-04-10T12:56:58","modified_gmt":"2023-04-10T10:56:58","slug":"4t-video-i-publicacio-de-la-canco-de-lescola","status":"publish","type":"post","link":"https:\/\/agora.xtec.cat\/ceip-cristofor-mestre\/portada\/4t-video-i-publicacio-de-la-canco-de-lescola\/","title":{"rendered":"4t, V\u00cdDEO I PUBLICACI\u00d3 DE LA CAN\u00c7\u00d3 DE L&#8217;ESCOLA"},"content":{"rendered":"<p>El Cda Pau Casals ha publicat a la seva web l&#8217;enregistrament de la can\u00e7\u00f3 Jo soc del Crist\u00f2for Mestre, en les seves versions d&#8217;alumnes, alumnes i mestres i instrumental. La car\u00e0tula de portada de la can\u00e7\u00f3 ha estat creada per Jordi Martinez Queralt\u00f3. Agra\u00efm a en David Melgar i el seu equip del Cda Pau Casals la fant\u00e0stica feina feta, n&#8217;estem molt contents.<\/p>\n<p>Cliqueu la imatge per accedir a la web del Camp d&#8217;Aprenentatge Pau Casals<\/p>\n<p><a href=\"https:\/\/cdapaucasals.com\/releases\/escola-cristofor-mestre-2021-22\/\" target=\"_blank\" rel=\"noopener\"><img loading=\"lazy\" decoding=\"async\" class=\"aligncenter wp-image-5904 size-medium\" src=\"https:\/\/agora.xtec.cat\/ceip-cristofor-mestre\/wp-content\/uploads\/usu89\/2022\/06\/Captura-de-pantalla-2022-06-15-a-las-20.19.55-300x190.png\" alt=\"\" width=\"300\" height=\"190\" srcset=\"https:\/\/agora.xtec.cat\/ceip-cristofor-mestre\/wp-content\/uploads\/usu89\/2022\/06\/Captura-de-pantalla-2022-06-15-a-las-20.19.55-300x190.png 300w, https:\/\/agora.xtec.cat\/ceip-cristofor-mestre\/wp-content\/uploads\/usu89\/2022\/06\/Captura-de-pantalla-2022-06-15-a-las-20.19.55-1024x648.png 1024w, https:\/\/agora.xtec.cat\/ceip-cristofor-mestre\/wp-content\/uploads\/usu89\/2022\/06\/Captura-de-pantalla-2022-06-15-a-las-20.19.55-768x486.png 768w, https:\/\/agora.xtec.cat\/ceip-cristofor-mestre\/wp-content\/uploads\/usu89\/2022\/06\/Captura-de-pantalla-2022-06-15-a-las-20.19.55-1536x972.png 1536w, https:\/\/agora.xtec.cat\/ceip-cristofor-mestre\/wp-content\/uploads\/usu89\/2022\/06\/Captura-de-pantalla-2022-06-15-a-las-20.19.55.png 1906w\" sizes=\"auto, (max-width: 300px) 100vw, 300px\" \/><\/a><\/p>\n<p>A m\u00e9s, us mostrem un video de tot el proc\u00e9s que ha significat la can\u00e7\u00f3 de l&#8217;escola. Des del dia que en Carles Sanz (compositor i pianista) ens va portar la partitura i lletra a l&#8217;aula de m\u00fasica fins que finalment vam estrenar-la al pati per tots els nens i nenes de l&#8217;escola.<\/p>\n<div class=\"ast-oembed-container \" style=\"height: 100%;\"><iframe loading=\"lazy\" title=\"JO SOC DEL CRISTO\u0300FOR MESTRE\" width=\"500\" height=\"281\" src=\"https:\/\/www.youtube.com\/embed\/5Czod9iJu0A?feature=oembed\" frameborder=\"0\" allow=\"accelerometer; autoplay; clipboard-write; encrypted-media; gyroscope; picture-in-picture; web-share\" referrerpolicy=\"strict-origin-when-cross-origin\" allowfullscreen><\/iframe><\/div>\n<p>&nbsp;<\/p>\n","protected":false},"excerpt":{"rendered":"<p>La can\u00e7\u00f3 de l&#8217;escola amb les veus dels nens i nenes de 4t<\/p>\n","protected":false},"author":1,"featured_media":5905,"comment_status":"closed","ping_status":"closed","sticky":false,"template":"","format":"standard","meta":{"_bbp_topic_count":0,"_bbp_reply_count":0,"_bbp_total_topic_count":0,"_bbp_total_reply_count":0,"_bbp_voice_count":0,"_bbp_anonymous_reply_count":0,"_bbp_topic_count_hidden":0,"_bbp_reply_count_hidden":0,"_bbp_forum_subforum_count":0,"site-sidebar-layout":"default","site-content-layout":"","ast-site-content-layout":"","site-content-style":"default","site-sidebar-style":"default","ast-global-header-display":"","ast-banner-title-visibility":"","ast-main-header-display":"","ast-hfb-above-header-display":"","ast-hfb-below-header-display":"","ast-hfb-mobile-header-display":"","site-post-title":"","ast-breadcrumbs-content":"","ast-featured-img":"","footer-sml-layout":"","theme-transparent-header-meta":"","adv-header-id-meta":"","stick-header-meta":"","header-above-stick-meta":"","header-main-stick-meta":"","header-below-stick-meta":"","astra-migrate-meta-layouts":"default","ast-page-background-enabled":"default","ast-page-background-meta":{"desktop":{"background-color":"var(--ast-global-color-4)","background-image":"","background-repeat":"repeat","background-position":"center center","background-size":"auto","background-attachment":"scroll","background-type":"","background-media":"","overlay-type":"","overlay-color":"","overlay-opacity":"","overlay-gradient":""},"tablet":{"background-color":"","background-image":"","background-repeat":"repeat","background-position":"center center","background-size":"auto","background-attachment":"scroll","background-type":"","background-media":"","overlay-type":"","overlay-color":"","overlay-opacity":"","overlay-gradient":""},"mobile":{"background-color":"","background-image":"","background-repeat":"repeat","background-position":"center center","background-size":"auto","background-attachment":"scroll","background-type":"","background-media":"","overlay-type":"","overlay-color":"","overlay-opacity":"","overlay-gradient":""}},"ast-content-background-meta":{"desktop":{"background-color":"var(--ast-global-color-5)","background-image":"","background-repeat":"repeat","background-position":"center center","background-size":"auto","background-attachment":"scroll","background-type":"","background-media":"","overlay-type":"","overlay-color":"","overlay-opacity":"","overlay-gradient":""},"tablet":{"background-color":"var(--ast-global-color-5)","background-image":"","background-repeat":"repeat","background-position":"center center","background-size":"auto","background-attachment":"scroll","background-type":"","background-media":"","overlay-type":"","overlay-color":"","overlay-opacity":"","overlay-gradient":""},"mobile":{"background-color":"var(--ast-global-color-5)","background-image":"","background-repeat":"repeat","background-position":"center center","background-size":"auto","background-attachment":"scroll","background-type":"","background-media":"","overlay-type":"","overlay-color":"","overlay-opacity":"","overlay-gradient":""}},"footnotes":""},"categories":[74,117,4],"tags":[211,206,90],"class_list":["post-5903","post","type-post","status-publish","format-standard","has-post-thumbnail","hentry","category-cicle-mitja","category-mes-musica","category-portada","tag-4t","tag-cicle-mitja","tag-musica"],"post_mailing_queue_ids":[],"_links":{"self":[{"href":"https:\/\/agora.xtec.cat\/ceip-cristofor-mestre\/wp-json\/wp\/v2\/posts\/5903","targetHints":{"allow":["GET"]}}],"collection":[{"href":"https:\/\/agora.xtec.cat\/ceip-cristofor-mestre\/wp-json\/wp\/v2\/posts"}],"about":[{"href":"https:\/\/agora.xtec.cat\/ceip-cristofor-mestre\/wp-json\/wp\/v2\/types\/post"}],"author":[{"embeddable":true,"href":"https:\/\/agora.xtec.cat\/ceip-cristofor-mestre\/wp-json\/wp\/v2\/users\/1"}],"replies":[{"embeddable":true,"href":"https:\/\/agora.xtec.cat\/ceip-cristofor-mestre\/wp-json\/wp\/v2\/comments?post=5903"}],"version-history":[{"count":3,"href":"https:\/\/agora.xtec.cat\/ceip-cristofor-mestre\/wp-json\/wp\/v2\/posts\/5903\/revisions"}],"predecessor-version":[{"id":6502,"href":"https:\/\/agora.xtec.cat\/ceip-cristofor-mestre\/wp-json\/wp\/v2\/posts\/5903\/revisions\/6502"}],"wp:featuredmedia":[{"embeddable":true,"href":"https:\/\/agora.xtec.cat\/ceip-cristofor-mestre\/wp-json\/wp\/v2\/media\/5905"}],"wp:attachment":[{"href":"https:\/\/agora.xtec.cat\/ceip-cristofor-mestre\/wp-json\/wp\/v2\/media?parent=5903"}],"wp:term":[{"taxonomy":"category","embeddable":true,"href":"https:\/\/agora.xtec.cat\/ceip-cristofor-mestre\/wp-json\/wp\/v2\/categories?post=5903"},{"taxonomy":"post_tag","embeddable":true,"href":"https:\/\/agora.xtec.cat\/ceip-cristofor-mestre\/wp-json\/wp\/v2\/tags?post=5903"}],"curies":[{"name":"wp","href":"https:\/\/api.w.org\/{rel}","templated":true}]}}