{"id":4885,"date":"2021-11-04T13:29:51","date_gmt":"2021-11-04T12:29:51","guid":{"rendered":"https:\/\/agora.xtec.cat\/ceip-cristofor-mestre\/?p=4885"},"modified":"2021-11-04T13:29:51","modified_gmt":"2021-11-04T12:29:51","slug":"p5-fa-el-taller-un-mar-de-brossa","status":"publish","type":"post","link":"https:\/\/agora.xtec.cat\/ceip-cristofor-mestre\/infantil\/p5-fa-el-taller-un-mar-de-brossa\/","title":{"rendered":"P5 FA EL TALLER &#8220;UN MAR DE BROSSA&#8221;"},"content":{"rendered":"<p>Avui a P5 hem realitzat l&#8217;activitat de la Mancomunitat &#8220;UNA MAR DE BROSSA&#8221;.<br \/>\nEns han explicat un conte i hem pogut veure com amb les nostres deixalles embrutem el mar que \u00e9s la casa dels peixos.<br \/>\nHem apr\u00e8s qu\u00e8 \u00e9s imprescindible:<br \/>\n&#8211; estalviar aigua en les activitats que fem cada dia.<br \/>\n&#8211; reciclar totes les deixalles i l&#8217;oli brut.<br \/>\nCompartint amb la fam\u00edlia tot el que han apr\u00e8s cuidarem el mar i tot el nostre planeta que \u00e9s la casa de tots i totes.<\/p>\n<div id='gallery-1' class='gallery galleryid-4885 gallery-columns-3 gallery-size-large'><figure class='gallery-item'>\n\t\t\t<div class='gallery-icon landscape'>\n\t\t\t\t<a href='https:\/\/agora.xtec.cat\/ceip-cristofor-mestre\/infantil\/p5-fa-el-taller-un-mar-de-brossa\/attachment\/whatsapp-image-2021-11-04-at-12-45-49-1\/'><img loading=\"lazy\" decoding=\"async\" width=\"1024\" height=\"769\" src=\"https:\/\/agora.xtec.cat\/ceip-cristofor-mestre\/wp-content\/uploads\/usu89\/2021\/11\/WhatsApp-Image-2021-11-04-at-12.45.49-1-1024x769.jpeg\" class=\"attachment-large size-large\" alt=\"\" srcset=\"https:\/\/agora.xtec.cat\/ceip-cristofor-mestre\/wp-content\/uploads\/usu89\/2021\/11\/WhatsApp-Image-2021-11-04-at-12.45.49-1-1024x769.jpeg 1024w, https:\/\/agora.xtec.cat\/ceip-cristofor-mestre\/wp-content\/uploads\/usu89\/2021\/11\/WhatsApp-Image-2021-11-04-at-12.45.49-1-300x225.jpeg 300w, https:\/\/agora.xtec.cat\/ceip-cristofor-mestre\/wp-content\/uploads\/usu89\/2021\/11\/WhatsApp-Image-2021-11-04-at-12.45.49-1-768x576.jpeg 768w, https:\/\/agora.xtec.cat\/ceip-cristofor-mestre\/wp-content\/uploads\/usu89\/2021\/11\/WhatsApp-Image-2021-11-04-at-12.45.49-1-1536x1153.jpeg 1536w, https:\/\/agora.xtec.cat\/ceip-cristofor-mestre\/wp-content\/uploads\/usu89\/2021\/11\/WhatsApp-Image-2021-11-04-at-12.45.49-1-200x150.jpeg 200w, https:\/\/agora.xtec.cat\/ceip-cristofor-mestre\/wp-content\/uploads\/usu89\/2021\/11\/WhatsApp-Image-2021-11-04-at-12.45.49-1.jpeg 1600w\" sizes=\"auto, (max-width: 1024px) 100vw, 1024px\" \/><\/a>\n\t\t\t<\/div><\/figure><figure class='gallery-item'>\n\t\t\t<div class='gallery-icon portrait'>\n\t\t\t\t<a href='https:\/\/agora.xtec.cat\/ceip-cristofor-mestre\/infantil\/p5-fa-el-taller-un-mar-de-brossa\/attachment\/whatsapp-image-2021-11-04-at-12-45-49-2\/'><img loading=\"lazy\" decoding=\"async\" width=\"769\" height=\"1024\" src=\"https:\/\/agora.xtec.cat\/ceip-cristofor-mestre\/wp-content\/uploads\/usu89\/2021\/11\/WhatsApp-Image-2021-11-04-at-12.45.49-2-769x1024.jpeg\" class=\"attachment-large size-large\" alt=\"\" srcset=\"https:\/\/agora.xtec.cat\/ceip-cristofor-mestre\/wp-content\/uploads\/usu89\/2021\/11\/WhatsApp-Image-2021-11-04-at-12.45.49-2-769x1024.jpeg 769w, https:\/\/agora.xtec.cat\/ceip-cristofor-mestre\/wp-content\/uploads\/usu89\/2021\/11\/WhatsApp-Image-2021-11-04-at-12.45.49-2-225x300.jpeg 225w, https:\/\/agora.xtec.cat\/ceip-cristofor-mestre\/wp-content\/uploads\/usu89\/2021\/11\/WhatsApp-Image-2021-11-04-at-12.45.49-2-768x1023.jpeg 768w, https:\/\/agora.xtec.cat\/ceip-cristofor-mestre\/wp-content\/uploads\/usu89\/2021\/11\/WhatsApp-Image-2021-11-04-at-12.45.49-2-1153x1536.jpeg 1153w, https:\/\/agora.xtec.cat\/ceip-cristofor-mestre\/wp-content\/uploads\/usu89\/2021\/11\/WhatsApp-Image-2021-11-04-at-12.45.49-2.jpeg 1201w\" sizes=\"auto, (max-width: 769px) 100vw, 769px\" \/><\/a>\n\t\t\t<\/div><\/figure><figure class='gallery-item'>\n\t\t\t<div class='gallery-icon landscape'>\n\t\t\t\t<a href='https:\/\/agora.xtec.cat\/ceip-cristofor-mestre\/infantil\/p5-fa-el-taller-un-mar-de-brossa\/attachment\/whatsapp-image-2021-11-04-at-12-45-49-3\/'><img loading=\"lazy\" decoding=\"async\" width=\"1024\" height=\"768\" src=\"https:\/\/agora.xtec.cat\/ceip-cristofor-mestre\/wp-content\/uploads\/usu89\/2021\/11\/WhatsApp-Image-2021-11-04-at-12.45.49-3-1024x768.jpeg\" class=\"attachment-large size-large\" alt=\"\" srcset=\"https:\/\/agora.xtec.cat\/ceip-cristofor-mestre\/wp-content\/uploads\/usu89\/2021\/11\/WhatsApp-Image-2021-11-04-at-12.45.49-3-1024x768.jpeg 1024w, https:\/\/agora.xtec.cat\/ceip-cristofor-mestre\/wp-content\/uploads\/usu89\/2021\/11\/WhatsApp-Image-2021-11-04-at-12.45.49-3-300x225.jpeg 300w, https:\/\/agora.xtec.cat\/ceip-cristofor-mestre\/wp-content\/uploads\/usu89\/2021\/11\/WhatsApp-Image-2021-11-04-at-12.45.49-3-768x576.jpeg 768w, https:\/\/agora.xtec.cat\/ceip-cristofor-mestre\/wp-content\/uploads\/usu89\/2021\/11\/WhatsApp-Image-2021-11-04-at-12.45.49-3-1536x1152.jpeg 1536w, https:\/\/agora.xtec.cat\/ceip-cristofor-mestre\/wp-content\/uploads\/usu89\/2021\/11\/WhatsApp-Image-2021-11-04-at-12.45.49-3-200x150.jpeg 200w, https:\/\/agora.xtec.cat\/ceip-cristofor-mestre\/wp-content\/uploads\/usu89\/2021\/11\/WhatsApp-Image-2021-11-04-at-12.45.49-3.jpeg 1600w\" sizes=\"auto, (max-width: 1024px) 100vw, 1024px\" \/><\/a>\n\t\t\t<\/div><\/figure><figure class='gallery-item'>\n\t\t\t<div class='gallery-icon landscape'>\n\t\t\t\t<a href='https:\/\/agora.xtec.cat\/ceip-cristofor-mestre\/infantil\/p5-fa-el-taller-un-mar-de-brossa\/attachment\/whatsapp-image-2021-11-04-at-12-45-49-4\/'><img loading=\"lazy\" decoding=\"async\" width=\"1024\" height=\"769\" src=\"https:\/\/agora.xtec.cat\/ceip-cristofor-mestre\/wp-content\/uploads\/usu89\/2021\/11\/WhatsApp-Image-2021-11-04-at-12.45.49-4-1024x769.jpeg\" class=\"attachment-large size-large\" alt=\"\" srcset=\"https:\/\/agora.xtec.cat\/ceip-cristofor-mestre\/wp-content\/uploads\/usu89\/2021\/11\/WhatsApp-Image-2021-11-04-at-12.45.49-4-1024x769.jpeg 1024w, https:\/\/agora.xtec.cat\/ceip-cristofor-mestre\/wp-content\/uploads\/usu89\/2021\/11\/WhatsApp-Image-2021-11-04-at-12.45.49-4-300x225.jpeg 300w, https:\/\/agora.xtec.cat\/ceip-cristofor-mestre\/wp-content\/uploads\/usu89\/2021\/11\/WhatsApp-Image-2021-11-04-at-12.45.49-4-768x576.jpeg 768w, https:\/\/agora.xtec.cat\/ceip-cristofor-mestre\/wp-content\/uploads\/usu89\/2021\/11\/WhatsApp-Image-2021-11-04-at-12.45.49-4-1536x1153.jpeg 1536w, https:\/\/agora.xtec.cat\/ceip-cristofor-mestre\/wp-content\/uploads\/usu89\/2021\/11\/WhatsApp-Image-2021-11-04-at-12.45.49-4-200x150.jpeg 200w, https:\/\/agora.xtec.cat\/ceip-cristofor-mestre\/wp-content\/uploads\/usu89\/2021\/11\/WhatsApp-Image-2021-11-04-at-12.45.49-4.jpeg 1600w\" sizes=\"auto, (max-width: 1024px) 100vw, 1024px\" \/><\/a>\n\t\t\t<\/div><\/figure><figure class='gallery-item'>\n\t\t\t<div class='gallery-icon landscape'>\n\t\t\t\t<a href='https:\/\/agora.xtec.cat\/ceip-cristofor-mestre\/infantil\/p5-fa-el-taller-un-mar-de-brossa\/attachment\/whatsapp-image-2021-11-04-at-12-45-49\/'><img loading=\"lazy\" decoding=\"async\" width=\"1024\" height=\"769\" src=\"https:\/\/agora.xtec.cat\/ceip-cristofor-mestre\/wp-content\/uploads\/usu89\/2021\/11\/WhatsApp-Image-2021-11-04-at-12.45.49-1024x769.jpeg\" class=\"attachment-large size-large\" alt=\"\" srcset=\"https:\/\/agora.xtec.cat\/ceip-cristofor-mestre\/wp-content\/uploads\/usu89\/2021\/11\/WhatsApp-Image-2021-11-04-at-12.45.49-1024x769.jpeg 1024w, https:\/\/agora.xtec.cat\/ceip-cristofor-mestre\/wp-content\/uploads\/usu89\/2021\/11\/WhatsApp-Image-2021-11-04-at-12.45.49-300x225.jpeg 300w, https:\/\/agora.xtec.cat\/ceip-cristofor-mestre\/wp-content\/uploads\/usu89\/2021\/11\/WhatsApp-Image-2021-11-04-at-12.45.49-768x576.jpeg 768w, https:\/\/agora.xtec.cat\/ceip-cristofor-mestre\/wp-content\/uploads\/usu89\/2021\/11\/WhatsApp-Image-2021-11-04-at-12.45.49-1536x1153.jpeg 1536w, https:\/\/agora.xtec.cat\/ceip-cristofor-mestre\/wp-content\/uploads\/usu89\/2021\/11\/WhatsApp-Image-2021-11-04-at-12.45.49-200x150.jpeg 200w, https:\/\/agora.xtec.cat\/ceip-cristofor-mestre\/wp-content\/uploads\/usu89\/2021\/11\/WhatsApp-Image-2021-11-04-at-12.45.49.jpeg 1600w\" sizes=\"auto, (max-width: 1024px) 100vw, 1024px\" \/><\/a>\n\t\t\t<\/div><\/figure><figure class='gallery-item'>\n\t\t\t<div class='gallery-icon landscape'>\n\t\t\t\t<a href='https:\/\/agora.xtec.cat\/ceip-cristofor-mestre\/infantil\/p5-fa-el-taller-un-mar-de-brossa\/attachment\/whatsapp-image-2021-11-04-at-12-45-50-1\/'><img loading=\"lazy\" decoding=\"async\" width=\"1024\" height=\"769\" src=\"https:\/\/agora.xtec.cat\/ceip-cristofor-mestre\/wp-content\/uploads\/usu89\/2021\/11\/WhatsApp-Image-2021-11-04-at-12.45.50-1-1024x769.jpeg\" class=\"attachment-large size-large\" alt=\"\" srcset=\"https:\/\/agora.xtec.cat\/ceip-cristofor-mestre\/wp-content\/uploads\/usu89\/2021\/11\/WhatsApp-Image-2021-11-04-at-12.45.50-1-1024x769.jpeg 1024w, https:\/\/agora.xtec.cat\/ceip-cristofor-mestre\/wp-content\/uploads\/usu89\/2021\/11\/WhatsApp-Image-2021-11-04-at-12.45.50-1-300x225.jpeg 300w, https:\/\/agora.xtec.cat\/ceip-cristofor-mestre\/wp-content\/uploads\/usu89\/2021\/11\/WhatsApp-Image-2021-11-04-at-12.45.50-1-768x576.jpeg 768w, https:\/\/agora.xtec.cat\/ceip-cristofor-mestre\/wp-content\/uploads\/usu89\/2021\/11\/WhatsApp-Image-2021-11-04-at-12.45.50-1-1536x1153.jpeg 1536w, https:\/\/agora.xtec.cat\/ceip-cristofor-mestre\/wp-content\/uploads\/usu89\/2021\/11\/WhatsApp-Image-2021-11-04-at-12.45.50-1-200x150.jpeg 200w, https:\/\/agora.xtec.cat\/ceip-cristofor-mestre\/wp-content\/uploads\/usu89\/2021\/11\/WhatsApp-Image-2021-11-04-at-12.45.50-1.jpeg 1600w\" sizes=\"auto, (max-width: 1024px) 100vw, 1024px\" \/><\/a>\n\t\t\t<\/div><\/figure><figure class='gallery-item'>\n\t\t\t<div class='gallery-icon landscape'>\n\t\t\t\t<a href='https:\/\/agora.xtec.cat\/ceip-cristofor-mestre\/infantil\/p5-fa-el-taller-un-mar-de-brossa\/attachment\/whatsapp-image-2021-11-04-at-12-45-50\/'><img loading=\"lazy\" decoding=\"async\" width=\"1024\" height=\"769\" src=\"https:\/\/agora.xtec.cat\/ceip-cristofor-mestre\/wp-content\/uploads\/usu89\/2021\/11\/WhatsApp-Image-2021-11-04-at-12.45.50-1024x769.jpeg\" class=\"attachment-large size-large\" alt=\"\" srcset=\"https:\/\/agora.xtec.cat\/ceip-cristofor-mestre\/wp-content\/uploads\/usu89\/2021\/11\/WhatsApp-Image-2021-11-04-at-12.45.50-1024x769.jpeg 1024w, https:\/\/agora.xtec.cat\/ceip-cristofor-mestre\/wp-content\/uploads\/usu89\/2021\/11\/WhatsApp-Image-2021-11-04-at-12.45.50-300x225.jpeg 300w, https:\/\/agora.xtec.cat\/ceip-cristofor-mestre\/wp-content\/uploads\/usu89\/2021\/11\/WhatsApp-Image-2021-11-04-at-12.45.50-768x576.jpeg 768w, https:\/\/agora.xtec.cat\/ceip-cristofor-mestre\/wp-content\/uploads\/usu89\/2021\/11\/WhatsApp-Image-2021-11-04-at-12.45.50-1536x1153.jpeg 1536w, https:\/\/agora.xtec.cat\/ceip-cristofor-mestre\/wp-content\/uploads\/usu89\/2021\/11\/WhatsApp-Image-2021-11-04-at-12.45.50-200x150.jpeg 200w, https:\/\/agora.xtec.cat\/ceip-cristofor-mestre\/wp-content\/uploads\/usu89\/2021\/11\/WhatsApp-Image-2021-11-04-at-12.45.50.jpeg 1600w\" sizes=\"auto, (max-width: 1024px) 100vw, 1024px\" \/><\/a>\n\t\t\t<\/div><\/figure><figure class='gallery-item'>\n\t\t\t<div class='gallery-icon landscape'>\n\t\t\t\t<a href='https:\/\/agora.xtec.cat\/ceip-cristofor-mestre\/infantil\/p5-fa-el-taller-un-mar-de-brossa\/attachment\/whatsapp-image-2021-11-04-at-10-07-24-1\/'><img loading=\"lazy\" decoding=\"async\" width=\"1024\" height=\"576\" src=\"https:\/\/agora.xtec.cat\/ceip-cristofor-mestre\/wp-content\/uploads\/usu89\/2021\/11\/WhatsApp-Image-2021-11-04-at-10.07.24-1-1024x576.jpeg\" class=\"attachment-large size-large\" alt=\"\" srcset=\"https:\/\/agora.xtec.cat\/ceip-cristofor-mestre\/wp-content\/uploads\/usu89\/2021\/11\/WhatsApp-Image-2021-11-04-at-10.07.24-1-1024x576.jpeg 1024w, https:\/\/agora.xtec.cat\/ceip-cristofor-mestre\/wp-content\/uploads\/usu89\/2021\/11\/WhatsApp-Image-2021-11-04-at-10.07.24-1-300x169.jpeg 300w, https:\/\/agora.xtec.cat\/ceip-cristofor-mestre\/wp-content\/uploads\/usu89\/2021\/11\/WhatsApp-Image-2021-11-04-at-10.07.24-1-768x432.jpeg 768w, https:\/\/agora.xtec.cat\/ceip-cristofor-mestre\/wp-content\/uploads\/usu89\/2021\/11\/WhatsApp-Image-2021-11-04-at-10.07.24-1.jpeg 1328w\" sizes=\"auto, (max-width: 1024px) 100vw, 1024px\" \/><\/a>\n\t\t\t<\/div><\/figure><figure class='gallery-item'>\n\t\t\t<div class='gallery-icon landscape'>\n\t\t\t\t<a href='https:\/\/agora.xtec.cat\/ceip-cristofor-mestre\/infantil\/p5-fa-el-taller-un-mar-de-brossa\/attachment\/whatsapp-image-2021-11-04-at-10-07-24-2\/'><img loading=\"lazy\" decoding=\"async\" width=\"1024\" height=\"576\" src=\"https:\/\/agora.xtec.cat\/ceip-cristofor-mestre\/wp-content\/uploads\/usu89\/2021\/11\/WhatsApp-Image-2021-11-04-at-10.07.24-2-1024x576.jpeg\" class=\"attachment-large size-large\" alt=\"\" srcset=\"https:\/\/agora.xtec.cat\/ceip-cristofor-mestre\/wp-content\/uploads\/usu89\/2021\/11\/WhatsApp-Image-2021-11-04-at-10.07.24-2-1024x576.jpeg 1024w, https:\/\/agora.xtec.cat\/ceip-cristofor-mestre\/wp-content\/uploads\/usu89\/2021\/11\/WhatsApp-Image-2021-11-04-at-10.07.24-2-300x169.jpeg 300w, https:\/\/agora.xtec.cat\/ceip-cristofor-mestre\/wp-content\/uploads\/usu89\/2021\/11\/WhatsApp-Image-2021-11-04-at-10.07.24-2-768x432.jpeg 768w, https:\/\/agora.xtec.cat\/ceip-cristofor-mestre\/wp-content\/uploads\/usu89\/2021\/11\/WhatsApp-Image-2021-11-04-at-10.07.24-2.jpeg 1328w\" sizes=\"auto, (max-width: 1024px) 100vw, 1024px\" \/><\/a>\n\t\t\t<\/div><\/figure><figure class='gallery-item'>\n\t\t\t<div class='gallery-icon landscape'>\n\t\t\t\t<a href='https:\/\/agora.xtec.cat\/ceip-cristofor-mestre\/infantil\/p5-fa-el-taller-un-mar-de-brossa\/attachment\/whatsapp-image-2021-11-04-at-10-07-24-3\/'><img loading=\"lazy\" decoding=\"async\" width=\"1024\" height=\"576\" src=\"https:\/\/agora.xtec.cat\/ceip-cristofor-mestre\/wp-content\/uploads\/usu89\/2021\/11\/WhatsApp-Image-2021-11-04-at-10.07.24-3-1024x576.jpeg\" class=\"attachment-large size-large\" alt=\"\" srcset=\"https:\/\/agora.xtec.cat\/ceip-cristofor-mestre\/wp-content\/uploads\/usu89\/2021\/11\/WhatsApp-Image-2021-11-04-at-10.07.24-3-1024x576.jpeg 1024w, https:\/\/agora.xtec.cat\/ceip-cristofor-mestre\/wp-content\/uploads\/usu89\/2021\/11\/WhatsApp-Image-2021-11-04-at-10.07.24-3-300x169.jpeg 300w, https:\/\/agora.xtec.cat\/ceip-cristofor-mestre\/wp-content\/uploads\/usu89\/2021\/11\/WhatsApp-Image-2021-11-04-at-10.07.24-3-768x432.jpeg 768w, https:\/\/agora.xtec.cat\/ceip-cristofor-mestre\/wp-content\/uploads\/usu89\/2021\/11\/WhatsApp-Image-2021-11-04-at-10.07.24-3.jpeg 1328w\" sizes=\"auto, (max-width: 1024px) 100vw, 1024px\" \/><\/a>\n\t\t\t<\/div><\/figure><figure class='gallery-item'>\n\t\t\t<div class='gallery-icon landscape'>\n\t\t\t\t<a href='https:\/\/agora.xtec.cat\/ceip-cristofor-mestre\/infantil\/p5-fa-el-taller-un-mar-de-brossa\/attachment\/whatsapp-image-2021-11-04-at-10-07-24\/'><img loading=\"lazy\" decoding=\"async\" width=\"1024\" height=\"576\" src=\"https:\/\/agora.xtec.cat\/ceip-cristofor-mestre\/wp-content\/uploads\/usu89\/2021\/11\/WhatsApp-Image-2021-11-04-at-10.07.24-1024x576.jpeg\" class=\"attachment-large size-large\" alt=\"\" srcset=\"https:\/\/agora.xtec.cat\/ceip-cristofor-mestre\/wp-content\/uploads\/usu89\/2021\/11\/WhatsApp-Image-2021-11-04-at-10.07.24-1024x576.jpeg 1024w, https:\/\/agora.xtec.cat\/ceip-cristofor-mestre\/wp-content\/uploads\/usu89\/2021\/11\/WhatsApp-Image-2021-11-04-at-10.07.24-300x169.jpeg 300w, https:\/\/agora.xtec.cat\/ceip-cristofor-mestre\/wp-content\/uploads\/usu89\/2021\/11\/WhatsApp-Image-2021-11-04-at-10.07.24-768x432.jpeg 768w, https:\/\/agora.xtec.cat\/ceip-cristofor-mestre\/wp-content\/uploads\/usu89\/2021\/11\/WhatsApp-Image-2021-11-04-at-10.07.24.jpeg 1328w\" sizes=\"auto, (max-width: 1024px) 100vw, 1024px\" \/><\/a>\n\t\t\t<\/div><\/figure><figure class='gallery-item'>\n\t\t\t<div class='gallery-icon landscape'>\n\t\t\t\t<a href='https:\/\/agora.xtec.cat\/ceip-cristofor-mestre\/infantil\/p5-fa-el-taller-un-mar-de-brossa\/attachment\/whatsapp-image-2021-11-04-at-10-07-25-1\/'><img loading=\"lazy\" decoding=\"async\" width=\"1024\" height=\"576\" src=\"https:\/\/agora.xtec.cat\/ceip-cristofor-mestre\/wp-content\/uploads\/usu89\/2021\/11\/WhatsApp-Image-2021-11-04-at-10.07.25-1-1024x576.jpeg\" class=\"attachment-large size-large\" alt=\"\" srcset=\"https:\/\/agora.xtec.cat\/ceip-cristofor-mestre\/wp-content\/uploads\/usu89\/2021\/11\/WhatsApp-Image-2021-11-04-at-10.07.25-1-1024x576.jpeg 1024w, https:\/\/agora.xtec.cat\/ceip-cristofor-mestre\/wp-content\/uploads\/usu89\/2021\/11\/WhatsApp-Image-2021-11-04-at-10.07.25-1-300x169.jpeg 300w, https:\/\/agora.xtec.cat\/ceip-cristofor-mestre\/wp-content\/uploads\/usu89\/2021\/11\/WhatsApp-Image-2021-11-04-at-10.07.25-1-768x432.jpeg 768w, https:\/\/agora.xtec.cat\/ceip-cristofor-mestre\/wp-content\/uploads\/usu89\/2021\/11\/WhatsApp-Image-2021-11-04-at-10.07.25-1.jpeg 1328w\" sizes=\"auto, (max-width: 1024px) 100vw, 1024px\" \/><\/a>\n\t\t\t<\/div><\/figure><figure class='gallery-item'>\n\t\t\t<div class='gallery-icon landscape'>\n\t\t\t\t<a href='https:\/\/agora.xtec.cat\/ceip-cristofor-mestre\/infantil\/p5-fa-el-taller-un-mar-de-brossa\/attachment\/whatsapp-image-2021-11-04-at-10-07-25-2\/'><img loading=\"lazy\" decoding=\"async\" width=\"1024\" height=\"576\" src=\"https:\/\/agora.xtec.cat\/ceip-cristofor-mestre\/wp-content\/uploads\/usu89\/2021\/11\/WhatsApp-Image-2021-11-04-at-10.07.25-2-1024x576.jpeg\" class=\"attachment-large size-large\" alt=\"\" srcset=\"https:\/\/agora.xtec.cat\/ceip-cristofor-mestre\/wp-content\/uploads\/usu89\/2021\/11\/WhatsApp-Image-2021-11-04-at-10.07.25-2-1024x576.jpeg 1024w, https:\/\/agora.xtec.cat\/ceip-cristofor-mestre\/wp-content\/uploads\/usu89\/2021\/11\/WhatsApp-Image-2021-11-04-at-10.07.25-2-300x169.jpeg 300w, https:\/\/agora.xtec.cat\/ceip-cristofor-mestre\/wp-content\/uploads\/usu89\/2021\/11\/WhatsApp-Image-2021-11-04-at-10.07.25-2-768x432.jpeg 768w, https:\/\/agora.xtec.cat\/ceip-cristofor-mestre\/wp-content\/uploads\/usu89\/2021\/11\/WhatsApp-Image-2021-11-04-at-10.07.25-2.jpeg 1328w\" sizes=\"auto, (max-width: 1024px) 100vw, 1024px\" \/><\/a>\n\t\t\t<\/div><\/figure><figure class='gallery-item'>\n\t\t\t<div class='gallery-icon landscape'>\n\t\t\t\t<a href='https:\/\/agora.xtec.cat\/ceip-cristofor-mestre\/infantil\/p5-fa-el-taller-un-mar-de-brossa\/attachment\/whatsapp-image-2021-11-04-at-10-07-25\/'><img loading=\"lazy\" decoding=\"async\" width=\"1024\" height=\"576\" src=\"https:\/\/agora.xtec.cat\/ceip-cristofor-mestre\/wp-content\/uploads\/usu89\/2021\/11\/WhatsApp-Image-2021-11-04-at-10.07.25-1024x576.jpeg\" class=\"attachment-large size-large\" alt=\"\" srcset=\"https:\/\/agora.xtec.cat\/ceip-cristofor-mestre\/wp-content\/uploads\/usu89\/2021\/11\/WhatsApp-Image-2021-11-04-at-10.07.25-1024x576.jpeg 1024w, https:\/\/agora.xtec.cat\/ceip-cristofor-mestre\/wp-content\/uploads\/usu89\/2021\/11\/WhatsApp-Image-2021-11-04-at-10.07.25-300x169.jpeg 300w, https:\/\/agora.xtec.cat\/ceip-cristofor-mestre\/wp-content\/uploads\/usu89\/2021\/11\/WhatsApp-Image-2021-11-04-at-10.07.25-768x432.jpeg 768w, https:\/\/agora.xtec.cat\/ceip-cristofor-mestre\/wp-content\/uploads\/usu89\/2021\/11\/WhatsApp-Image-2021-11-04-at-10.07.25.jpeg 1328w\" sizes=\"auto, (max-width: 1024px) 100vw, 1024px\" \/><\/a>\n\t\t\t<\/div><\/figure>\n\t\t<\/div>\n\n","protected":false},"excerpt":{"rendered":"<p>Taller de la Mancomunitat a P5<\/p>\n","protected":false},"author":1,"featured_media":4895,"comment_status":"closed","ping_status":"closed","sticky":false,"template":"","format":"standard","meta":{"_bbp_topic_count":0,"_bbp_reply_count":0,"_bbp_total_topic_count":0,"_bbp_total_reply_count":0,"_bbp_voice_count":0,"_bbp_anonymous_reply_count":0,"_bbp_topic_count_hidden":0,"_bbp_reply_count_hidden":0,"_bbp_forum_subforum_count":0,"site-sidebar-layout":"default","site-content-layout":"","ast-site-content-layout":"","site-content-style":"default","site-sidebar-style":"default","ast-global-header-display":"","ast-banner-title-visibility":"","ast-main-header-display":"","ast-hfb-above-header-display":"","ast-hfb-below-header-display":"","ast-hfb-mobile-header-display":"","site-post-title":"","ast-breadcrumbs-content":"","ast-featured-img":"","footer-sml-layout":"","theme-transparent-header-meta":"","adv-header-id-meta":"","stick-header-meta":"","header-above-stick-meta":"","header-main-stick-meta":"","header-below-stick-meta":"","astra-migrate-meta-layouts":"default","ast-page-background-enabled":"default","ast-page-background-meta":{"desktop":{"background-color":"var(--ast-global-color-4)","background-image":"","background-repeat":"repeat","background-position":"center center","background-size":"auto","background-attachment":"scroll","background-type":"","background-media":"","overlay-type":"","overlay-color":"","overlay-opacity":"","overlay-gradient":""},"tablet":{"background-color":"","background-image":"","background-repeat":"repeat","background-position":"center center","background-size":"auto","background-attachment":"scroll","background-type":"","background-media":"","overlay-type":"","overlay-color":"","overlay-opacity":"","overlay-gradient":""},"mobile":{"background-color":"","background-image":"","background-repeat":"repeat","background-position":"center center","background-size":"auto","background-attachment":"scroll","background-type":"","background-media":"","overlay-type":"","overlay-color":"","overlay-opacity":"","overlay-gradient":""}},"ast-content-background-meta":{"desktop":{"background-color":"var(--ast-global-color-5)","background-image":"","background-repeat":"repeat","background-position":"center center","background-size":"auto","background-attachment":"scroll","background-type":"","background-media":"","overlay-type":"","overlay-color":"","overlay-opacity":"","overlay-gradient":""},"tablet":{"background-color":"var(--ast-global-color-5)","background-image":"","background-repeat":"repeat","background-position":"center center","background-size":"auto","background-attachment":"scroll","background-type":"","background-media":"","overlay-type":"","overlay-color":"","overlay-opacity":"","overlay-gradient":""},"mobile":{"background-color":"var(--ast-global-color-5)","background-image":"","background-repeat":"repeat","background-position":"center center","background-size":"auto","background-attachment":"scroll","background-type":"","background-media":"","overlay-type":"","overlay-color":"","overlay-opacity":"","overlay-gradient":""}},"footnotes":""},"categories":[2,4],"tags":[],"class_list":["post-4885","post","type-post","status-publish","format-standard","has-post-thumbnail","hentry","category-infantil","category-portada"],"post_mailing_queue_ids":[],"_links":{"self":[{"href":"https:\/\/agora.xtec.cat\/ceip-cristofor-mestre\/wp-json\/wp\/v2\/posts\/4885","targetHints":{"allow":["GET"]}}],"collection":[{"href":"https:\/\/agora.xtec.cat\/ceip-cristofor-mestre\/wp-json\/wp\/v2\/posts"}],"about":[{"href":"https:\/\/agora.xtec.cat\/ceip-cristofor-mestre\/wp-json\/wp\/v2\/types\/post"}],"author":[{"embeddable":true,"href":"https:\/\/agora.xtec.cat\/ceip-cristofor-mestre\/wp-json\/wp\/v2\/users\/1"}],"replies":[{"embeddable":true,"href":"https:\/\/agora.xtec.cat\/ceip-cristofor-mestre\/wp-json\/wp\/v2\/comments?post=4885"}],"version-history":[{"count":1,"href":"https:\/\/agora.xtec.cat\/ceip-cristofor-mestre\/wp-json\/wp\/v2\/posts\/4885\/revisions"}],"predecessor-version":[{"id":4900,"href":"https:\/\/agora.xtec.cat\/ceip-cristofor-mestre\/wp-json\/wp\/v2\/posts\/4885\/revisions\/4900"}],"wp:featuredmedia":[{"embeddable":true,"href":"https:\/\/agora.xtec.cat\/ceip-cristofor-mestre\/wp-json\/wp\/v2\/media\/4895"}],"wp:attachment":[{"href":"https:\/\/agora.xtec.cat\/ceip-cristofor-mestre\/wp-json\/wp\/v2\/media?parent=4885"}],"wp:term":[{"taxonomy":"category","embeddable":true,"href":"https:\/\/agora.xtec.cat\/ceip-cristofor-mestre\/wp-json\/wp\/v2\/categories?post=4885"},{"taxonomy":"post_tag","embeddable":true,"href":"https:\/\/agora.xtec.cat\/ceip-cristofor-mestre\/wp-json\/wp\/v2\/tags?post=4885"}],"curies":[{"name":"wp","href":"https:\/\/api.w.org\/{rel}","templated":true}]}}