{"id":4302,"date":"2021-04-09T17:16:28","date_gmt":"2021-04-09T15:16:28","guid":{"rendered":"https:\/\/agora.xtec.cat\/ceip-cristofor-mestre\/?p=4302"},"modified":"2021-04-09T17:17:05","modified_gmt":"2021-04-09T15:17:05","slug":"visualitzem-el-reciclatge","status":"publish","type":"post","link":"https:\/\/agora.xtec.cat\/ceip-cristofor-mestre\/general\/visualitzem-el-reciclatge\/","title":{"rendered":"VISUALITZEM EL RECICLATGE"},"content":{"rendered":"<p>Aquest mat\u00ed els alumnes de 5\u00e8 han culminat el treball que van comen\u00e7ar el 2n trimestre.<\/p>\n<p>Durant el 2n trimestre vam aprendre qu\u00e8 era l&#8217;\u00e0rea i el per\u00edmetre i vam descobrir com fer-ne els c\u00e0lculs en figures planes i cossos geom\u00e8trics. I nom\u00e9s ens quedava posar-ho en pr\u00e0ctica.<\/p>\n<p>El primer era saber l&#8217;objectiu: pintar les columnes del porxo amb els colors de reciclatge (groc, verd, blau, marr\u00f3 i gris).<\/p>\n<p><img loading=\"lazy\" decoding=\"async\" class=\"aligncenter size-medium wp-image-4305\" src=\"https:\/\/agora.xtec.cat\/ceip-cristofor-mestre\/wp-content\/uploads\/usu89\/2021\/04\/paint_02-300x225.jpg\" alt=\"\" width=\"300\" height=\"225\" srcset=\"https:\/\/agora.xtec.cat\/ceip-cristofor-mestre\/wp-content\/uploads\/usu89\/2021\/04\/paint_02-300x225.jpg 300w, https:\/\/agora.xtec.cat\/ceip-cristofor-mestre\/wp-content\/uploads\/usu89\/2021\/04\/paint_02-768x576.jpg 768w, https:\/\/agora.xtec.cat\/ceip-cristofor-mestre\/wp-content\/uploads\/usu89\/2021\/04\/paint_02-1024x768.jpg 1024w, https:\/\/agora.xtec.cat\/ceip-cristofor-mestre\/wp-content\/uploads\/usu89\/2021\/04\/paint_02-200x150.jpg 200w\" sizes=\"auto, (max-width: 300px) 100vw, 300px\" \/><\/p>\n<p>Vam veure que els residus que es generen a l&#8217;escola s\u00f3n majorit\u00e0riament pl\u00e0stics, paper i mat\u00e8ria org\u00e0nica. Aix\u00ed van quedar clar els colors a fer servir: marr\u00f3, blau i groc.<\/p>\n<p>El seg\u00fcent pas era calcular la superf\u00edcie (\u00e0rea) de les columnes per saber la quantitat aproximada de pintura que haur\u00edem de comprar. Vam aprendre que, en general, els pots de pintura indiquen, en metres quadrats, la superf\u00edcie que pots pintar amb la quantitat de pintura que hi ha dins el recipient que tens a les mans.<\/p>\n<p><strong>FOTOS C\u00c0LCULS<\/strong><\/p>\n<p>Un cop fets tots els c\u00e0lculs, era hora de pintar! Per\u00f2 caldria esperar a aquest 3r trimestre&#8230;<\/p>\n<p>Per sorpresa, i gr\u00e0cies a l&#8217;Annabel, l&#8217;ajuntament ens va cedir pintura adequada per a poder pintar les columnes. Tamb\u00e9 vam aconseguir el material indispensable d&#8217;un bon pintor: corrons i pinzells, cinta de carrosser i cartrons i draps per cobrir el terra. A m\u00e9s, ja que hi \u00e9rem posats, ens van portar pintura taronja per pintar les altres dues columnes, que tamb\u00e9 estaven una mica degradades.<\/p>\n<p>I avui ha estat el gran dia. El final, molt esperat, d&#8217;aquesta activitat.<\/p>\n<p><a title=\"5\u00e8 FA C\u00c0LCULS PER PINTAR EL PORXO DE L'ESCOLA\" href=\"https:\/\/www.flickr.com\/photos\/192354728@N07\/albums\/72157718902544837\" data-flickr-embed=\"true\"><img loading=\"lazy\" decoding=\"async\" src=\"https:\/\/live.staticflickr.com\/65535\/51105116643_6f13763fbb_z.jpg\" alt=\"5\u00e8 FA C\u00c0LCULS PER PINTAR EL PORXO DE L'ESCOLA\" width=\"640\" height=\"480\" \/><\/a><script async src=\"\/\/embedr.flickr.com\/assets\/client-code.js\" charset=\"utf-8\"><\/script><\/p>\n<p><strong>FOTOS PINTAR<\/strong><\/p>\n<p>Per acabar, amb dist\u00e0ncia i des de les portes d&#8217;acc\u00e9s, els i les alumnes han informat a les diferents classes del perqu\u00e8 d&#8217;aquests colors. Doncs sota cada columna pintada hi ha una paperera; que nom\u00e9s pot rebre residus del material adequat.<\/p>\n<p><img loading=\"lazy\" decoding=\"async\" class=\"aligncenter size-medium wp-image-4313\" src=\"https:\/\/agora.xtec.cat\/ceip-cristofor-mestre\/wp-content\/uploads\/usu89\/2021\/04\/paint_05-1-300x225.jpg\" alt=\"\" width=\"300\" height=\"225\" srcset=\"https:\/\/agora.xtec.cat\/ceip-cristofor-mestre\/wp-content\/uploads\/usu89\/2021\/04\/paint_05-1-300x225.jpg 300w, https:\/\/agora.xtec.cat\/ceip-cristofor-mestre\/wp-content\/uploads\/usu89\/2021\/04\/paint_05-1-768x576.jpg 768w, https:\/\/agora.xtec.cat\/ceip-cristofor-mestre\/wp-content\/uploads\/usu89\/2021\/04\/paint_05-1-1024x768.jpg 1024w, https:\/\/agora.xtec.cat\/ceip-cristofor-mestre\/wp-content\/uploads\/usu89\/2021\/04\/paint_05-1-200x150.jpg 200w\" sizes=\"auto, (max-width: 300px) 100vw, 300px\" \/><br \/>\n<a data-flickr-embed=\"true\" href=\"https:\/\/www.flickr.com\/photos\/192354728@N07\/albums\/72157718888987208\" title=\"5\u00e8 PINTA EL PORXO DE L&#x27;ESCOLA\"><img loading=\"lazy\" decoding=\"async\" src=\"https:\/\/live.staticflickr.com\/65535\/51104893576_04a3fdd0a2.jpg\" width=\"640\" height=\"480\" alt=\"5\u00e8 PINTA EL PORXO DE L&#x27;ESCOLA\"><\/a><script async src=\"\/\/embedr.flickr.com\/assets\/client-code.js\" charset=\"utf-8\"><\/script><\/p>\n","protected":false},"excerpt":{"rendered":"<p>Aquest mat\u00ed els alumnes de 5\u00e8 han culminat el treball que van comen\u00e7ar el 2n trimestre<\/p>\n","protected":false},"author":1,"featured_media":4304,"comment_status":"closed","ping_status":"closed","sticky":false,"template":"","format":"standard","meta":{"_bbp_topic_count":0,"_bbp_reply_count":0,"_bbp_total_topic_count":0,"_bbp_total_reply_count":0,"_bbp_voice_count":0,"_bbp_anonymous_reply_count":0,"_bbp_topic_count_hidden":0,"_bbp_reply_count_hidden":0,"_bbp_forum_subforum_count":0,"site-sidebar-layout":"default","site-content-layout":"","ast-site-content-layout":"","site-content-style":"default","site-sidebar-style":"default","ast-global-header-display":"","ast-banner-title-visibility":"","ast-main-header-display":"","ast-hfb-above-header-display":"","ast-hfb-below-header-display":"","ast-hfb-mobile-header-display":"","site-post-title":"","ast-breadcrumbs-content":"","ast-featured-img":"","footer-sml-layout":"","theme-transparent-header-meta":"","adv-header-id-meta":"","stick-header-meta":"","header-above-stick-meta":"","header-main-stick-meta":"","header-below-stick-meta":"","astra-migrate-meta-layouts":"default","ast-page-background-enabled":"default","ast-page-background-meta":{"desktop":{"background-color":"var(--ast-global-color-4)","background-image":"","background-repeat":"repeat","background-position":"center center","background-size":"auto","background-attachment":"scroll","background-type":"","background-media":"","overlay-type":"","overlay-color":"","overlay-opacity":"","overlay-gradient":""},"tablet":{"background-color":"","background-image":"","background-repeat":"repeat","background-position":"center center","background-size":"auto","background-attachment":"scroll","background-type":"","background-media":"","overlay-type":"","overlay-color":"","overlay-opacity":"","overlay-gradient":""},"mobile":{"background-color":"","background-image":"","background-repeat":"repeat","background-position":"center center","background-size":"auto","background-attachment":"scroll","background-type":"","background-media":"","overlay-type":"","overlay-color":"","overlay-opacity":"","overlay-gradient":""}},"ast-content-background-meta":{"desktop":{"background-color":"var(--ast-global-color-5)","background-image":"","background-repeat":"repeat","background-position":"center center","background-size":"auto","background-attachment":"scroll","background-type":"","background-media":"","overlay-type":"","overlay-color":"","overlay-opacity":"","overlay-gradient":""},"tablet":{"background-color":"var(--ast-global-color-5)","background-image":"","background-repeat":"repeat","background-position":"center center","background-size":"auto","background-attachment":"scroll","background-type":"","background-media":"","overlay-type":"","overlay-color":"","overlay-opacity":"","overlay-gradient":""},"mobile":{"background-color":"var(--ast-global-color-5)","background-image":"","background-repeat":"repeat","background-position":"center center","background-size":"auto","background-attachment":"scroll","background-type":"","background-media":"","overlay-type":"","overlay-color":"","overlay-opacity":"","overlay-gradient":""}},"footnotes":""},"categories":[75,1,4],"tags":[],"class_list":["post-4302","post","type-post","status-publish","format-standard","has-post-thumbnail","hentry","category-cicle-superior","category-general","category-portada"],"post_mailing_queue_ids":[],"_links":{"self":[{"href":"https:\/\/agora.xtec.cat\/ceip-cristofor-mestre\/wp-json\/wp\/v2\/posts\/4302","targetHints":{"allow":["GET"]}}],"collection":[{"href":"https:\/\/agora.xtec.cat\/ceip-cristofor-mestre\/wp-json\/wp\/v2\/posts"}],"about":[{"href":"https:\/\/agora.xtec.cat\/ceip-cristofor-mestre\/wp-json\/wp\/v2\/types\/post"}],"author":[{"embeddable":true,"href":"https:\/\/agora.xtec.cat\/ceip-cristofor-mestre\/wp-json\/wp\/v2\/users\/1"}],"replies":[{"embeddable":true,"href":"https:\/\/agora.xtec.cat\/ceip-cristofor-mestre\/wp-json\/wp\/v2\/comments?post=4302"}],"version-history":[{"count":3,"href":"https:\/\/agora.xtec.cat\/ceip-cristofor-mestre\/wp-json\/wp\/v2\/posts\/4302\/revisions"}],"predecessor-version":[{"id":4319,"href":"https:\/\/agora.xtec.cat\/ceip-cristofor-mestre\/wp-json\/wp\/v2\/posts\/4302\/revisions\/4319"}],"wp:featuredmedia":[{"embeddable":true,"href":"https:\/\/agora.xtec.cat\/ceip-cristofor-mestre\/wp-json\/wp\/v2\/media\/4304"}],"wp:attachment":[{"href":"https:\/\/agora.xtec.cat\/ceip-cristofor-mestre\/wp-json\/wp\/v2\/media?parent=4302"}],"wp:term":[{"taxonomy":"category","embeddable":true,"href":"https:\/\/agora.xtec.cat\/ceip-cristofor-mestre\/wp-json\/wp\/v2\/categories?post=4302"},{"taxonomy":"post_tag","embeddable":true,"href":"https:\/\/agora.xtec.cat\/ceip-cristofor-mestre\/wp-json\/wp\/v2\/tags?post=4302"}],"curies":[{"name":"wp","href":"https:\/\/api.w.org\/{rel}","templated":true}]}}