{"id":4246,"date":"2021-03-19T13:35:31","date_gmt":"2021-03-19T12:35:31","guid":{"rendered":"https:\/\/agora.xtec.cat\/ceip-cristofor-mestre\/?p=4246"},"modified":"2021-03-19T19:24:21","modified_gmt":"2021-03-19T18:24:21","slug":"4t-taller-desport-inclusiu","status":"publish","type":"post","link":"https:\/\/agora.xtec.cat\/ceip-cristofor-mestre\/general\/4t-taller-desport-inclusiu\/","title":{"rendered":"4t TALLER D&#8217;ESPORT INCLUSIU"},"content":{"rendered":"<p>L&#8217;alumnat de 4t ha realitzat durant tot el mat\u00ed un taller d&#8217;esport inclusiu, dinamitzat per membres de l&#8217;associaci\u00f3 ACTIVA&#8217;T.<\/p>\n<p>Es tracta d\u2019un programa d\u2019educaci\u00f3 que t\u00e9 com a finalitat crear a les escoles consci\u00e8ncia i comprensi\u00f3 envers les persones amb discapacitat.<\/p>\n<p>Aquesta activitat consta de dues parts:<\/p>\n<ul>\n<li>La primera \u00e9s una xerrada d&#8217;un esportista paral\u00edmpic que ens explica els valors, l&#8217;esfor\u00e7 i la superaci\u00f3 relacionats amb la discapacitat i amb l&#8217;esport adaptat.<\/li>\n<li>La segona \u00e9s una activitat multiesportiva on han pogut duur a la pr\u00e0ctica el b\u00e0squet amb cadira de rodes<span style=\"font-family: inherit; font-size: 1em;\">\u00a0i la boccia, per poder\u00a0<\/span><span style=\"font-family: inherit; font-size: 1em;\">experimentar de\u00a0<\/span><span style=\"font-family: inherit; font-size: 1em;\">primera m\u00e0 les sensacions de practicar esport amb altres capacitats.<\/span><\/li>\n<\/ul>\n<p><a data-flickr-embed=\"true\" href=\"https:\/\/www.flickr.com\/photos\/192354728@N07\/albums\/72157718709125258\" title=\"TALLER D&#x27;ESPORT INCLUSIU\"><img loading=\"lazy\" decoding=\"async\" src=\"https:\/\/live.staticflickr.com\/65535\/51052108653_623e5eb41c_z.jpg\" width=\"640\" height=\"480\" alt=\"TALLER D&#x27;ESPORT INCLUSIU\"><\/a><script async src=\"\/\/embedr.flickr.com\/assets\/client-code.js\" charset=\"utf-8\"><\/script><\/p>\n","protected":false},"excerpt":{"rendered":"<p>L&#8217;alumnat de 4t ha realitzat durant tot el mat\u00ed un taller d&#8217;esport inclusiu, dinamitzat per membres de l&#8217;associaci\u00f3 ACTIVA&#8217;T. Es tracta d\u2019un programa d\u2019educaci\u00f3 que t\u00e9 com a finalitat crear a les escoles consci\u00e8ncia i comprensi\u00f3 envers les persones amb discapacitat. Aquesta activitat consta de dues parts: La primera \u00e9s una xerrada d&#8217;un esportista paral\u00edmpic [&hellip;]<\/p>\n","protected":false},"author":1,"featured_media":1285,"comment_status":"closed","ping_status":"closed","sticky":false,"template":"","format":"standard","meta":{"_bbp_topic_count":0,"_bbp_reply_count":0,"_bbp_total_topic_count":0,"_bbp_total_reply_count":0,"_bbp_voice_count":0,"_bbp_anonymous_reply_count":0,"_bbp_topic_count_hidden":0,"_bbp_reply_count_hidden":0,"_bbp_forum_subforum_count":0,"site-sidebar-layout":"default","site-content-layout":"","ast-site-content-layout":"","site-content-style":"default","site-sidebar-style":"default","ast-global-header-display":"","ast-banner-title-visibility":"","ast-main-header-display":"","ast-hfb-above-header-display":"","ast-hfb-below-header-display":"","ast-hfb-mobile-header-display":"","site-post-title":"","ast-breadcrumbs-content":"","ast-featured-img":"","footer-sml-layout":"","theme-transparent-header-meta":"","adv-header-id-meta":"","stick-header-meta":"","header-above-stick-meta":"","header-main-stick-meta":"","header-below-stick-meta":"","astra-migrate-meta-layouts":"default","ast-page-background-enabled":"default","ast-page-background-meta":{"desktop":{"background-color":"var(--ast-global-color-4)","background-image":"","background-repeat":"repeat","background-position":"center center","background-size":"auto","background-attachment":"scroll","background-type":"","background-media":"","overlay-type":"","overlay-color":"","overlay-opacity":"","overlay-gradient":""},"tablet":{"background-color":"","background-image":"","background-repeat":"repeat","background-position":"center center","background-size":"auto","background-attachment":"scroll","background-type":"","background-media":"","overlay-type":"","overlay-color":"","overlay-opacity":"","overlay-gradient":""},"mobile":{"background-color":"","background-image":"","background-repeat":"repeat","background-position":"center center","background-size":"auto","background-attachment":"scroll","background-type":"","background-media":"","overlay-type":"","overlay-color":"","overlay-opacity":"","overlay-gradient":""}},"ast-content-background-meta":{"desktop":{"background-color":"var(--ast-global-color-5)","background-image":"","background-repeat":"repeat","background-position":"center center","background-size":"auto","background-attachment":"scroll","background-type":"","background-media":"","overlay-type":"","overlay-color":"","overlay-opacity":"","overlay-gradient":""},"tablet":{"background-color":"var(--ast-global-color-5)","background-image":"","background-repeat":"repeat","background-position":"center center","background-size":"auto","background-attachment":"scroll","background-type":"","background-media":"","overlay-type":"","overlay-color":"","overlay-opacity":"","overlay-gradient":""},"mobile":{"background-color":"var(--ast-global-color-5)","background-image":"","background-repeat":"repeat","background-position":"center center","background-size":"auto","background-attachment":"scroll","background-type":"","background-media":"","overlay-type":"","overlay-color":"","overlay-opacity":"","overlay-gradient":""}},"footnotes":""},"categories":[74,130,1,4,5],"tags":[],"class_list":["post-4246","post","type-post","status-publish","format-standard","has-post-thumbnail","hentry","category-cicle-mitja","category-educacio-fisica","category-general","category-portada","category-primaria"],"post_mailing_queue_ids":[],"_links":{"self":[{"href":"https:\/\/agora.xtec.cat\/ceip-cristofor-mestre\/wp-json\/wp\/v2\/posts\/4246","targetHints":{"allow":["GET"]}}],"collection":[{"href":"https:\/\/agora.xtec.cat\/ceip-cristofor-mestre\/wp-json\/wp\/v2\/posts"}],"about":[{"href":"https:\/\/agora.xtec.cat\/ceip-cristofor-mestre\/wp-json\/wp\/v2\/types\/post"}],"author":[{"embeddable":true,"href":"https:\/\/agora.xtec.cat\/ceip-cristofor-mestre\/wp-json\/wp\/v2\/users\/1"}],"replies":[{"embeddable":true,"href":"https:\/\/agora.xtec.cat\/ceip-cristofor-mestre\/wp-json\/wp\/v2\/comments?post=4246"}],"version-history":[{"count":3,"href":"https:\/\/agora.xtec.cat\/ceip-cristofor-mestre\/wp-json\/wp\/v2\/posts\/4246\/revisions"}],"predecessor-version":[{"id":4251,"href":"https:\/\/agora.xtec.cat\/ceip-cristofor-mestre\/wp-json\/wp\/v2\/posts\/4246\/revisions\/4251"}],"wp:featuredmedia":[{"embeddable":true,"href":"https:\/\/agora.xtec.cat\/ceip-cristofor-mestre\/wp-json\/wp\/v2\/media\/1285"}],"wp:attachment":[{"href":"https:\/\/agora.xtec.cat\/ceip-cristofor-mestre\/wp-json\/wp\/v2\/media?parent=4246"}],"wp:term":[{"taxonomy":"category","embeddable":true,"href":"https:\/\/agora.xtec.cat\/ceip-cristofor-mestre\/wp-json\/wp\/v2\/categories?post=4246"},{"taxonomy":"post_tag","embeddable":true,"href":"https:\/\/agora.xtec.cat\/ceip-cristofor-mestre\/wp-json\/wp\/v2\/tags?post=4246"}],"curies":[{"name":"wp","href":"https:\/\/api.w.org\/{rel}","templated":true}]}}