{"id":4225,"date":"2021-03-16T13:38:19","date_gmt":"2021-03-16T12:38:19","guid":{"rendered":"https:\/\/agora.xtec.cat\/ceip-cristofor-mestre\/?p=4225"},"modified":"2021-03-16T13:38:19","modified_gmt":"2021-03-16T12:38:19","slug":"fira-musical-2021","status":"publish","type":"post","link":"https:\/\/agora.xtec.cat\/ceip-cristofor-mestre\/portada\/fira-musical-2021\/","title":{"rendered":"FIRA MUSICAL 2021"},"content":{"rendered":"<p>La fira musical escolar de Vilafranca arriba a l&#8217;escola Crist\u00f2for Mestre!<br \/>\nAquest any els m\u00fasics es desplacen a cada escola per oferir les audicions, que s\u2019havien fet altres anys en espais de l\u2019Escola Municipal de M\u00fasica M D Calvet. Es faran un total de 207 audicions de petit format adre\u00e7ades als 1.913 nens i nenes que cursen de 1r a 4t de prim\u00e0ria a les deu escoles de Vilafranca.<\/p>\n<p>L\u2019activitat preveu una programaci\u00f3 que s\u2019aplica al llarg de quatre cursos escolars. Cada curs es dissenya un paquet de tres audicions. Amb aix\u00f2 s\u2019aconsegueix que, en acabar els quatre primers cursos de prim\u00e0ria, els nens i nenes de les escoles de la Vila hagin participat en un total de dotze audicions diferents -tres per any- aconseguint un coneixement molt vivencial d\u2019un gran nombre d\u2019instruments i l\u2019experimentaci\u00f3 de la m\u00fasica en directe. Enguany, la proposta que s\u2019ha dissenyat consta de tres audicions: fam\u00edlia de saxos, fagot i obo\u00e8 i instruments tradicionals catalans.<br \/>\n<a href=\"https:\/\/photos.app.goo.gl\/jKq7vqZwN79D8dVN6\" target=\"_blank\" rel=\"noopener noreferrer\"><img loading=\"lazy\" decoding=\"async\" class=\"aligncenter wp-image-3370 size-thumbnail\" src=\"https:\/\/agora.xtec.cat\/ceip-cristofor-mestre\/wp-content\/uploads\/usu89\/2020\/07\/1280px-Google_Photos_icon_2020.svg_-150x150.png\" alt=\"\" width=\"150\" height=\"150\" srcset=\"https:\/\/agora.xtec.cat\/ceip-cristofor-mestre\/wp-content\/uploads\/usu89\/2020\/07\/1280px-Google_Photos_icon_2020.svg_-150x150.png 150w, https:\/\/agora.xtec.cat\/ceip-cristofor-mestre\/wp-content\/uploads\/usu89\/2020\/07\/1280px-Google_Photos_icon_2020.svg_-300x300.png 300w, https:\/\/agora.xtec.cat\/ceip-cristofor-mestre\/wp-content\/uploads\/usu89\/2020\/07\/1280px-Google_Photos_icon_2020.svg_-768x768.png 768w, https:\/\/agora.xtec.cat\/ceip-cristofor-mestre\/wp-content\/uploads\/usu89\/2020\/07\/1280px-Google_Photos_icon_2020.svg_-1024x1024.png 1024w, https:\/\/agora.xtec.cat\/ceip-cristofor-mestre\/wp-content\/uploads\/usu89\/2020\/07\/1280px-Google_Photos_icon_2020.svg_.png 1280w\" sizes=\"auto, (max-width: 150px) 100vw, 150px\" \/><\/a><\/p>\n","protected":false},"excerpt":{"rendered":"<p>Gr\u00e0cies als m\u00fasics per portar-nos els seus instruments i la seva m\u00fasica a l&#8217;escola! Bravo!<\/p>\n","protected":false},"author":1,"featured_media":4227,"comment_status":"closed","ping_status":"closed","sticky":false,"template":"","format":"standard","meta":{"_bbp_topic_count":0,"_bbp_reply_count":0,"_bbp_total_topic_count":0,"_bbp_total_reply_count":0,"_bbp_voice_count":0,"_bbp_anonymous_reply_count":0,"_bbp_topic_count_hidden":0,"_bbp_reply_count_hidden":0,"_bbp_forum_subforum_count":0,"site-sidebar-layout":"default","site-content-layout":"","ast-site-content-layout":"","site-content-style":"default","site-sidebar-style":"default","ast-global-header-display":"","ast-banner-title-visibility":"","ast-main-header-display":"","ast-hfb-above-header-display":"","ast-hfb-below-header-display":"","ast-hfb-mobile-header-display":"","site-post-title":"","ast-breadcrumbs-content":"","ast-featured-img":"","footer-sml-layout":"","theme-transparent-header-meta":"","adv-header-id-meta":"","stick-header-meta":"","header-above-stick-meta":"","header-main-stick-meta":"","header-below-stick-meta":"","astra-migrate-meta-layouts":"default","ast-page-background-enabled":"default","ast-page-background-meta":{"desktop":{"background-color":"var(--ast-global-color-4)","background-image":"","background-repeat":"repeat","background-position":"center center","background-size":"auto","background-attachment":"scroll","background-type":"","background-media":"","overlay-type":"","overlay-color":"","overlay-opacity":"","overlay-gradient":""},"tablet":{"background-color":"","background-image":"","background-repeat":"repeat","background-position":"center center","background-size":"auto","background-attachment":"scroll","background-type":"","background-media":"","overlay-type":"","overlay-color":"","overlay-opacity":"","overlay-gradient":""},"mobile":{"background-color":"","background-image":"","background-repeat":"repeat","background-position":"center center","background-size":"auto","background-attachment":"scroll","background-type":"","background-media":"","overlay-type":"","overlay-color":"","overlay-opacity":"","overlay-gradient":""}},"ast-content-background-meta":{"desktop":{"background-color":"var(--ast-global-color-5)","background-image":"","background-repeat":"repeat","background-position":"center center","background-size":"auto","background-attachment":"scroll","background-type":"","background-media":"","overlay-type":"","overlay-color":"","overlay-opacity":"","overlay-gradient":""},"tablet":{"background-color":"var(--ast-global-color-5)","background-image":"","background-repeat":"repeat","background-position":"center center","background-size":"auto","background-attachment":"scroll","background-type":"","background-media":"","overlay-type":"","overlay-color":"","overlay-opacity":"","overlay-gradient":""},"mobile":{"background-color":"var(--ast-global-color-5)","background-image":"","background-repeat":"repeat","background-position":"center center","background-size":"auto","background-attachment":"scroll","background-type":"","background-media":"","overlay-type":"","overlay-color":"","overlay-opacity":"","overlay-gradient":""}},"footnotes":""},"categories":[73,74,4],"tags":[92],"class_list":["post-4225","post","type-post","status-publish","format-standard","has-post-thumbnail","hentry","category-cicle-inicial","category-cicle-mitja","category-portada","tag-fira-musical"],"post_mailing_queue_ids":[],"_links":{"self":[{"href":"https:\/\/agora.xtec.cat\/ceip-cristofor-mestre\/wp-json\/wp\/v2\/posts\/4225","targetHints":{"allow":["GET"]}}],"collection":[{"href":"https:\/\/agora.xtec.cat\/ceip-cristofor-mestre\/wp-json\/wp\/v2\/posts"}],"about":[{"href":"https:\/\/agora.xtec.cat\/ceip-cristofor-mestre\/wp-json\/wp\/v2\/types\/post"}],"author":[{"embeddable":true,"href":"https:\/\/agora.xtec.cat\/ceip-cristofor-mestre\/wp-json\/wp\/v2\/users\/1"}],"replies":[{"embeddable":true,"href":"https:\/\/agora.xtec.cat\/ceip-cristofor-mestre\/wp-json\/wp\/v2\/comments?post=4225"}],"version-history":[{"count":2,"href":"https:\/\/agora.xtec.cat\/ceip-cristofor-mestre\/wp-json\/wp\/v2\/posts\/4225\/revisions"}],"predecessor-version":[{"id":4228,"href":"https:\/\/agora.xtec.cat\/ceip-cristofor-mestre\/wp-json\/wp\/v2\/posts\/4225\/revisions\/4228"}],"wp:featuredmedia":[{"embeddable":true,"href":"https:\/\/agora.xtec.cat\/ceip-cristofor-mestre\/wp-json\/wp\/v2\/media\/4227"}],"wp:attachment":[{"href":"https:\/\/agora.xtec.cat\/ceip-cristofor-mestre\/wp-json\/wp\/v2\/media?parent=4225"}],"wp:term":[{"taxonomy":"category","embeddable":true,"href":"https:\/\/agora.xtec.cat\/ceip-cristofor-mestre\/wp-json\/wp\/v2\/categories?post=4225"},{"taxonomy":"post_tag","embeddable":true,"href":"https:\/\/agora.xtec.cat\/ceip-cristofor-mestre\/wp-json\/wp\/v2\/tags?post=4225"}],"curies":[{"name":"wp","href":"https:\/\/api.w.org\/{rel}","templated":true}]}}