{"id":4133,"date":"2021-03-08T09:28:35","date_gmt":"2021-03-08T08:28:35","guid":{"rendered":"https:\/\/agora.xtec.cat\/ceip-cristofor-mestre\/?p=4133"},"modified":"2021-03-08T09:33:42","modified_gmt":"2021-03-08T08:33:42","slug":"6e-sortida-al-parc-del-garraf","status":"publish","type":"post","link":"https:\/\/agora.xtec.cat\/ceip-cristofor-mestre\/portada\/6e-sortida-al-parc-del-garraf\/","title":{"rendered":"6\u00e8 SORTIDA AL PARC DEL GARRAF"},"content":{"rendered":"<p>6\u00e8 ha fet la sortida &#8220;CONEGUEM ELS NOSTRES PARCS: EL PARC NATURAL<br \/>\nDEL GARRAF&#8221;<br \/>\nAquesta activitat est\u00e0 subvencionada per la Diputaci\u00f3 de Barcelona i l&#8217;Ajuntament de Vilfranca.<br \/>\nHa resultat gratu\u00efta pel que fa l&#8217;activitat i el transport.<br \/>\nAl parc natural del Garraf el paisatge est\u00e0 integrat per fragments d&#8217;alzinar i pinedes de pi blanc la majoria dels quals han estat afectats pels incendis forestals i avui es troben en proc\u00e9s de regeneraci\u00f3.<\/p>\n<div id='gallery-1' class='gallery galleryid-4133 gallery-columns-3 gallery-size-medium'><figure class='gallery-item'>\n\t\t\t<div class='gallery-icon landscape'>\n\t\t\t\t<a href='https:\/\/agora.xtec.cat\/ceip-cristofor-mestre\/portada\/6e-sortida-al-parc-del-garraf\/attachment\/whatsapp-image-2021-03-05-at-20-52-03\/'><img loading=\"lazy\" decoding=\"async\" width=\"300\" height=\"225\" src=\"https:\/\/agora.xtec.cat\/ceip-cristofor-mestre\/wp-content\/uploads\/usu89\/2021\/03\/WhatsApp-Image-2021-03-05-at-20.52.03-300x225.jpeg\" class=\"attachment-medium size-medium\" alt=\"\" srcset=\"https:\/\/agora.xtec.cat\/ceip-cristofor-mestre\/wp-content\/uploads\/usu89\/2021\/03\/WhatsApp-Image-2021-03-05-at-20.52.03-300x225.jpeg 300w, https:\/\/agora.xtec.cat\/ceip-cristofor-mestre\/wp-content\/uploads\/usu89\/2021\/03\/WhatsApp-Image-2021-03-05-at-20.52.03-768x576.jpeg 768w, https:\/\/agora.xtec.cat\/ceip-cristofor-mestre\/wp-content\/uploads\/usu89\/2021\/03\/WhatsApp-Image-2021-03-05-at-20.52.03-1024x768.jpeg 1024w, https:\/\/agora.xtec.cat\/ceip-cristofor-mestre\/wp-content\/uploads\/usu89\/2021\/03\/WhatsApp-Image-2021-03-05-at-20.52.03-200x150.jpeg 200w, https:\/\/agora.xtec.cat\/ceip-cristofor-mestre\/wp-content\/uploads\/usu89\/2021\/03\/WhatsApp-Image-2021-03-05-at-20.52.03.jpeg 1824w\" sizes=\"auto, (max-width: 300px) 100vw, 300px\" \/><\/a>\n\t\t\t<\/div><\/figure><figure class='gallery-item'>\n\t\t\t<div class='gallery-icon portrait'>\n\t\t\t\t<a href='https:\/\/agora.xtec.cat\/ceip-cristofor-mestre\/portada\/6e-sortida-al-parc-del-garraf\/attachment\/whatsapp-image-2021-03-05-at-20-52-13\/'><img loading=\"lazy\" decoding=\"async\" width=\"225\" height=\"300\" src=\"https:\/\/agora.xtec.cat\/ceip-cristofor-mestre\/wp-content\/uploads\/usu89\/2021\/03\/WhatsApp-Image-2021-03-05-at-20.52.13-225x300.jpeg\" class=\"attachment-medium size-medium\" alt=\"\" srcset=\"https:\/\/agora.xtec.cat\/ceip-cristofor-mestre\/wp-content\/uploads\/usu89\/2021\/03\/WhatsApp-Image-2021-03-05-at-20.52.13-225x300.jpeg 225w, https:\/\/agora.xtec.cat\/ceip-cristofor-mestre\/wp-content\/uploads\/usu89\/2021\/03\/WhatsApp-Image-2021-03-05-at-20.52.13-768x1024.jpeg 768w, https:\/\/agora.xtec.cat\/ceip-cristofor-mestre\/wp-content\/uploads\/usu89\/2021\/03\/WhatsApp-Image-2021-03-05-at-20.52.13.jpeg 1368w\" sizes=\"auto, (max-width: 225px) 100vw, 225px\" \/><\/a>\n\t\t\t<\/div><\/figure><figure class='gallery-item'>\n\t\t\t<div class='gallery-icon landscape'>\n\t\t\t\t<a href='https:\/\/agora.xtec.cat\/ceip-cristofor-mestre\/portada\/6e-sortida-al-parc-del-garraf\/attachment\/whatsapp-image-2021-03-05-at-20-55-42\/'><img loading=\"lazy\" decoding=\"async\" width=\"300\" height=\"225\" src=\"https:\/\/agora.xtec.cat\/ceip-cristofor-mestre\/wp-content\/uploads\/usu89\/2021\/03\/WhatsApp-Image-2021-03-05-at-20.55.42-300x225.jpeg\" class=\"attachment-medium size-medium\" alt=\"\" srcset=\"https:\/\/agora.xtec.cat\/ceip-cristofor-mestre\/wp-content\/uploads\/usu89\/2021\/03\/WhatsApp-Image-2021-03-05-at-20.55.42-300x225.jpeg 300w, https:\/\/agora.xtec.cat\/ceip-cristofor-mestre\/wp-content\/uploads\/usu89\/2021\/03\/WhatsApp-Image-2021-03-05-at-20.55.42-768x576.jpeg 768w, https:\/\/agora.xtec.cat\/ceip-cristofor-mestre\/wp-content\/uploads\/usu89\/2021\/03\/WhatsApp-Image-2021-03-05-at-20.55.42-1024x768.jpeg 1024w, https:\/\/agora.xtec.cat\/ceip-cristofor-mestre\/wp-content\/uploads\/usu89\/2021\/03\/WhatsApp-Image-2021-03-05-at-20.55.42-200x150.jpeg 200w, https:\/\/agora.xtec.cat\/ceip-cristofor-mestre\/wp-content\/uploads\/usu89\/2021\/03\/WhatsApp-Image-2021-03-05-at-20.55.42.jpeg 1824w\" sizes=\"auto, (max-width: 300px) 100vw, 300px\" \/><\/a>\n\t\t\t<\/div><\/figure><figure class='gallery-item'>\n\t\t\t<div class='gallery-icon landscape'>\n\t\t\t\t<a href='https:\/\/agora.xtec.cat\/ceip-cristofor-mestre\/portada\/6e-sortida-al-parc-del-garraf\/attachment\/whatsapp-image-2021-03-05-at-20-55-43\/'><img loading=\"lazy\" decoding=\"async\" width=\"300\" height=\"225\" src=\"https:\/\/agora.xtec.cat\/ceip-cristofor-mestre\/wp-content\/uploads\/usu89\/2021\/03\/WhatsApp-Image-2021-03-05-at-20.55.43-300x225.jpeg\" class=\"attachment-medium size-medium\" alt=\"\" srcset=\"https:\/\/agora.xtec.cat\/ceip-cristofor-mestre\/wp-content\/uploads\/usu89\/2021\/03\/WhatsApp-Image-2021-03-05-at-20.55.43-300x225.jpeg 300w, https:\/\/agora.xtec.cat\/ceip-cristofor-mestre\/wp-content\/uploads\/usu89\/2021\/03\/WhatsApp-Image-2021-03-05-at-20.55.43-768x576.jpeg 768w, https:\/\/agora.xtec.cat\/ceip-cristofor-mestre\/wp-content\/uploads\/usu89\/2021\/03\/WhatsApp-Image-2021-03-05-at-20.55.43-1024x768.jpeg 1024w, https:\/\/agora.xtec.cat\/ceip-cristofor-mestre\/wp-content\/uploads\/usu89\/2021\/03\/WhatsApp-Image-2021-03-05-at-20.55.43-200x150.jpeg 200w, https:\/\/agora.xtec.cat\/ceip-cristofor-mestre\/wp-content\/uploads\/usu89\/2021\/03\/WhatsApp-Image-2021-03-05-at-20.55.43.jpeg 1824w\" sizes=\"auto, (max-width: 300px) 100vw, 300px\" \/><\/a>\n\t\t\t<\/div><\/figure><figure class='gallery-item'>\n\t\t\t<div class='gallery-icon landscape'>\n\t\t\t\t<a href='https:\/\/agora.xtec.cat\/ceip-cristofor-mestre\/portada\/6e-sortida-al-parc-del-garraf\/attachment\/whatsapp-image-2021-03-05-at-20-55-45\/'><img loading=\"lazy\" decoding=\"async\" width=\"300\" height=\"256\" src=\"https:\/\/agora.xtec.cat\/ceip-cristofor-mestre\/wp-content\/uploads\/usu89\/2021\/03\/WhatsApp-Image-2021-03-05-at-20.55.45-300x256.jpeg\" class=\"attachment-medium size-medium\" alt=\"\" srcset=\"https:\/\/agora.xtec.cat\/ceip-cristofor-mestre\/wp-content\/uploads\/usu89\/2021\/03\/WhatsApp-Image-2021-03-05-at-20.55.45-300x256.jpeg 300w, https:\/\/agora.xtec.cat\/ceip-cristofor-mestre\/wp-content\/uploads\/usu89\/2021\/03\/WhatsApp-Image-2021-03-05-at-20.55.45-768x655.jpeg 768w, https:\/\/agora.xtec.cat\/ceip-cristofor-mestre\/wp-content\/uploads\/usu89\/2021\/03\/WhatsApp-Image-2021-03-05-at-20.55.45-1024x873.jpeg 1024w, https:\/\/agora.xtec.cat\/ceip-cristofor-mestre\/wp-content\/uploads\/usu89\/2021\/03\/WhatsApp-Image-2021-03-05-at-20.55.45.jpeg 1600w\" sizes=\"auto, (max-width: 300px) 100vw, 300px\" \/><\/a>\n\t\t\t<\/div><\/figure><figure class='gallery-item'>\n\t\t\t<div class='gallery-icon landscape'>\n\t\t\t\t<a href='https:\/\/agora.xtec.cat\/ceip-cristofor-mestre\/portada\/6e-sortida-al-parc-del-garraf\/attachment\/whatsapp-image-2021-03-05-at-20-55-52\/'><img loading=\"lazy\" decoding=\"async\" width=\"300\" height=\"225\" src=\"https:\/\/agora.xtec.cat\/ceip-cristofor-mestre\/wp-content\/uploads\/usu89\/2021\/03\/WhatsApp-Image-2021-03-05-at-20.55.52-300x225.jpeg\" class=\"attachment-medium size-medium\" alt=\"\" srcset=\"https:\/\/agora.xtec.cat\/ceip-cristofor-mestre\/wp-content\/uploads\/usu89\/2021\/03\/WhatsApp-Image-2021-03-05-at-20.55.52-300x225.jpeg 300w, https:\/\/agora.xtec.cat\/ceip-cristofor-mestre\/wp-content\/uploads\/usu89\/2021\/03\/WhatsApp-Image-2021-03-05-at-20.55.52-768x576.jpeg 768w, https:\/\/agora.xtec.cat\/ceip-cristofor-mestre\/wp-content\/uploads\/usu89\/2021\/03\/WhatsApp-Image-2021-03-05-at-20.55.52-1024x768.jpeg 1024w, https:\/\/agora.xtec.cat\/ceip-cristofor-mestre\/wp-content\/uploads\/usu89\/2021\/03\/WhatsApp-Image-2021-03-05-at-20.55.52-200x150.jpeg 200w, https:\/\/agora.xtec.cat\/ceip-cristofor-mestre\/wp-content\/uploads\/usu89\/2021\/03\/WhatsApp-Image-2021-03-05-at-20.55.52.jpeg 2048w\" sizes=\"auto, (max-width: 300px) 100vw, 300px\" \/><\/a>\n\t\t\t<\/div><\/figure><figure class='gallery-item'>\n\t\t\t<div class='gallery-icon portrait'>\n\t\t\t\t<a href='https:\/\/agora.xtec.cat\/ceip-cristofor-mestre\/portada\/6e-sortida-al-parc-del-garraf\/attachment\/whatsapp-image-2021-03-05-at-20-56-05-1\/'><img loading=\"lazy\" decoding=\"async\" width=\"225\" height=\"300\" src=\"https:\/\/agora.xtec.cat\/ceip-cristofor-mestre\/wp-content\/uploads\/usu89\/2021\/03\/WhatsApp-Image-2021-03-05-at-20.56.05-1-225x300.jpeg\" class=\"attachment-medium size-medium\" alt=\"\" srcset=\"https:\/\/agora.xtec.cat\/ceip-cristofor-mestre\/wp-content\/uploads\/usu89\/2021\/03\/WhatsApp-Image-2021-03-05-at-20.56.05-1-225x300.jpeg 225w, https:\/\/agora.xtec.cat\/ceip-cristofor-mestre\/wp-content\/uploads\/usu89\/2021\/03\/WhatsApp-Image-2021-03-05-at-20.56.05-1-768x1024.jpeg 768w, https:\/\/agora.xtec.cat\/ceip-cristofor-mestre\/wp-content\/uploads\/usu89\/2021\/03\/WhatsApp-Image-2021-03-05-at-20.56.05-1.jpeg 1500w\" sizes=\"auto, (max-width: 225px) 100vw, 225px\" \/><\/a>\n\t\t\t<\/div><\/figure><figure class='gallery-item'>\n\t\t\t<div class='gallery-icon landscape'>\n\t\t\t\t<a href='https:\/\/agora.xtec.cat\/ceip-cristofor-mestre\/portada\/6e-sortida-al-parc-del-garraf\/attachment\/whatsapp-image-2021-03-05-at-20-56-05-2\/'><img loading=\"lazy\" decoding=\"async\" width=\"300\" height=\"225\" src=\"https:\/\/agora.xtec.cat\/ceip-cristofor-mestre\/wp-content\/uploads\/usu89\/2021\/03\/WhatsApp-Image-2021-03-05-at-20.56.05-2-300x225.jpeg\" class=\"attachment-medium size-medium\" alt=\"\" srcset=\"https:\/\/agora.xtec.cat\/ceip-cristofor-mestre\/wp-content\/uploads\/usu89\/2021\/03\/WhatsApp-Image-2021-03-05-at-20.56.05-2-300x225.jpeg 300w, https:\/\/agora.xtec.cat\/ceip-cristofor-mestre\/wp-content\/uploads\/usu89\/2021\/03\/WhatsApp-Image-2021-03-05-at-20.56.05-2-768x576.jpeg 768w, https:\/\/agora.xtec.cat\/ceip-cristofor-mestre\/wp-content\/uploads\/usu89\/2021\/03\/WhatsApp-Image-2021-03-05-at-20.56.05-2-1024x768.jpeg 1024w, https:\/\/agora.xtec.cat\/ceip-cristofor-mestre\/wp-content\/uploads\/usu89\/2021\/03\/WhatsApp-Image-2021-03-05-at-20.56.05-2-200x150.jpeg 200w, https:\/\/agora.xtec.cat\/ceip-cristofor-mestre\/wp-content\/uploads\/usu89\/2021\/03\/WhatsApp-Image-2021-03-05-at-20.56.05-2.jpeg 2000w\" sizes=\"auto, (max-width: 300px) 100vw, 300px\" \/><\/a>\n\t\t\t<\/div><\/figure><figure class='gallery-item'>\n\t\t\t<div class='gallery-icon landscape'>\n\t\t\t\t<a href='https:\/\/agora.xtec.cat\/ceip-cristofor-mestre\/portada\/6e-sortida-al-parc-del-garraf\/attachment\/whatsapp-image-2021-03-05-at-20-56-05-3\/'><img loading=\"lazy\" decoding=\"async\" width=\"300\" height=\"225\" src=\"https:\/\/agora.xtec.cat\/ceip-cristofor-mestre\/wp-content\/uploads\/usu89\/2021\/03\/WhatsApp-Image-2021-03-05-at-20.56.05-3-300x225.jpeg\" class=\"attachment-medium size-medium\" alt=\"\" srcset=\"https:\/\/agora.xtec.cat\/ceip-cristofor-mestre\/wp-content\/uploads\/usu89\/2021\/03\/WhatsApp-Image-2021-03-05-at-20.56.05-3-300x225.jpeg 300w, https:\/\/agora.xtec.cat\/ceip-cristofor-mestre\/wp-content\/uploads\/usu89\/2021\/03\/WhatsApp-Image-2021-03-05-at-20.56.05-3-768x576.jpeg 768w, https:\/\/agora.xtec.cat\/ceip-cristofor-mestre\/wp-content\/uploads\/usu89\/2021\/03\/WhatsApp-Image-2021-03-05-at-20.56.05-3-1024x768.jpeg 1024w, https:\/\/agora.xtec.cat\/ceip-cristofor-mestre\/wp-content\/uploads\/usu89\/2021\/03\/WhatsApp-Image-2021-03-05-at-20.56.05-3-200x150.jpeg 200w, https:\/\/agora.xtec.cat\/ceip-cristofor-mestre\/wp-content\/uploads\/usu89\/2021\/03\/WhatsApp-Image-2021-03-05-at-20.56.05-3.jpeg 2000w\" sizes=\"auto, (max-width: 300px) 100vw, 300px\" \/><\/a>\n\t\t\t<\/div><\/figure><figure class='gallery-item'>\n\t\t\t<div class='gallery-icon landscape'>\n\t\t\t\t<a href='https:\/\/agora.xtec.cat\/ceip-cristofor-mestre\/portada\/6e-sortida-al-parc-del-garraf\/attachment\/whatsapp-image-2021-03-05-at-20-56-05-4\/'><img loading=\"lazy\" decoding=\"async\" width=\"300\" height=\"225\" src=\"https:\/\/agora.xtec.cat\/ceip-cristofor-mestre\/wp-content\/uploads\/usu89\/2021\/03\/WhatsApp-Image-2021-03-05-at-20.56.05-4-300x225.jpeg\" class=\"attachment-medium size-medium\" alt=\"\" srcset=\"https:\/\/agora.xtec.cat\/ceip-cristofor-mestre\/wp-content\/uploads\/usu89\/2021\/03\/WhatsApp-Image-2021-03-05-at-20.56.05-4-300x225.jpeg 300w, https:\/\/agora.xtec.cat\/ceip-cristofor-mestre\/wp-content\/uploads\/usu89\/2021\/03\/WhatsApp-Image-2021-03-05-at-20.56.05-4-768x576.jpeg 768w, https:\/\/agora.xtec.cat\/ceip-cristofor-mestre\/wp-content\/uploads\/usu89\/2021\/03\/WhatsApp-Image-2021-03-05-at-20.56.05-4-1024x768.jpeg 1024w, https:\/\/agora.xtec.cat\/ceip-cristofor-mestre\/wp-content\/uploads\/usu89\/2021\/03\/WhatsApp-Image-2021-03-05-at-20.56.05-4-200x150.jpeg 200w, https:\/\/agora.xtec.cat\/ceip-cristofor-mestre\/wp-content\/uploads\/usu89\/2021\/03\/WhatsApp-Image-2021-03-05-at-20.56.05-4.jpeg 2048w\" sizes=\"auto, (max-width: 300px) 100vw, 300px\" \/><\/a>\n\t\t\t<\/div><\/figure><figure class='gallery-item'>\n\t\t\t<div class='gallery-icon landscape'>\n\t\t\t\t<a href='https:\/\/agora.xtec.cat\/ceip-cristofor-mestre\/portada\/6e-sortida-al-parc-del-garraf\/attachment\/whatsapp-image-2021-03-05-at-20-56-05\/'><img loading=\"lazy\" decoding=\"async\" width=\"300\" height=\"225\" src=\"https:\/\/agora.xtec.cat\/ceip-cristofor-mestre\/wp-content\/uploads\/usu89\/2021\/03\/WhatsApp-Image-2021-03-05-at-20.56.05-300x225.jpeg\" class=\"attachment-medium size-medium\" alt=\"\" srcset=\"https:\/\/agora.xtec.cat\/ceip-cristofor-mestre\/wp-content\/uploads\/usu89\/2021\/03\/WhatsApp-Image-2021-03-05-at-20.56.05-300x225.jpeg 300w, https:\/\/agora.xtec.cat\/ceip-cristofor-mestre\/wp-content\/uploads\/usu89\/2021\/03\/WhatsApp-Image-2021-03-05-at-20.56.05-768x576.jpeg 768w, https:\/\/agora.xtec.cat\/ceip-cristofor-mestre\/wp-content\/uploads\/usu89\/2021\/03\/WhatsApp-Image-2021-03-05-at-20.56.05-1024x768.jpeg 1024w, https:\/\/agora.xtec.cat\/ceip-cristofor-mestre\/wp-content\/uploads\/usu89\/2021\/03\/WhatsApp-Image-2021-03-05-at-20.56.05-200x150.jpeg 200w, https:\/\/agora.xtec.cat\/ceip-cristofor-mestre\/wp-content\/uploads\/usu89\/2021\/03\/WhatsApp-Image-2021-03-05-at-20.56.05.jpeg 2000w\" sizes=\"auto, (max-width: 300px) 100vw, 300px\" \/><\/a>\n\t\t\t<\/div><\/figure><figure class='gallery-item'>\n\t\t\t<div class='gallery-icon landscape'>\n\t\t\t\t<a href='https:\/\/agora.xtec.cat\/ceip-cristofor-mestre\/portada\/6e-sortida-al-parc-del-garraf\/attachment\/whatsapp-image-2021-03-05-at-20-56-06-1\/'><img loading=\"lazy\" decoding=\"async\" width=\"300\" height=\"225\" src=\"https:\/\/agora.xtec.cat\/ceip-cristofor-mestre\/wp-content\/uploads\/usu89\/2021\/03\/WhatsApp-Image-2021-03-05-at-20.56.06-1-300x225.jpeg\" class=\"attachment-medium size-medium\" alt=\"\" srcset=\"https:\/\/agora.xtec.cat\/ceip-cristofor-mestre\/wp-content\/uploads\/usu89\/2021\/03\/WhatsApp-Image-2021-03-05-at-20.56.06-1-300x225.jpeg 300w, https:\/\/agora.xtec.cat\/ceip-cristofor-mestre\/wp-content\/uploads\/usu89\/2021\/03\/WhatsApp-Image-2021-03-05-at-20.56.06-1-768x576.jpeg 768w, https:\/\/agora.xtec.cat\/ceip-cristofor-mestre\/wp-content\/uploads\/usu89\/2021\/03\/WhatsApp-Image-2021-03-05-at-20.56.06-1-1024x768.jpeg 1024w, https:\/\/agora.xtec.cat\/ceip-cristofor-mestre\/wp-content\/uploads\/usu89\/2021\/03\/WhatsApp-Image-2021-03-05-at-20.56.06-1-200x150.jpeg 200w, https:\/\/agora.xtec.cat\/ceip-cristofor-mestre\/wp-content\/uploads\/usu89\/2021\/03\/WhatsApp-Image-2021-03-05-at-20.56.06-1.jpeg 2000w\" sizes=\"auto, (max-width: 300px) 100vw, 300px\" \/><\/a>\n\t\t\t<\/div><\/figure><figure class='gallery-item'>\n\t\t\t<div class='gallery-icon landscape'>\n\t\t\t\t<a href='https:\/\/agora.xtec.cat\/ceip-cristofor-mestre\/portada\/6e-sortida-al-parc-del-garraf\/attachment\/whatsapp-image-2021-03-05-at-20-56-06-2\/'><img loading=\"lazy\" decoding=\"async\" width=\"300\" height=\"225\" src=\"https:\/\/agora.xtec.cat\/ceip-cristofor-mestre\/wp-content\/uploads\/usu89\/2021\/03\/WhatsApp-Image-2021-03-05-at-20.56.06-2-300x225.jpeg\" class=\"attachment-medium size-medium\" alt=\"\" srcset=\"https:\/\/agora.xtec.cat\/ceip-cristofor-mestre\/wp-content\/uploads\/usu89\/2021\/03\/WhatsApp-Image-2021-03-05-at-20.56.06-2-300x225.jpeg 300w, https:\/\/agora.xtec.cat\/ceip-cristofor-mestre\/wp-content\/uploads\/usu89\/2021\/03\/WhatsApp-Image-2021-03-05-at-20.56.06-2-768x576.jpeg 768w, https:\/\/agora.xtec.cat\/ceip-cristofor-mestre\/wp-content\/uploads\/usu89\/2021\/03\/WhatsApp-Image-2021-03-05-at-20.56.06-2-1024x768.jpeg 1024w, https:\/\/agora.xtec.cat\/ceip-cristofor-mestre\/wp-content\/uploads\/usu89\/2021\/03\/WhatsApp-Image-2021-03-05-at-20.56.06-2-200x150.jpeg 200w, https:\/\/agora.xtec.cat\/ceip-cristofor-mestre\/wp-content\/uploads\/usu89\/2021\/03\/WhatsApp-Image-2021-03-05-at-20.56.06-2.jpeg 2000w\" sizes=\"auto, (max-width: 300px) 100vw, 300px\" \/><\/a>\n\t\t\t<\/div><\/figure><figure class='gallery-item'>\n\t\t\t<div class='gallery-icon landscape'>\n\t\t\t\t<a href='https:\/\/agora.xtec.cat\/ceip-cristofor-mestre\/portada\/6e-sortida-al-parc-del-garraf\/attachment\/whatsapp-image-2021-03-05-at-20-56-06\/'><img loading=\"lazy\" decoding=\"async\" width=\"300\" height=\"225\" src=\"https:\/\/agora.xtec.cat\/ceip-cristofor-mestre\/wp-content\/uploads\/usu89\/2021\/03\/WhatsApp-Image-2021-03-05-at-20.56.06-300x225.jpeg\" class=\"attachment-medium size-medium\" alt=\"\" srcset=\"https:\/\/agora.xtec.cat\/ceip-cristofor-mestre\/wp-content\/uploads\/usu89\/2021\/03\/WhatsApp-Image-2021-03-05-at-20.56.06-300x225.jpeg 300w, https:\/\/agora.xtec.cat\/ceip-cristofor-mestre\/wp-content\/uploads\/usu89\/2021\/03\/WhatsApp-Image-2021-03-05-at-20.56.06-768x576.jpeg 768w, https:\/\/agora.xtec.cat\/ceip-cristofor-mestre\/wp-content\/uploads\/usu89\/2021\/03\/WhatsApp-Image-2021-03-05-at-20.56.06-1024x768.jpeg 1024w, https:\/\/agora.xtec.cat\/ceip-cristofor-mestre\/wp-content\/uploads\/usu89\/2021\/03\/WhatsApp-Image-2021-03-05-at-20.56.06-200x150.jpeg 200w, https:\/\/agora.xtec.cat\/ceip-cristofor-mestre\/wp-content\/uploads\/usu89\/2021\/03\/WhatsApp-Image-2021-03-05-at-20.56.06.jpeg 2000w\" sizes=\"auto, (max-width: 300px) 100vw, 300px\" \/><\/a>\n\t\t\t<\/div><\/figure>\n\t\t<\/div>\n\n","protected":false},"excerpt":{"rendered":"<p>6\u00e8 ha fet la sortida &#8220;CONEGUEM ELS NOSTRES PARCS: EL PARC NATURAL DEL GARRAF&#8221; Aquesta activitat est\u00e0 subvencionada per la Diputaci\u00f3 de Barcelona i l&#8217;Ajuntament de Vilfranca. Ha resultat gratu\u00efta pel que fa l&#8217;activitat i el transport. Al parc natural del Garraf el paisatge est\u00e0 integrat per fragments d&#8217;alzinar i pinedes de pi blanc la [&hellip;]<\/p>\n","protected":false},"author":1,"featured_media":4140,"comment_status":"closed","ping_status":"closed","sticky":false,"template":"","format":"standard","meta":{"_bbp_topic_count":0,"_bbp_reply_count":0,"_bbp_total_topic_count":0,"_bbp_total_reply_count":0,"_bbp_voice_count":0,"_bbp_anonymous_reply_count":0,"_bbp_topic_count_hidden":0,"_bbp_reply_count_hidden":0,"_bbp_forum_subforum_count":0,"site-sidebar-layout":"default","site-content-layout":"","ast-site-content-layout":"","site-content-style":"default","site-sidebar-style":"default","ast-global-header-display":"","ast-banner-title-visibility":"","ast-main-header-display":"","ast-hfb-above-header-display":"","ast-hfb-below-header-display":"","ast-hfb-mobile-header-display":"","site-post-title":"","ast-breadcrumbs-content":"","ast-featured-img":"","footer-sml-layout":"","theme-transparent-header-meta":"","adv-header-id-meta":"","stick-header-meta":"","header-above-stick-meta":"","header-main-stick-meta":"","header-below-stick-meta":"","astra-migrate-meta-layouts":"default","ast-page-background-enabled":"default","ast-page-background-meta":{"desktop":{"background-color":"var(--ast-global-color-4)","background-image":"","background-repeat":"repeat","background-position":"center center","background-size":"auto","background-attachment":"scroll","background-type":"","background-media":"","overlay-type":"","overlay-color":"","overlay-opacity":"","overlay-gradient":""},"tablet":{"background-color":"","background-image":"","background-repeat":"repeat","background-position":"center center","background-size":"auto","background-attachment":"scroll","background-type":"","background-media":"","overlay-type":"","overlay-color":"","overlay-opacity":"","overlay-gradient":""},"mobile":{"background-color":"","background-image":"","background-repeat":"repeat","background-position":"center center","background-size":"auto","background-attachment":"scroll","background-type":"","background-media":"","overlay-type":"","overlay-color":"","overlay-opacity":"","overlay-gradient":""}},"ast-content-background-meta":{"desktop":{"background-color":"var(--ast-global-color-5)","background-image":"","background-repeat":"repeat","background-position":"center center","background-size":"auto","background-attachment":"scroll","background-type":"","background-media":"","overlay-type":"","overlay-color":"","overlay-opacity":"","overlay-gradient":""},"tablet":{"background-color":"var(--ast-global-color-5)","background-image":"","background-repeat":"repeat","background-position":"center center","background-size":"auto","background-attachment":"scroll","background-type":"","background-media":"","overlay-type":"","overlay-color":"","overlay-opacity":"","overlay-gradient":""},"mobile":{"background-color":"var(--ast-global-color-5)","background-image":"","background-repeat":"repeat","background-position":"center center","background-size":"auto","background-attachment":"scroll","background-type":"","background-media":"","overlay-type":"","overlay-color":"","overlay-opacity":"","overlay-gradient":""}},"footnotes":""},"categories":[75,4],"tags":[],"class_list":["post-4133","post","type-post","status-publish","format-standard","has-post-thumbnail","hentry","category-cicle-superior","category-portada"],"post_mailing_queue_ids":[],"_links":{"self":[{"href":"https:\/\/agora.xtec.cat\/ceip-cristofor-mestre\/wp-json\/wp\/v2\/posts\/4133","targetHints":{"allow":["GET"]}}],"collection":[{"href":"https:\/\/agora.xtec.cat\/ceip-cristofor-mestre\/wp-json\/wp\/v2\/posts"}],"about":[{"href":"https:\/\/agora.xtec.cat\/ceip-cristofor-mestre\/wp-json\/wp\/v2\/types\/post"}],"author":[{"embeddable":true,"href":"https:\/\/agora.xtec.cat\/ceip-cristofor-mestre\/wp-json\/wp\/v2\/users\/1"}],"replies":[{"embeddable":true,"href":"https:\/\/agora.xtec.cat\/ceip-cristofor-mestre\/wp-json\/wp\/v2\/comments?post=4133"}],"version-history":[{"count":3,"href":"https:\/\/agora.xtec.cat\/ceip-cristofor-mestre\/wp-json\/wp\/v2\/posts\/4133\/revisions"}],"predecessor-version":[{"id":4152,"href":"https:\/\/agora.xtec.cat\/ceip-cristofor-mestre\/wp-json\/wp\/v2\/posts\/4133\/revisions\/4152"}],"wp:featuredmedia":[{"embeddable":true,"href":"https:\/\/agora.xtec.cat\/ceip-cristofor-mestre\/wp-json\/wp\/v2\/media\/4140"}],"wp:attachment":[{"href":"https:\/\/agora.xtec.cat\/ceip-cristofor-mestre\/wp-json\/wp\/v2\/media?parent=4133"}],"wp:term":[{"taxonomy":"category","embeddable":true,"href":"https:\/\/agora.xtec.cat\/ceip-cristofor-mestre\/wp-json\/wp\/v2\/categories?post=4133"},{"taxonomy":"post_tag","embeddable":true,"href":"https:\/\/agora.xtec.cat\/ceip-cristofor-mestre\/wp-json\/wp\/v2\/tags?post=4133"}],"curies":[{"name":"wp","href":"https:\/\/api.w.org\/{rel}","templated":true}]}}