{"id":3461,"date":"2020-11-04T13:03:16","date_gmt":"2020-11-04T12:03:16","guid":{"rendered":"https:\/\/agora.xtec.cat\/ceip-cristofor-mestre\/?p=3461"},"modified":"2020-11-05T00:15:03","modified_gmt":"2020-11-04T23:15:03","slug":"5e-visita-a-la-font-de-la-canya","status":"publish","type":"post","link":"https:\/\/agora.xtec.cat\/ceip-cristofor-mestre\/portada\/5e-visita-a-la-font-de-la-canya\/","title":{"rendered":"5\u00e8 VISITA A LA FONT DE LA CANYA"},"content":{"rendered":"<p><img loading=\"lazy\" decoding=\"async\" class=\"wp-image-3475 size-large aligncenter\" src=\"https:\/\/agora.xtec.cat\/ceip-cristofor-mestre\/wp-content\/uploads\/usu89\/2020\/11\/IMG_20201103_132738_1-1024x768.jpg\" alt=\"\" width=\"1024\" height=\"768\" srcset=\"https:\/\/agora.xtec.cat\/ceip-cristofor-mestre\/wp-content\/uploads\/usu89\/2020\/11\/IMG_20201103_132738_1-1024x768.jpg 1024w, https:\/\/agora.xtec.cat\/ceip-cristofor-mestre\/wp-content\/uploads\/usu89\/2020\/11\/IMG_20201103_132738_1-300x225.jpg 300w, https:\/\/agora.xtec.cat\/ceip-cristofor-mestre\/wp-content\/uploads\/usu89\/2020\/11\/IMG_20201103_132738_1-768x576.jpg 768w, https:\/\/agora.xtec.cat\/ceip-cristofor-mestre\/wp-content\/uploads\/usu89\/2020\/11\/IMG_20201103_132738_1-200x150.jpg 200w\" sizes=\"auto, (max-width: 1024px) 100vw, 1024px\" \/><\/p>\n<p>El dimarts 3 de novembre els alumnes de 5\u00e8 vam anar fins a Avinyonet del Pened\u00e8s. All\u00e0 vam poder visitar el <a href=\"https:\/\/fontdelacanya.cat\/\">Centre d&#8217;Interpretaci\u00f3 DO Vin\u00edfera<\/a>, on ens van explicar la civilitzaci\u00f3 Iber i per a qu\u00e8 servia l&#8217;espai que ocupa el jaciment arqueol\u00f2gic: les rutes i intercanvis comercials, la proximitat de la Via Heraclea (m\u00e9s endavant els romans li canviarien el nom per Via Augusta), perqu\u00e8 feien servir les nombroses sitges que hi ha a la zona, estris i recipients, etc.<\/p>\n<p>Tamb\u00e9 vam poder descobrir les primeres llavors de ra\u00efm del Pened\u00e8s; algunes cristal\u00b7litzades i d&#8217;altres carbonitzades de fa uns 2700 anys!<\/p>\n<p>Despr\u00e9s vam caminar fins al jaciment arqueol\u00f2gic de la Font de la Canya. All\u00e0, la Sofia i el Carles (<a href=\"https:\/\/arqueovitis.com\/\">els ar<\/a><a style=\"font-family: inherit; font-size: 1em;\" href=\"https:\/\/arqueovitis.com\/\">que\u00f2legs<\/a><span style=\"font-family: inherit; font-size: 1em;\">) ens van ensenyar en directe tot el que ens havien explicat al museu. I vam poder veure la zona que havien estat excavant aquestes darreres setmanes.<\/span><\/p>\n<div id='gallery-1' class='gallery galleryid-3461 gallery-columns-3 gallery-size-thumbnail'><figure class='gallery-item'>\n\t\t\t<div class='gallery-icon landscape'>\n\t\t\t\t<a href='https:\/\/agora.xtec.cat\/ceip-cristofor-mestre\/portada\/5e-visita-a-la-font-de-la-canya\/attachment\/img_20201103_133955\/'><img loading=\"lazy\" decoding=\"async\" width=\"150\" height=\"150\" src=\"https:\/\/agora.xtec.cat\/ceip-cristofor-mestre\/wp-content\/uploads\/usu89\/2020\/11\/IMG_20201103_133955-150x150.jpg\" class=\"attachment-thumbnail size-thumbnail\" alt=\"\" aria-describedby=\"gallery-1-3476\" \/><\/a>\n\t\t\t<\/div>\n\t\t\t\t<figcaption class='wp-caption-text gallery-caption' id='gallery-1-3476'>\n\t\t\t\tLlavors carbonitzades d&#8217;un cereal (segurament ordi) de l&#8217;\u00e8poca Iber.\n\t\t\t\t<\/figcaption><\/figure><figure class='gallery-item'>\n\t\t\t<div class='gallery-icon landscape'>\n\t\t\t\t<a href='https:\/\/agora.xtec.cat\/ceip-cristofor-mestre\/portada\/5e-visita-a-la-font-de-la-canya\/attachment\/img-20201103-wa0024\/'><img loading=\"lazy\" decoding=\"async\" width=\"150\" height=\"150\" src=\"https:\/\/agora.xtec.cat\/ceip-cristofor-mestre\/wp-content\/uploads\/usu89\/2020\/11\/IMG-20201103-WA0024-150x150.jpg\" class=\"attachment-thumbnail size-thumbnail\" alt=\"\" aria-describedby=\"gallery-1-3481\" \/><\/a>\n\t\t\t<\/div>\n\t\t\t\t<figcaption class='wp-caption-text gallery-caption' id='gallery-1-3481'>\n\t\t\t\tVitrina del museu amb recipients.\n\t\t\t\t<\/figcaption><\/figure><figure class='gallery-item'>\n\t\t\t<div class='gallery-icon landscape'>\n\t\t\t\t<a href='https:\/\/agora.xtec.cat\/ceip-cristofor-mestre\/portada\/5e-visita-a-la-font-de-la-canya\/attachment\/img-20201103-wa0043\/'><img loading=\"lazy\" decoding=\"async\" width=\"150\" height=\"150\" src=\"https:\/\/agora.xtec.cat\/ceip-cristofor-mestre\/wp-content\/uploads\/usu89\/2020\/11\/IMG-20201103-WA0043-150x150.jpg\" class=\"attachment-thumbnail size-thumbnail\" alt=\"\" aria-describedby=\"gallery-1-3482\" \/><\/a>\n\t\t\t<\/div>\n\t\t\t\t<figcaption class='wp-caption-text gallery-caption' id='gallery-1-3482'>\n\t\t\t\tVista del Jaciment arqueol\u00f2gic.\n\t\t\t\t<\/figcaption><\/figure><figure class='gallery-item'>\n\t\t\t<div class='gallery-icon landscape'>\n\t\t\t\t<a href='https:\/\/agora.xtec.cat\/ceip-cristofor-mestre\/portada\/5e-visita-a-la-font-de-la-canya\/attachment\/img-20201103-wa0022\/'><img loading=\"lazy\" decoding=\"async\" width=\"150\" height=\"150\" src=\"https:\/\/agora.xtec.cat\/ceip-cristofor-mestre\/wp-content\/uploads\/usu89\/2020\/11\/IMG-20201103-WA0022-150x150.jpg\" class=\"attachment-thumbnail size-thumbnail\" alt=\"\" aria-describedby=\"gallery-1-3480\" \/><\/a>\n\t\t\t<\/div>\n\t\t\t\t<figcaption class='wp-caption-text gallery-caption' id='gallery-1-3480'>\n\t\t\t\tReconstrucci\u00f3 d`una premsa.\n\t\t\t\t<\/figcaption><\/figure><figure class='gallery-item'>\n\t\t\t<div class='gallery-icon landscape'>\n\t\t\t\t<a href='https:\/\/agora.xtec.cat\/ceip-cristofor-mestre\/portada\/5e-visita-a-la-font-de-la-canya\/attachment\/img-20201103-wa0006\/'><img loading=\"lazy\" decoding=\"async\" width=\"150\" height=\"150\" src=\"https:\/\/agora.xtec.cat\/ceip-cristofor-mestre\/wp-content\/uploads\/usu89\/2020\/11\/IMG-20201103-WA0006-150x150.jpg\" class=\"attachment-thumbnail size-thumbnail\" alt=\"\" aria-describedby=\"gallery-1-3479\" \/><\/a>\n\t\t\t<\/div>\n\t\t\t\t<figcaption class='wp-caption-text gallery-caption' id='gallery-1-3479'>\n\t\t\t\tParada per esmorzar.\n\t\t\t\t<\/figcaption><\/figure><figure class='gallery-item'>\n\t\t\t<div class='gallery-icon landscape'>\n\t\t\t\t<a href='https:\/\/agora.xtec.cat\/ceip-cristofor-mestre\/portada\/5e-visita-a-la-font-de-la-canya\/attachment\/img_20201103_134243\/'><img loading=\"lazy\" decoding=\"async\" width=\"150\" height=\"150\" src=\"https:\/\/agora.xtec.cat\/ceip-cristofor-mestre\/wp-content\/uploads\/usu89\/2020\/11\/IMG_20201103_134243-150x150.jpg\" class=\"attachment-thumbnail size-thumbnail\" alt=\"\" aria-describedby=\"gallery-1-3478\" \/><\/a>\n\t\t\t<\/div>\n\t\t\t\t<figcaption class='wp-caption-text gallery-caption' id='gallery-1-3478'>\n\t\t\t\tEines de l`equip arqueol\u00f2gic.\n\t\t\t\t<\/figcaption><\/figure><figure class='gallery-item'>\n\t\t\t<div class='gallery-icon landscape'>\n\t\t\t\t<a href='https:\/\/agora.xtec.cat\/ceip-cristofor-mestre\/portada\/5e-visita-a-la-font-de-la-canya\/attachment\/img_20201103_134026\/'><img loading=\"lazy\" decoding=\"async\" width=\"150\" height=\"150\" src=\"https:\/\/agora.xtec.cat\/ceip-cristofor-mestre\/wp-content\/uploads\/usu89\/2020\/11\/IMG_20201103_134026-150x150.jpg\" class=\"attachment-thumbnail size-thumbnail\" alt=\"\" aria-describedby=\"gallery-1-3477\" \/><\/a>\n\t\t\t<\/div>\n\t\t\t\t<figcaption class='wp-caption-text gallery-caption' id='gallery-1-3477'>\n\t\t\t\tZona de treballs arqueol\u00f2gics en actiu.\n\t\t\t\t<\/figcaption><\/figure><figure class='gallery-item'>\n\t\t\t<div class='gallery-icon landscape'>\n\t\t\t\t<a href='https:\/\/agora.xtec.cat\/ceip-cristofor-mestre\/portada\/5e-visita-a-la-font-de-la-canya\/attachment\/img_20201103_132738_1\/'><img loading=\"lazy\" decoding=\"async\" width=\"150\" height=\"150\" src=\"https:\/\/agora.xtec.cat\/ceip-cristofor-mestre\/wp-content\/uploads\/usu89\/2020\/11\/IMG_20201103_132738_1-150x150.jpg\" class=\"attachment-thumbnail size-thumbnail\" alt=\"\" aria-describedby=\"gallery-1-3475\" \/><\/a>\n\t\t\t<\/div>\n\t\t\t\t<figcaption class='wp-caption-text gallery-caption' id='gallery-1-3475'>\n\t\t\t\tSitja un cop acaben els treballs arqueol\u00f2gics.\n\t\t\t\t<\/figcaption><\/figure><figure class='gallery-item'>\n\t\t\t<div class='gallery-icon portrait'>\n\t\t\t\t<a href='https:\/\/agora.xtec.cat\/ceip-cristofor-mestre\/portada\/5e-visita-a-la-font-de-la-canya\/attachment\/img_20201103_100857\/'><img loading=\"lazy\" decoding=\"async\" width=\"150\" height=\"150\" src=\"https:\/\/agora.xtec.cat\/ceip-cristofor-mestre\/wp-content\/uploads\/usu89\/2020\/11\/IMG_20201103_100857-e1604490858254-150x150.jpg\" class=\"attachment-thumbnail size-thumbnail\" alt=\"\" aria-describedby=\"gallery-1-3474\" \/><\/a>\n\t\t\t<\/div>\n\t\t\t\t<figcaption class='wp-caption-text gallery-caption' id='gallery-1-3474'>\n\t\t\t\tBust de la deessa Dem\u00e9ter trobada al jaciment.\n\t\t\t\t<\/figcaption><\/figure><figure class='gallery-item'>\n\t\t\t<div class='gallery-icon landscape'>\n\t\t\t\t<a href='https:\/\/agora.xtec.cat\/ceip-cristofor-mestre\/portada\/5e-visita-a-la-font-de-la-canya\/attachment\/img_20201103_095927\/'><img loading=\"lazy\" decoding=\"async\" width=\"150\" height=\"150\" src=\"https:\/\/agora.xtec.cat\/ceip-cristofor-mestre\/wp-content\/uploads\/usu89\/2020\/11\/IMG_20201103_095927-150x150.jpg\" class=\"attachment-thumbnail size-thumbnail\" alt=\"\" aria-describedby=\"gallery-1-3473\" \/><\/a>\n\t\t\t<\/div>\n\t\t\t\t<figcaption class='wp-caption-text gallery-caption' id='gallery-1-3473'>\n\t\t\t\tMoment de la visita al Centre d`Interpretaci\u00f3 DO Vin\u00edfera.\n\t\t\t\t<\/figcaption><\/figure>\n\t\t<\/div>\n\n<p style=\"text-align: center;\">Mireu si \u00e9s important que just el dia anterior (2 nov. 2020) van sortir per TV3!<br \/>\n<iframe loading=\"lazy\" src=\"https:\/\/www.ccma.cat\/video\/embed\/6066998\/\" width=\"500px\" height=\"281px\" frameborder=\"0\"><\/iframe><\/p>\n<p>&nbsp;<\/p>\n<p style=\"text-align: center;\"><strong><a href=\"https:\/\/drive.google.com\/file\/d\/1fvhcQVIGaysBR8WCDKABfo88dKuJutsC\/view?usp=sharing\">UN ALTRE V\u00cdDEO\u00a0<\/a>(acc\u00e9s \u00fanicament amb correu @ecmestre d&#8217;alumnes o professorat)<\/strong><\/p>\n","protected":false},"excerpt":{"rendered":"<p>El dimarts 3 de novembre els alumnes de 5\u00e8 vam anar fins a Avinyonet del Pened\u00e8s. All\u00e0 vam poder visitar el Centre d&#8217;Interpretaci\u00f3 DO Vin\u00edfera, on ens van explicar la civilitzaci\u00f3 Iber i per a qu\u00e8 servia l&#8217;espai que ocupa el jaciment arqueol\u00f2gic: les rutes i intercanvis comercials, la proximitat de la Via Heraclea (m\u00e9s [&hellip;]<\/p>\n","protected":false},"author":1,"featured_media":3475,"comment_status":"open","ping_status":"closed","sticky":false,"template":"","format":"standard","meta":{"_bbp_topic_count":0,"_bbp_reply_count":0,"_bbp_total_topic_count":0,"_bbp_total_reply_count":0,"_bbp_voice_count":0,"_bbp_anonymous_reply_count":0,"_bbp_topic_count_hidden":0,"_bbp_reply_count_hidden":0,"_bbp_forum_subforum_count":0,"site-sidebar-layout":"default","site-content-layout":"","ast-site-content-layout":"","site-content-style":"default","site-sidebar-style":"default","ast-global-header-display":"","ast-banner-title-visibility":"","ast-main-header-display":"","ast-hfb-above-header-display":"","ast-hfb-below-header-display":"","ast-hfb-mobile-header-display":"","site-post-title":"","ast-breadcrumbs-content":"","ast-featured-img":"","footer-sml-layout":"","theme-transparent-header-meta":"","adv-header-id-meta":"","stick-header-meta":"","header-above-stick-meta":"","header-main-stick-meta":"","header-below-stick-meta":"","astra-migrate-meta-layouts":"default","ast-page-background-enabled":"default","ast-page-background-meta":{"desktop":{"background-color":"var(--ast-global-color-4)","background-image":"","background-repeat":"repeat","background-position":"center center","background-size":"auto","background-attachment":"scroll","background-type":"","background-media":"","overlay-type":"","overlay-color":"","overlay-opacity":"","overlay-gradient":""},"tablet":{"background-color":"","background-image":"","background-repeat":"repeat","background-position":"center center","background-size":"auto","background-attachment":"scroll","background-type":"","background-media":"","overlay-type":"","overlay-color":"","overlay-opacity":"","overlay-gradient":""},"mobile":{"background-color":"","background-image":"","background-repeat":"repeat","background-position":"center center","background-size":"auto","background-attachment":"scroll","background-type":"","background-media":"","overlay-type":"","overlay-color":"","overlay-opacity":"","overlay-gradient":""}},"ast-content-background-meta":{"desktop":{"background-color":"var(--ast-global-color-5)","background-image":"","background-repeat":"repeat","background-position":"center center","background-size":"auto","background-attachment":"scroll","background-type":"","background-media":"","overlay-type":"","overlay-color":"","overlay-opacity":"","overlay-gradient":""},"tablet":{"background-color":"var(--ast-global-color-5)","background-image":"","background-repeat":"repeat","background-position":"center center","background-size":"auto","background-attachment":"scroll","background-type":"","background-media":"","overlay-type":"","overlay-color":"","overlay-opacity":"","overlay-gradient":""},"mobile":{"background-color":"var(--ast-global-color-5)","background-image":"","background-repeat":"repeat","background-position":"center center","background-size":"auto","background-attachment":"scroll","background-type":"","background-media":"","overlay-type":"","overlay-color":"","overlay-opacity":"","overlay-gradient":""}},"footnotes":""},"categories":[75,4],"tags":[180,16],"class_list":["post-3461","post","type-post","status-publish","format-standard","has-post-thumbnail","hentry","category-cicle-superior","category-portada","tag-medi","tag-sortides"],"post_mailing_queue_ids":[],"_links":{"self":[{"href":"https:\/\/agora.xtec.cat\/ceip-cristofor-mestre\/wp-json\/wp\/v2\/posts\/3461","targetHints":{"allow":["GET"]}}],"collection":[{"href":"https:\/\/agora.xtec.cat\/ceip-cristofor-mestre\/wp-json\/wp\/v2\/posts"}],"about":[{"href":"https:\/\/agora.xtec.cat\/ceip-cristofor-mestre\/wp-json\/wp\/v2\/types\/post"}],"author":[{"embeddable":true,"href":"https:\/\/agora.xtec.cat\/ceip-cristofor-mestre\/wp-json\/wp\/v2\/users\/1"}],"replies":[{"embeddable":true,"href":"https:\/\/agora.xtec.cat\/ceip-cristofor-mestre\/wp-json\/wp\/v2\/comments?post=3461"}],"version-history":[{"count":3,"href":"https:\/\/agora.xtec.cat\/ceip-cristofor-mestre\/wp-json\/wp\/v2\/posts\/3461\/revisions"}],"predecessor-version":[{"id":3490,"href":"https:\/\/agora.xtec.cat\/ceip-cristofor-mestre\/wp-json\/wp\/v2\/posts\/3461\/revisions\/3490"}],"wp:featuredmedia":[{"embeddable":true,"href":"https:\/\/agora.xtec.cat\/ceip-cristofor-mestre\/wp-json\/wp\/v2\/media\/3475"}],"wp:attachment":[{"href":"https:\/\/agora.xtec.cat\/ceip-cristofor-mestre\/wp-json\/wp\/v2\/media?parent=3461"}],"wp:term":[{"taxonomy":"category","embeddable":true,"href":"https:\/\/agora.xtec.cat\/ceip-cristofor-mestre\/wp-json\/wp\/v2\/categories?post=3461"},{"taxonomy":"post_tag","embeddable":true,"href":"https:\/\/agora.xtec.cat\/ceip-cristofor-mestre\/wp-json\/wp\/v2\/tags?post=3461"}],"curies":[{"name":"wp","href":"https:\/\/api.w.org\/{rel}","templated":true}]}}