{"id":3330,"date":"2020-06-22T10:43:06","date_gmt":"2020-06-22T08:43:06","guid":{"rendered":"https:\/\/agora.xtec.cat\/ceip-cristofor-mestre\/?p=3330"},"modified":"2020-06-22T16:42:14","modified_gmt":"2020-06-22T14:42:14","slug":"el-cicle-mitja-curs-2019-20-en-imatges","status":"publish","type":"post","link":"https:\/\/agora.xtec.cat\/ceip-cristofor-mestre\/general\/el-cicle-mitja-curs-2019-20-en-imatges\/","title":{"rendered":"EL CICLE MITJ\u00c0, CURS 2019-20, EN IMATGES"},"content":{"rendered":"<p>Com a record d&#8217;aquest curs 2019-20, volem compartir amb vosaltres aquests dos llibres de Cicle mitj\u00e0, un de 3r i un de 4t.<\/p>\n<p>En ells us presentem un recull d&#8217;imatges de sortides, activitats, festes&#8230; aix\u00ed com dels nostres millors desitjos.<\/p>\n<p>Moltes gr\u00e0cies per la vostra col\u00b7laboraci\u00f3.<\/p>\n<p>Esperem que us agradin!<\/p>\n<p><a href=\"https:\/\/read.bookcreator.com\/yREqWVK0XVc791wTmCGX7KbaJW93\/dAEbSzYdQxitEPD6IqHvIA\"><img loading=\"lazy\" decoding=\"async\" class=\"wp-image-3332 alignleft\" src=\"https:\/\/agora.xtec.cat\/ceip-cristofor-mestre\/wp-content\/uploads\/usu89\/2020\/06\/BOOK-3r.jpg\" alt=\"\" width=\"240\" height=\"181\" srcset=\"https:\/\/agora.xtec.cat\/ceip-cristofor-mestre\/wp-content\/uploads\/usu89\/2020\/06\/BOOK-3r.jpg 608w, https:\/\/agora.xtec.cat\/ceip-cristofor-mestre\/wp-content\/uploads\/usu89\/2020\/06\/BOOK-3r-300x226.jpg 300w, https:\/\/agora.xtec.cat\/ceip-cristofor-mestre\/wp-content\/uploads\/usu89\/2020\/06\/BOOK-3r-200x150.jpg 200w\" sizes=\"auto, (max-width: 240px) 100vw, 240px\" \/><\/a> <a href=\"https:\/\/read.bookcreator.com\/yREqWVK0XVc791wTmCGX7KbaJW93\/k9ayhy0UTYWKvCatKNYrGw\"><img loading=\"lazy\" decoding=\"async\" class=\"aligncenter wp-image-3333\" src=\"https:\/\/agora.xtec.cat\/ceip-cristofor-mestre\/wp-content\/uploads\/usu89\/2020\/06\/BOOK-4t.jpg\" alt=\"\" width=\"240\" height=\"181\" srcset=\"https:\/\/agora.xtec.cat\/ceip-cristofor-mestre\/wp-content\/uploads\/usu89\/2020\/06\/BOOK-4t.jpg 608w, https:\/\/agora.xtec.cat\/ceip-cristofor-mestre\/wp-content\/uploads\/usu89\/2020\/06\/BOOK-4t-300x226.jpg 300w, https:\/\/agora.xtec.cat\/ceip-cristofor-mestre\/wp-content\/uploads\/usu89\/2020\/06\/BOOK-4t-200x150.jpg 200w\" sizes=\"auto, (max-width: 240px) 100vw, 240px\" \/><\/a><\/p>\n<p>&nbsp;<\/p>\n","protected":false},"excerpt":{"rendered":"<p>Com a record d&#8217;aquest curs 2019-20, volem compartir amb vosaltres aquests dos llibres de Cicle mitj\u00e0, un de 3r i un de 4t. En ells us presentem un recull d&#8217;imatges de sortides, activitats, festes&#8230; aix\u00ed com dels nostres millors desitjos. Moltes gr\u00e0cies per la vostra col\u00b7laboraci\u00f3. Esperem que us agradin! &nbsp;<\/p>\n","protected":false},"author":1,"featured_media":3338,"comment_status":"closed","ping_status":"closed","sticky":false,"template":"","format":"standard","meta":{"_bbp_topic_count":0,"_bbp_reply_count":0,"_bbp_total_topic_count":0,"_bbp_total_reply_count":0,"_bbp_voice_count":0,"_bbp_anonymous_reply_count":0,"_bbp_topic_count_hidden":0,"_bbp_reply_count_hidden":0,"_bbp_forum_subforum_count":0,"site-sidebar-layout":"default","site-content-layout":"","ast-site-content-layout":"","site-content-style":"default","site-sidebar-style":"default","ast-global-header-display":"","ast-banner-title-visibility":"","ast-main-header-display":"","ast-hfb-above-header-display":"","ast-hfb-below-header-display":"","ast-hfb-mobile-header-display":"","site-post-title":"","ast-breadcrumbs-content":"","ast-featured-img":"","footer-sml-layout":"","theme-transparent-header-meta":"","adv-header-id-meta":"","stick-header-meta":"","header-above-stick-meta":"","header-main-stick-meta":"","header-below-stick-meta":"","astra-migrate-meta-layouts":"default","ast-page-background-enabled":"default","ast-page-background-meta":{"desktop":{"background-color":"var(--ast-global-color-4)","background-image":"","background-repeat":"repeat","background-position":"center center","background-size":"auto","background-attachment":"scroll","background-type":"","background-media":"","overlay-type":"","overlay-color":"","overlay-opacity":"","overlay-gradient":""},"tablet":{"background-color":"","background-image":"","background-repeat":"repeat","background-position":"center center","background-size":"auto","background-attachment":"scroll","background-type":"","background-media":"","overlay-type":"","overlay-color":"","overlay-opacity":"","overlay-gradient":""},"mobile":{"background-color":"","background-image":"","background-repeat":"repeat","background-position":"center center","background-size":"auto","background-attachment":"scroll","background-type":"","background-media":"","overlay-type":"","overlay-color":"","overlay-opacity":"","overlay-gradient":""}},"ast-content-background-meta":{"desktop":{"background-color":"var(--ast-global-color-5)","background-image":"","background-repeat":"repeat","background-position":"center center","background-size":"auto","background-attachment":"scroll","background-type":"","background-media":"","overlay-type":"","overlay-color":"","overlay-opacity":"","overlay-gradient":""},"tablet":{"background-color":"var(--ast-global-color-5)","background-image":"","background-repeat":"repeat","background-position":"center center","background-size":"auto","background-attachment":"scroll","background-type":"","background-media":"","overlay-type":"","overlay-color":"","overlay-opacity":"","overlay-gradient":""},"mobile":{"background-color":"var(--ast-global-color-5)","background-image":"","background-repeat":"repeat","background-position":"center center","background-size":"auto","background-attachment":"scroll","background-type":"","background-media":"","overlay-type":"","overlay-color":"","overlay-opacity":"","overlay-gradient":""}},"footnotes":""},"categories":[74,1,4,5],"tags":[],"class_list":["post-3330","post","type-post","status-publish","format-standard","has-post-thumbnail","hentry","category-cicle-mitja","category-general","category-portada","category-primaria"],"post_mailing_queue_ids":[],"_links":{"self":[{"href":"https:\/\/agora.xtec.cat\/ceip-cristofor-mestre\/wp-json\/wp\/v2\/posts\/3330","targetHints":{"allow":["GET"]}}],"collection":[{"href":"https:\/\/agora.xtec.cat\/ceip-cristofor-mestre\/wp-json\/wp\/v2\/posts"}],"about":[{"href":"https:\/\/agora.xtec.cat\/ceip-cristofor-mestre\/wp-json\/wp\/v2\/types\/post"}],"author":[{"embeddable":true,"href":"https:\/\/agora.xtec.cat\/ceip-cristofor-mestre\/wp-json\/wp\/v2\/users\/1"}],"replies":[{"embeddable":true,"href":"https:\/\/agora.xtec.cat\/ceip-cristofor-mestre\/wp-json\/wp\/v2\/comments?post=3330"}],"version-history":[{"count":4,"href":"https:\/\/agora.xtec.cat\/ceip-cristofor-mestre\/wp-json\/wp\/v2\/posts\/3330\/revisions"}],"predecessor-version":[{"id":3343,"href":"https:\/\/agora.xtec.cat\/ceip-cristofor-mestre\/wp-json\/wp\/v2\/posts\/3330\/revisions\/3343"}],"wp:featuredmedia":[{"embeddable":true,"href":"https:\/\/agora.xtec.cat\/ceip-cristofor-mestre\/wp-json\/wp\/v2\/media\/3338"}],"wp:attachment":[{"href":"https:\/\/agora.xtec.cat\/ceip-cristofor-mestre\/wp-json\/wp\/v2\/media?parent=3330"}],"wp:term":[{"taxonomy":"category","embeddable":true,"href":"https:\/\/agora.xtec.cat\/ceip-cristofor-mestre\/wp-json\/wp\/v2\/categories?post=3330"},{"taxonomy":"post_tag","embeddable":true,"href":"https:\/\/agora.xtec.cat\/ceip-cristofor-mestre\/wp-json\/wp\/v2\/tags?post=3330"}],"curies":[{"name":"wp","href":"https:\/\/api.w.org\/{rel}","templated":true}]}}