{"id":3266,"date":"2020-05-29T22:58:37","date_gmt":"2020-05-29T20:58:37","guid":{"rendered":"https:\/\/agora.xtec.cat\/ceip-cristofor-mestre\/?p=3266"},"modified":"2020-05-30T12:31:38","modified_gmt":"2020-05-30T10:31:38","slug":"6e-visita-el-parlament-de-catalunya","status":"publish","type":"post","link":"https:\/\/agora.xtec.cat\/ceip-cristofor-mestre\/portada\/6e-visita-el-parlament-de-catalunya\/","title":{"rendered":"6\u00e8 visita el Parlament de Catalunya"},"content":{"rendered":"<p style=\"text-align: justify;\"><img loading=\"lazy\" decoding=\"async\" class=\"alignleft wp-image-3268 size-medium\" src=\"https:\/\/agora.xtec.cat\/ceip-cristofor-mestre\/wp-content\/uploads\/usu89\/2020\/05\/Captura-de-pantalla-2020-05-29-a-las-16.15.50-300x178.png\" alt=\"\" width=\"300\" height=\"178\" srcset=\"https:\/\/agora.xtec.cat\/ceip-cristofor-mestre\/wp-content\/uploads\/usu89\/2020\/05\/Captura-de-pantalla-2020-05-29-a-las-16.15.50-300x178.png 300w, https:\/\/agora.xtec.cat\/ceip-cristofor-mestre\/wp-content\/uploads\/usu89\/2020\/05\/Captura-de-pantalla-2020-05-29-a-las-16.15.50-768x456.png 768w, https:\/\/agora.xtec.cat\/ceip-cristofor-mestre\/wp-content\/uploads\/usu89\/2020\/05\/Captura-de-pantalla-2020-05-29-a-las-16.15.50-1024x608.png 1024w, https:\/\/agora.xtec.cat\/ceip-cristofor-mestre\/wp-content\/uploads\/usu89\/2020\/05\/Captura-de-pantalla-2020-05-29-a-las-16.15.50.png 1279w\" sizes=\"auto, (max-width: 300px) 100vw, 300px\" \/>Avui divendres 29 de maig els alumnes de 6\u00e8 de l&#8217;escola hem anat d&#8217;excursi\u00f3 al Parlament de Catalunya&#8230; virtualment.<\/p>\n<p style=\"text-align: justify;\">I \u00e9s que fa unes setmanes vam rebre la proposta de mantenir la visita que hav\u00edem de fer presencialment a trav\u00e9s d&#8217;una de les aplicacions de videoconfer\u00e8ncia. Els dos guies (un al mat\u00ed i un a la tarda), a trav\u00e9s de la pantalla i fent \u00fas d&#8217;un entorn virtual de 360\u00ba de l&#8217;edifici, ens ha anat fent una visita com si estigu\u00e9ssim all\u00e0 mateix.<\/p>\n<p style=\"text-align: justify;\">Hem pogut con\u00e8ixer l&#8217;origen de l&#8217;edifici i el seu entorn, el perqu\u00e8 el van constru\u00efr i els diferents usos fins al dia d&#8217;avui (que en s\u00f3n uns quants!). Tamb\u00e9 ens han explicat qu\u00e8 \u00e9s el Parlament, quina funci\u00f3 t\u00e9, qui hi treballa i com s&#8217;organitza el dia a dia.<\/p>\n<p style=\"text-align: justify;\"><img loading=\"lazy\" decoding=\"async\" class=\"alignright wp-image-3270 size-medium\" src=\"https:\/\/agora.xtec.cat\/ceip-cristofor-mestre\/wp-content\/uploads\/usu89\/2020\/05\/Captura-de-pantalla-2020-05-29-a-las-17.02.24-300x166.png\" alt=\"\" width=\"300\" height=\"166\" srcset=\"https:\/\/agora.xtec.cat\/ceip-cristofor-mestre\/wp-content\/uploads\/usu89\/2020\/05\/Captura-de-pantalla-2020-05-29-a-las-17.02.24-300x166.png 300w, https:\/\/agora.xtec.cat\/ceip-cristofor-mestre\/wp-content\/uploads\/usu89\/2020\/05\/Captura-de-pantalla-2020-05-29-a-las-17.02.24-768x425.png 768w, https:\/\/agora.xtec.cat\/ceip-cristofor-mestre\/wp-content\/uploads\/usu89\/2020\/05\/Captura-de-pantalla-2020-05-29-a-las-17.02.24-1024x567.png 1024w, https:\/\/agora.xtec.cat\/ceip-cristofor-mestre\/wp-content\/uploads\/usu89\/2020\/05\/Captura-de-pantalla-2020-05-29-a-las-17.02.24.png 1143w\" sizes=\"auto, (max-width: 300px) 100vw, 300px\" \/>Les guies ens han anat passejant per tot el recinte i explicant tot de curiositats i informaci\u00f3 important pel que fa a les institucions del pa\u00eds. I a m\u00e9s, com que era una visita virtual, hem pogut accedir a alguns espais que, de manera presencial, hagu\u00e9s estat impossible de veure. Aix\u00ed que, en certa manera, hem tingut molta sort.<\/p>\n<p style=\"text-align: justify;\">Una experi\u00e8ncia m\u00e9s per no oblidar en aquest estrany tercer trimestre.<\/p>\n<p><img loading=\"lazy\" decoding=\"async\" class=\"aligncenter size-full wp-image-3267\" src=\"https:\/\/agora.xtec.cat\/ceip-cristofor-mestre\/wp-content\/uploads\/usu89\/2020\/05\/Captura-de-pantalla-2020-05-29-a-las-13.21.23.png\" alt=\"\" width=\"1280\" height=\"800\" srcset=\"https:\/\/agora.xtec.cat\/ceip-cristofor-mestre\/wp-content\/uploads\/usu89\/2020\/05\/Captura-de-pantalla-2020-05-29-a-las-13.21.23.png 1280w, https:\/\/agora.xtec.cat\/ceip-cristofor-mestre\/wp-content\/uploads\/usu89\/2020\/05\/Captura-de-pantalla-2020-05-29-a-las-13.21.23-300x188.png 300w, https:\/\/agora.xtec.cat\/ceip-cristofor-mestre\/wp-content\/uploads\/usu89\/2020\/05\/Captura-de-pantalla-2020-05-29-a-las-13.21.23-768x480.png 768w, https:\/\/agora.xtec.cat\/ceip-cristofor-mestre\/wp-content\/uploads\/usu89\/2020\/05\/Captura-de-pantalla-2020-05-29-a-las-13.21.23-1024x640.png 1024w\" sizes=\"auto, (max-width: 1280px) 100vw, 1280px\" \/><\/p>\n<p>&nbsp;<\/p>\n<p>&nbsp;<\/p>\n","protected":false},"excerpt":{"rendered":"<p>Avui divendres 29 de maig els alumnes de 6\u00e8 de l&#8217;escola hem anat d&#8217;excursi\u00f3 al Parlament de Catalunya&#8230; virtualment. I \u00e9s que fa unes setmanes vam rebre la proposta de mantenir la visita que hav\u00edem de fer presencialment a trav\u00e9s d&#8217;una de les aplicacions de videoconfer\u00e8ncia. Els dos guies (un al mat\u00ed i un a [&hellip;]<\/p>\n","protected":false},"author":1,"featured_media":3269,"comment_status":"closed","ping_status":"closed","sticky":false,"template":"","format":"standard","meta":{"_bbp_topic_count":0,"_bbp_reply_count":0,"_bbp_total_topic_count":0,"_bbp_total_reply_count":0,"_bbp_voice_count":0,"_bbp_anonymous_reply_count":0,"_bbp_topic_count_hidden":0,"_bbp_reply_count_hidden":0,"_bbp_forum_subforum_count":0,"site-sidebar-layout":"default","site-content-layout":"","ast-site-content-layout":"","site-content-style":"default","site-sidebar-style":"default","ast-global-header-display":"","ast-banner-title-visibility":"","ast-main-header-display":"","ast-hfb-above-header-display":"","ast-hfb-below-header-display":"","ast-hfb-mobile-header-display":"","site-post-title":"","ast-breadcrumbs-content":"","ast-featured-img":"","footer-sml-layout":"","theme-transparent-header-meta":"","adv-header-id-meta":"","stick-header-meta":"","header-above-stick-meta":"","header-main-stick-meta":"","header-below-stick-meta":"","astra-migrate-meta-layouts":"default","ast-page-background-enabled":"default","ast-page-background-meta":{"desktop":{"background-color":"var(--ast-global-color-4)","background-image":"","background-repeat":"repeat","background-position":"center center","background-size":"auto","background-attachment":"scroll","background-type":"","background-media":"","overlay-type":"","overlay-color":"","overlay-opacity":"","overlay-gradient":""},"tablet":{"background-color":"","background-image":"","background-repeat":"repeat","background-position":"center center","background-size":"auto","background-attachment":"scroll","background-type":"","background-media":"","overlay-type":"","overlay-color":"","overlay-opacity":"","overlay-gradient":""},"mobile":{"background-color":"","background-image":"","background-repeat":"repeat","background-position":"center center","background-size":"auto","background-attachment":"scroll","background-type":"","background-media":"","overlay-type":"","overlay-color":"","overlay-opacity":"","overlay-gradient":""}},"ast-content-background-meta":{"desktop":{"background-color":"var(--ast-global-color-5)","background-image":"","background-repeat":"repeat","background-position":"center center","background-size":"auto","background-attachment":"scroll","background-type":"","background-media":"","overlay-type":"","overlay-color":"","overlay-opacity":"","overlay-gradient":""},"tablet":{"background-color":"var(--ast-global-color-5)","background-image":"","background-repeat":"repeat","background-position":"center center","background-size":"auto","background-attachment":"scroll","background-type":"","background-media":"","overlay-type":"","overlay-color":"","overlay-opacity":"","overlay-gradient":""},"mobile":{"background-color":"var(--ast-global-color-5)","background-image":"","background-repeat":"repeat","background-position":"center center","background-size":"auto","background-attachment":"scroll","background-type":"","background-media":"","overlay-type":"","overlay-color":"","overlay-opacity":"","overlay-gradient":""}},"footnotes":""},"categories":[75,4],"tags":[164,16],"class_list":["post-3266","post","type-post","status-publish","format-standard","has-post-thumbnail","hentry","category-cicle-superior","category-portada","tag-confinament","tag-sortides"],"post_mailing_queue_ids":[],"_links":{"self":[{"href":"https:\/\/agora.xtec.cat\/ceip-cristofor-mestre\/wp-json\/wp\/v2\/posts\/3266","targetHints":{"allow":["GET"]}}],"collection":[{"href":"https:\/\/agora.xtec.cat\/ceip-cristofor-mestre\/wp-json\/wp\/v2\/posts"}],"about":[{"href":"https:\/\/agora.xtec.cat\/ceip-cristofor-mestre\/wp-json\/wp\/v2\/types\/post"}],"author":[{"embeddable":true,"href":"https:\/\/agora.xtec.cat\/ceip-cristofor-mestre\/wp-json\/wp\/v2\/users\/1"}],"replies":[{"embeddable":true,"href":"https:\/\/agora.xtec.cat\/ceip-cristofor-mestre\/wp-json\/wp\/v2\/comments?post=3266"}],"version-history":[{"count":3,"href":"https:\/\/agora.xtec.cat\/ceip-cristofor-mestre\/wp-json\/wp\/v2\/posts\/3266\/revisions"}],"predecessor-version":[{"id":3275,"href":"https:\/\/agora.xtec.cat\/ceip-cristofor-mestre\/wp-json\/wp\/v2\/posts\/3266\/revisions\/3275"}],"wp:featuredmedia":[{"embeddable":true,"href":"https:\/\/agora.xtec.cat\/ceip-cristofor-mestre\/wp-json\/wp\/v2\/media\/3269"}],"wp:attachment":[{"href":"https:\/\/agora.xtec.cat\/ceip-cristofor-mestre\/wp-json\/wp\/v2\/media?parent=3266"}],"wp:term":[{"taxonomy":"category","embeddable":true,"href":"https:\/\/agora.xtec.cat\/ceip-cristofor-mestre\/wp-json\/wp\/v2\/categories?post=3266"},{"taxonomy":"post_tag","embeddable":true,"href":"https:\/\/agora.xtec.cat\/ceip-cristofor-mestre\/wp-json\/wp\/v2\/tags?post=3266"}],"curies":[{"name":"wp","href":"https:\/\/api.w.org\/{rel}","templated":true}]}}