{"id":3238,"date":"2020-05-25T10:08:20","date_gmt":"2020-05-25T08:08:20","guid":{"rendered":"https:\/\/agora.xtec.cat\/ceip-cristofor-mestre\/?p=3238"},"modified":"2020-06-22T10:51:04","modified_gmt":"2020-06-22T08:51:04","slug":"convocatoria-ajuts-menjador-escolar-20-21","status":"publish","type":"post","link":"https:\/\/agora.xtec.cat\/ceip-cristofor-mestre\/general\/convocatoria-ajuts-menjador-escolar-20-21\/","title":{"rendered":"Convocat\u00f2ria ajuts menjador escolar 20\/21"},"content":{"rendered":"<p><img loading=\"lazy\" decoding=\"async\" class=\"aligncenter size-full wp-image-3239\" src=\"https:\/\/agora.xtec.cat\/ceip-cristofor-mestre\/wp-content\/uploads\/usu89\/2020\/05\/menjador.png\" alt=\"\" width=\"204\" height=\"158\" \/><\/p>\n<p>&nbsp;<\/p>\n<h3 style=\"text-align: center;\">El termini de presentaci\u00f3 de sol\u00b7licituds de termini ordinari (per alumnes ja escolaritzats)<\/h3>\n<h3 style=\"text-align: center;\">comen\u00e7ar\u00e0 el dia <strong><span style=\"text-decoration: underline;\">1 i finalitzar\u00e0 el dia 19 de juny<\/span><\/strong> de 2020.<\/h3>\n<h2><\/h2>\n<h2 style=\"text-align: center;\">COM HO FAREM?<\/h2>\n<h3 style=\"text-align: center;\">De forma telem\u00e0tica, a trav\u00e9s de la web del <a href=\"https:\/\/tramits.ccapenedes.cat\/Ciutadania\/TramitsCiutadans.aspx\">Consell Comarcal de l\u2019Alt Pened\u00e8s<\/a>, apartat de Tr\u00e0mits i Gestions\/ Ciutadania\/ Ensenyament_ Menjador escolar entre els dies 1 i 19 de juny de 2020.<\/h3>\n<h2><\/h2>\n<h2 style=\"text-align: center;\">I SI TINC DUBTES?<\/h2>\n<h3 style=\"text-align: center;\">Podeu enviar un correu electr\u00f2nic a l\u2019adre\u00e7a bequesmenjador@ccapenedes.cat<\/h3>\n<h3 style=\"text-align: center;\">o per tel\u00e8fon: 674667899 i 674669590 (de 9.00h a 14:00h) i us indicaran com realitzar el tr\u00e0mit.<\/h3>\n<p>&nbsp;<\/p>\n<h2 style=\"text-align: center;\">I SI NO HO PUC FER TELEM\u00c0TICAMENT?<\/h2>\n<h3 style=\"text-align: center;\">Es pot presentar la sol\u00b7licitud de forma presencial de l&#8217;1 al 19 de juny de 2020<\/h3>\n<h3 style=\"text-align: center;\">a l&#8217;oficina del Consell Comarcal de l&#8217;Alt Pened\u00e8s<br \/>\n<span class=\"Lloc\">(Oficina d&#8217;Atenci\u00f3 Ciutadana &#8211; C\/ Hermenegild Clascar, 1-3 de Vilafranca del Pened\u00e8s.)<\/span><\/h3>\n","protected":false},"excerpt":{"rendered":"<p>&nbsp; El termini de presentaci\u00f3 de sol\u00b7licituds de termini ordinari (per alumnes ja escolaritzats) comen\u00e7ar\u00e0 el dia 1 i finalitzar\u00e0 el dia 19 de juny de 2020. COM HO FAREM? De forma telem\u00e0tica, a trav\u00e9s de la web del Consell Comarcal de l\u2019Alt Pened\u00e8s, apartat de Tr\u00e0mits i Gestions\/ Ciutadania\/ Ensenyament_ Menjador escolar entre els [&hellip;]<\/p>\n","protected":false},"author":1,"featured_media":3239,"comment_status":"closed","ping_status":"closed","sticky":false,"template":"","format":"standard","meta":{"_bbp_topic_count":0,"_bbp_reply_count":0,"_bbp_total_topic_count":0,"_bbp_total_reply_count":0,"_bbp_voice_count":0,"_bbp_anonymous_reply_count":0,"_bbp_topic_count_hidden":0,"_bbp_reply_count_hidden":0,"_bbp_forum_subforum_count":0,"site-sidebar-layout":"default","site-content-layout":"","ast-site-content-layout":"","site-content-style":"default","site-sidebar-style":"default","ast-global-header-display":"","ast-banner-title-visibility":"","ast-main-header-display":"","ast-hfb-above-header-display":"","ast-hfb-below-header-display":"","ast-hfb-mobile-header-display":"","site-post-title":"","ast-breadcrumbs-content":"","ast-featured-img":"","footer-sml-layout":"","theme-transparent-header-meta":"","adv-header-id-meta":"","stick-header-meta":"","header-above-stick-meta":"","header-main-stick-meta":"","header-below-stick-meta":"","astra-migrate-meta-layouts":"default","ast-page-background-enabled":"default","ast-page-background-meta":{"desktop":{"background-color":"var(--ast-global-color-4)","background-image":"","background-repeat":"repeat","background-position":"center center","background-size":"auto","background-attachment":"scroll","background-type":"","background-media":"","overlay-type":"","overlay-color":"","overlay-opacity":"","overlay-gradient":""},"tablet":{"background-color":"","background-image":"","background-repeat":"repeat","background-position":"center center","background-size":"auto","background-attachment":"scroll","background-type":"","background-media":"","overlay-type":"","overlay-color":"","overlay-opacity":"","overlay-gradient":""},"mobile":{"background-color":"","background-image":"","background-repeat":"repeat","background-position":"center center","background-size":"auto","background-attachment":"scroll","background-type":"","background-media":"","overlay-type":"","overlay-color":"","overlay-opacity":"","overlay-gradient":""}},"ast-content-background-meta":{"desktop":{"background-color":"var(--ast-global-color-5)","background-image":"","background-repeat":"repeat","background-position":"center center","background-size":"auto","background-attachment":"scroll","background-type":"","background-media":"","overlay-type":"","overlay-color":"","overlay-opacity":"","overlay-gradient":""},"tablet":{"background-color":"var(--ast-global-color-5)","background-image":"","background-repeat":"repeat","background-position":"center center","background-size":"auto","background-attachment":"scroll","background-type":"","background-media":"","overlay-type":"","overlay-color":"","overlay-opacity":"","overlay-gradient":""},"mobile":{"background-color":"var(--ast-global-color-5)","background-image":"","background-repeat":"repeat","background-position":"center center","background-size":"auto","background-attachment":"scroll","background-type":"","background-media":"","overlay-type":"","overlay-color":"","overlay-opacity":"","overlay-gradient":""}},"footnotes":""},"categories":[7,73,74,75,130,1,2,117,4],"tags":[178,135,136],"class_list":["post-3238","post","type-post","status-publish","format-standard","has-post-thumbnail","hentry","category-ampa","category-cicle-inicial","category-cicle-mitja","category-cicle-superior","category-educacio-fisica","category-general","category-infantil","category-mes-musica","category-portada","tag-ajuts","tag-beques","tag-menjador"],"post_mailing_queue_ids":[],"_links":{"self":[{"href":"https:\/\/agora.xtec.cat\/ceip-cristofor-mestre\/wp-json\/wp\/v2\/posts\/3238","targetHints":{"allow":["GET"]}}],"collection":[{"href":"https:\/\/agora.xtec.cat\/ceip-cristofor-mestre\/wp-json\/wp\/v2\/posts"}],"about":[{"href":"https:\/\/agora.xtec.cat\/ceip-cristofor-mestre\/wp-json\/wp\/v2\/types\/post"}],"author":[{"embeddable":true,"href":"https:\/\/agora.xtec.cat\/ceip-cristofor-mestre\/wp-json\/wp\/v2\/users\/1"}],"replies":[{"embeddable":true,"href":"https:\/\/agora.xtec.cat\/ceip-cristofor-mestre\/wp-json\/wp\/v2\/comments?post=3238"}],"version-history":[{"count":2,"href":"https:\/\/agora.xtec.cat\/ceip-cristofor-mestre\/wp-json\/wp\/v2\/posts\/3238\/revisions"}],"predecessor-version":[{"id":3241,"href":"https:\/\/agora.xtec.cat\/ceip-cristofor-mestre\/wp-json\/wp\/v2\/posts\/3238\/revisions\/3241"}],"wp:featuredmedia":[{"embeddable":true,"href":"https:\/\/agora.xtec.cat\/ceip-cristofor-mestre\/wp-json\/wp\/v2\/media\/3239"}],"wp:attachment":[{"href":"https:\/\/agora.xtec.cat\/ceip-cristofor-mestre\/wp-json\/wp\/v2\/media?parent=3238"}],"wp:term":[{"taxonomy":"category","embeddable":true,"href":"https:\/\/agora.xtec.cat\/ceip-cristofor-mestre\/wp-json\/wp\/v2\/categories?post=3238"},{"taxonomy":"post_tag","embeddable":true,"href":"https:\/\/agora.xtec.cat\/ceip-cristofor-mestre\/wp-json\/wp\/v2\/tags?post=3238"}],"curies":[{"name":"wp","href":"https:\/\/api.w.org\/{rel}","templated":true}]}}