{"id":2119,"date":"2019-10-18T09:15:30","date_gmt":"2019-10-18T07:15:30","guid":{"rendered":"https:\/\/agora.xtec.cat\/ceip-cristofor-mestre\/?p=2119"},"modified":"2019-10-18T13:19:43","modified_gmt":"2019-10-18T11:19:43","slug":"ja-som-escola-saludable","status":"publish","type":"post","link":"https:\/\/agora.xtec.cat\/ceip-cristofor-mestre\/general\/ja-som-escola-saludable\/","title":{"rendered":"Ja som Escola Saludable !"},"content":{"rendered":"<p>L&#8217;Escola Crist\u00f2for Mestre, juntament amb sis escoles de la comarca de l&#8217;Alt Pened\u00e8s, ja formen part del projecte <a href=\"https:\/\/escolasaludablealtpenedes.com\/\" target=\"_blank\" rel=\"noopener noreferrer\">ESAP<\/a> (Escola Saludable a l&#8217;Alt Pened\u00e8s).<\/p>\n<p>Aquest projecte implica la realitzaci\u00f3 de tot un seguit d&#8217;activitats a nivell mediambiental, alimentari i\/o d&#8217;activitat f\u00edsica.<\/p>\n<p>Una de les propostes que durem a terme a Cicle Superior ser\u00e0 el pr\u00e8stec de la motxilla ESAP, la qual cont\u00e9 propostes de tots els nivells descrits anteriorment.<\/p>\n<p>A la web de l&#8217;escola anirem afegint enlla\u00e7os relacionats amb l&#8217;ESAP, podeu consultar el de Passejades per l&#8217;entorn de Vilafranca del Pened\u00e8s. <a href=\"https:\/\/agora.xtec.cat\/ceip-cristofor-mestre\/wp-content\/uploads\/usu89\/2019\/10\/EXCURSIONISTA-e1571396362223.jpg\"><img loading=\"lazy\" decoding=\"async\" class=\"size-full wp-image-2132 alignright\" src=\"https:\/\/agora.xtec.cat\/ceip-cristofor-mestre\/wp-content\/uploads\/usu89\/2019\/10\/EXCURSIONISTA-e1571396362223.jpg\" alt=\"\" width=\"75\" height=\"87\" \/><\/a><\/p>\n<p>&nbsp;<\/p>\n<p>&nbsp;<\/p>\n","protected":false},"excerpt":{"rendered":"<p>L&#8217;Escola Crist\u00f2for Mestre, juntament amb sis escoles de la comarca de l&#8217;Alt Pened\u00e8s, ja formen part del projecte ESAP (Escola Saludable a l&#8217;Alt Pened\u00e8s). Aquest projecte implica la realitzaci\u00f3 de tot un seguit d&#8217;activitats a nivell mediambiental, alimentari i\/o d&#8217;activitat f\u00edsica. Una de les propostes que durem a terme a Cicle Superior ser\u00e0 el pr\u00e8stec [&hellip;]<\/p>\n","protected":false},"author":1,"featured_media":0,"comment_status":"closed","ping_status":"closed","sticky":false,"template":"","format":"standard","meta":{"_bbp_topic_count":0,"_bbp_reply_count":0,"_bbp_total_topic_count":0,"_bbp_total_reply_count":0,"_bbp_voice_count":0,"_bbp_anonymous_reply_count":0,"_bbp_topic_count_hidden":0,"_bbp_reply_count_hidden":0,"_bbp_forum_subforum_count":0,"site-sidebar-layout":"default","site-content-layout":"","ast-site-content-layout":"","site-content-style":"default","site-sidebar-style":"default","ast-global-header-display":"","ast-banner-title-visibility":"","ast-main-header-display":"","ast-hfb-above-header-display":"","ast-hfb-below-header-display":"","ast-hfb-mobile-header-display":"","site-post-title":"","ast-breadcrumbs-content":"","ast-featured-img":"","footer-sml-layout":"","theme-transparent-header-meta":"","adv-header-id-meta":"","stick-header-meta":"","header-above-stick-meta":"","header-main-stick-meta":"","header-below-stick-meta":"","astra-migrate-meta-layouts":"default","ast-page-background-enabled":"default","ast-page-background-meta":{"desktop":{"background-color":"var(--ast-global-color-4)","background-image":"","background-repeat":"repeat","background-position":"center center","background-size":"auto","background-attachment":"scroll","background-type":"","background-media":"","overlay-type":"","overlay-color":"","overlay-opacity":"","overlay-gradient":""},"tablet":{"background-color":"","background-image":"","background-repeat":"repeat","background-position":"center center","background-size":"auto","background-attachment":"scroll","background-type":"","background-media":"","overlay-type":"","overlay-color":"","overlay-opacity":"","overlay-gradient":""},"mobile":{"background-color":"","background-image":"","background-repeat":"repeat","background-position":"center center","background-size":"auto","background-attachment":"scroll","background-type":"","background-media":"","overlay-type":"","overlay-color":"","overlay-opacity":"","overlay-gradient":""}},"ast-content-background-meta":{"desktop":{"background-color":"var(--ast-global-color-5)","background-image":"","background-repeat":"repeat","background-position":"center center","background-size":"auto","background-attachment":"scroll","background-type":"","background-media":"","overlay-type":"","overlay-color":"","overlay-opacity":"","overlay-gradient":""},"tablet":{"background-color":"var(--ast-global-color-5)","background-image":"","background-repeat":"repeat","background-position":"center center","background-size":"auto","background-attachment":"scroll","background-type":"","background-media":"","overlay-type":"","overlay-color":"","overlay-opacity":"","overlay-gradient":""},"mobile":{"background-color":"var(--ast-global-color-5)","background-image":"","background-repeat":"repeat","background-position":"center center","background-size":"auto","background-attachment":"scroll","background-type":"","background-media":"","overlay-type":"","overlay-color":"","overlay-opacity":"","overlay-gradient":""}},"footnotes":""},"categories":[75,1,4,5],"tags":[],"class_list":["post-2119","post","type-post","status-publish","format-standard","hentry","category-cicle-superior","category-general","category-portada","category-primaria"],"post_mailing_queue_ids":[],"_links":{"self":[{"href":"https:\/\/agora.xtec.cat\/ceip-cristofor-mestre\/wp-json\/wp\/v2\/posts\/2119","targetHints":{"allow":["GET"]}}],"collection":[{"href":"https:\/\/agora.xtec.cat\/ceip-cristofor-mestre\/wp-json\/wp\/v2\/posts"}],"about":[{"href":"https:\/\/agora.xtec.cat\/ceip-cristofor-mestre\/wp-json\/wp\/v2\/types\/post"}],"author":[{"embeddable":true,"href":"https:\/\/agora.xtec.cat\/ceip-cristofor-mestre\/wp-json\/wp\/v2\/users\/1"}],"replies":[{"embeddable":true,"href":"https:\/\/agora.xtec.cat\/ceip-cristofor-mestre\/wp-json\/wp\/v2\/comments?post=2119"}],"version-history":[{"count":3,"href":"https:\/\/agora.xtec.cat\/ceip-cristofor-mestre\/wp-json\/wp\/v2\/posts\/2119\/revisions"}],"predecessor-version":[{"id":2140,"href":"https:\/\/agora.xtec.cat\/ceip-cristofor-mestre\/wp-json\/wp\/v2\/posts\/2119\/revisions\/2140"}],"wp:attachment":[{"href":"https:\/\/agora.xtec.cat\/ceip-cristofor-mestre\/wp-json\/wp\/v2\/media?parent=2119"}],"wp:term":[{"taxonomy":"category","embeddable":true,"href":"https:\/\/agora.xtec.cat\/ceip-cristofor-mestre\/wp-json\/wp\/v2\/categories?post=2119"},{"taxonomy":"post_tag","embeddable":true,"href":"https:\/\/agora.xtec.cat\/ceip-cristofor-mestre\/wp-json\/wp\/v2\/tags?post=2119"}],"curies":[{"name":"wp","href":"https:\/\/api.w.org\/{rel}","templated":true}]}}