{"id":1975,"date":"2019-05-20T10:51:43","date_gmt":"2019-05-20T08:51:43","guid":{"rendered":"http:\/\/agora.xtec.cat\/ceip-cristofor-mestre\/?p=1975"},"modified":"2019-05-20T11:03:37","modified_gmt":"2019-05-20T09:03:37","slug":"concurs-cultural-jespe-18-19","status":"publish","type":"post","link":"https:\/\/agora.xtec.cat\/ceip-cristofor-mestre\/general\/concurs-cultural-jespe-18-19\/","title":{"rendered":"Concurs Cultural JESPE 18-19"},"content":{"rendered":"<p style=\"text-align: justify;\">El dijous 16 de maig de 2019, a la Fassina, es va fer entrega dels premis als finalistes del Concurs Cultural que anualment convoca el Consell Esportiu de l&#8217;Alt Pened\u00e8s.<\/p>\n<p>L&#8217;Escola Crist\u00f2for Mestre hi participa presentant els treballs de l&#8217;alumnat d&#8217;Educaci\u00f3 Prim\u00e0ria.<\/p>\n<p>Els finalistes en categoria prebenjam\u00ed (1r i 2n) van ser :<\/p>\n<ul style=\"list-style-type: disc;\">\n<li>Emma Galofr\u00e9 i Lluc Mart\u00ed<\/li>\n<\/ul>\n<p>Els finalistes en categoria alevina (5\u00e8 i 6\u00e8) van ser :<\/p>\n<ul>\n<li>Aleix Domenech i <strong>Tania Labrador<\/strong> (1\u00aa classificada)<\/li>\n<\/ul>\n<p>Gr\u00e0cies a tot l&#8217;alumnat per la seva participaci\u00f3 !!!<\/p>\n<p style=\"text-align: center;\"><a href=\"https:\/\/photos.app.goo.gl\/w1i7zE3N6DwGa7RJ9\" target=\"_blank\" rel=\"noopener noreferrer\"><img loading=\"lazy\" decoding=\"async\" class=\"aligncenter wp-image-881 size-full\" src=\"https:\/\/agora.xtec.cat\/ceip-cristofor-mestre\/wp-content\/uploads\/usu89\/2017\/05\/camara-e1517400904408.jpg\" alt=\"\" width=\"100\" height=\"78\" \/><\/a><\/p>\n","protected":false},"excerpt":{"rendered":"<p>El dijous 16 de maig de 2019, a la Fassina, es va fer entrega dels premis als finalistes del Concurs Cultural que anualment convoca el Consell Esportiu de l&#8217;Alt Pened\u00e8s. L&#8217;Escola Crist\u00f2for Mestre hi participa presentant els treballs de l&#8217;alumnat d&#8217;Educaci\u00f3 Prim\u00e0ria. Els finalistes en categoria prebenjam\u00ed (1r i 2n) van ser : Emma Galofr\u00e9 [&hellip;]<\/p>\n","protected":false},"author":1,"featured_media":1977,"comment_status":"closed","ping_status":"closed","sticky":false,"template":"","format":"standard","meta":{"_bbp_topic_count":0,"_bbp_reply_count":0,"_bbp_total_topic_count":0,"_bbp_total_reply_count":0,"_bbp_voice_count":0,"_bbp_anonymous_reply_count":0,"_bbp_topic_count_hidden":0,"_bbp_reply_count_hidden":0,"_bbp_forum_subforum_count":0,"site-sidebar-layout":"default","site-content-layout":"","ast-site-content-layout":"","site-content-style":"default","site-sidebar-style":"default","ast-global-header-display":"","ast-banner-title-visibility":"","ast-main-header-display":"","ast-hfb-above-header-display":"","ast-hfb-below-header-display":"","ast-hfb-mobile-header-display":"","site-post-title":"","ast-breadcrumbs-content":"","ast-featured-img":"","footer-sml-layout":"","theme-transparent-header-meta":"","adv-header-id-meta":"","stick-header-meta":"","header-above-stick-meta":"","header-main-stick-meta":"","header-below-stick-meta":"","astra-migrate-meta-layouts":"default","ast-page-background-enabled":"default","ast-page-background-meta":{"desktop":{"background-color":"var(--ast-global-color-4)","background-image":"","background-repeat":"repeat","background-position":"center center","background-size":"auto","background-attachment":"scroll","background-type":"","background-media":"","overlay-type":"","overlay-color":"","overlay-opacity":"","overlay-gradient":""},"tablet":{"background-color":"","background-image":"","background-repeat":"repeat","background-position":"center center","background-size":"auto","background-attachment":"scroll","background-type":"","background-media":"","overlay-type":"","overlay-color":"","overlay-opacity":"","overlay-gradient":""},"mobile":{"background-color":"","background-image":"","background-repeat":"repeat","background-position":"center center","background-size":"auto","background-attachment":"scroll","background-type":"","background-media":"","overlay-type":"","overlay-color":"","overlay-opacity":"","overlay-gradient":""}},"ast-content-background-meta":{"desktop":{"background-color":"var(--ast-global-color-5)","background-image":"","background-repeat":"repeat","background-position":"center center","background-size":"auto","background-attachment":"scroll","background-type":"","background-media":"","overlay-type":"","overlay-color":"","overlay-opacity":"","overlay-gradient":""},"tablet":{"background-color":"var(--ast-global-color-5)","background-image":"","background-repeat":"repeat","background-position":"center center","background-size":"auto","background-attachment":"scroll","background-type":"","background-media":"","overlay-type":"","overlay-color":"","overlay-opacity":"","overlay-gradient":""},"mobile":{"background-color":"var(--ast-global-color-5)","background-image":"","background-repeat":"repeat","background-position":"center center","background-size":"auto","background-attachment":"scroll","background-type":"","background-media":"","overlay-type":"","overlay-color":"","overlay-opacity":"","overlay-gradient":""}},"footnotes":""},"categories":[73,74,75,130,1,4,5],"tags":[],"class_list":["post-1975","post","type-post","status-publish","format-standard","has-post-thumbnail","hentry","category-cicle-inicial","category-cicle-mitja","category-cicle-superior","category-educacio-fisica","category-general","category-portada","category-primaria"],"post_mailing_queue_ids":[],"_links":{"self":[{"href":"https:\/\/agora.xtec.cat\/ceip-cristofor-mestre\/wp-json\/wp\/v2\/posts\/1975","targetHints":{"allow":["GET"]}}],"collection":[{"href":"https:\/\/agora.xtec.cat\/ceip-cristofor-mestre\/wp-json\/wp\/v2\/posts"}],"about":[{"href":"https:\/\/agora.xtec.cat\/ceip-cristofor-mestre\/wp-json\/wp\/v2\/types\/post"}],"author":[{"embeddable":true,"href":"https:\/\/agora.xtec.cat\/ceip-cristofor-mestre\/wp-json\/wp\/v2\/users\/1"}],"replies":[{"embeddable":true,"href":"https:\/\/agora.xtec.cat\/ceip-cristofor-mestre\/wp-json\/wp\/v2\/comments?post=1975"}],"version-history":[{"count":3,"href":"https:\/\/agora.xtec.cat\/ceip-cristofor-mestre\/wp-json\/wp\/v2\/posts\/1975\/revisions"}],"predecessor-version":[{"id":1983,"href":"https:\/\/agora.xtec.cat\/ceip-cristofor-mestre\/wp-json\/wp\/v2\/posts\/1975\/revisions\/1983"}],"wp:featuredmedia":[{"embeddable":true,"href":"https:\/\/agora.xtec.cat\/ceip-cristofor-mestre\/wp-json\/wp\/v2\/media\/1977"}],"wp:attachment":[{"href":"https:\/\/agora.xtec.cat\/ceip-cristofor-mestre\/wp-json\/wp\/v2\/media?parent=1975"}],"wp:term":[{"taxonomy":"category","embeddable":true,"href":"https:\/\/agora.xtec.cat\/ceip-cristofor-mestre\/wp-json\/wp\/v2\/categories?post=1975"},{"taxonomy":"post_tag","embeddable":true,"href":"https:\/\/agora.xtec.cat\/ceip-cristofor-mestre\/wp-json\/wp\/v2\/tags?post=1975"}],"curies":[{"name":"wp","href":"https:\/\/api.w.org\/{rel}","templated":true}]}}