{"id":1890,"date":"2019-04-23T09:26:56","date_gmt":"2019-04-23T07:26:56","guid":{"rendered":"http:\/\/agora.xtec.cat\/ceip-cristofor-mestre\/?p=1890"},"modified":"2019-05-01T15:20:21","modified_gmt":"2019-05-01T13:20:21","slug":"sant-jordi-2019","status":"publish","type":"post","link":"https:\/\/agora.xtec.cat\/ceip-cristofor-mestre\/general\/sant-jordi-2019\/","title":{"rendered":"SANT JORDI 2019"},"content":{"rendered":"<h3 style=\"text-align: center;\">TRADICI\u00d3 I CULTURA<\/h3>\n<p>La festa de Sant Jordi se celebra a tot el pa\u00eds el 23 d\u2019abril, dia en qu\u00e8 es va morir el cavaller Jordi.<\/p>\n<p>El culte a sant Jordi es va estendre plenament a tots els Pa\u00efsos Catalans, durant l\u2019edat mitjana, per b\u00e9 que al segle VIII ja n\u2019hi havia devoci\u00f3. I des de l\u2019any 1456 \u00e9s el patr\u00f3 oficial de Catalunya.<\/p>\n<p>D\u2019una altra banda, l\u2019origen de la diada associada al llibre el situem als anys vint del segle passat, quan l\u2019escriptor valenci\u00e0 Vicent Clavel i Andr\u00e9s, director de l\u2019editorial Cervantes, va proposar a la Cambra Oficial del Llibre de Barcelona i al Gremi d&#8217;Editors i Llibreters de fer una festa per a promoure el llibre a Catalunya. La data triada fou el 7 d\u2019octubre de 1927.<\/p>\n<p>L&#8217;escola en motiu d&#8217;aquesta diada ha elaborat una revista que t\u00e9 com eix transversal la Taula Peri\u00f2dica del Elements Qu\u00edmics.<\/p>\n<h3 style=\"text-align: center;\">Bona Diada a tothom!<\/h3>\n<p><a href=\"https:\/\/en.calameo.com\/read\/005834089640768eb0cfd\"><img loading=\"lazy\" decoding=\"async\" class=\"size-full wp-image-1899 aligncenter\" src=\"https:\/\/agora.xtec.cat\/ceip-cristofor-mestre\/wp-content\/uploads\/usu89\/2019\/04\/sant-jordi-portada.jpg\" alt=\"\" width=\"452\" height=\"656\" \/><\/a><\/p>\n","protected":false},"excerpt":{"rendered":"<p>TRADICI\u00d3 I CULTURA La festa de Sant Jordi se celebra a tot el pa\u00eds el 23 d\u2019abril, dia en qu\u00e8 es va morir el cavaller Jordi. El culte a sant Jordi es va estendre plenament a tots els Pa\u00efsos Catalans, durant l\u2019edat mitjana, per b\u00e9 que al segle VIII ja n\u2019hi havia devoci\u00f3. I des [&hellip;]<\/p>\n","protected":false},"author":1,"featured_media":1899,"comment_status":"closed","ping_status":"closed","sticky":false,"template":"","format":"standard","meta":{"_bbp_topic_count":0,"_bbp_reply_count":0,"_bbp_total_topic_count":0,"_bbp_total_reply_count":0,"_bbp_voice_count":0,"_bbp_anonymous_reply_count":0,"_bbp_topic_count_hidden":0,"_bbp_reply_count_hidden":0,"_bbp_forum_subforum_count":0,"site-sidebar-layout":"default","site-content-layout":"","ast-site-content-layout":"","site-content-style":"default","site-sidebar-style":"default","ast-global-header-display":"","ast-banner-title-visibility":"","ast-main-header-display":"","ast-hfb-above-header-display":"","ast-hfb-below-header-display":"","ast-hfb-mobile-header-display":"","site-post-title":"","ast-breadcrumbs-content":"","ast-featured-img":"","footer-sml-layout":"","theme-transparent-header-meta":"","adv-header-id-meta":"","stick-header-meta":"","header-above-stick-meta":"","header-main-stick-meta":"","header-below-stick-meta":"","astra-migrate-meta-layouts":"default","ast-page-background-enabled":"default","ast-page-background-meta":{"desktop":{"background-color":"var(--ast-global-color-4)","background-image":"","background-repeat":"repeat","background-position":"center center","background-size":"auto","background-attachment":"scroll","background-type":"","background-media":"","overlay-type":"","overlay-color":"","overlay-opacity":"","overlay-gradient":""},"tablet":{"background-color":"","background-image":"","background-repeat":"repeat","background-position":"center center","background-size":"auto","background-attachment":"scroll","background-type":"","background-media":"","overlay-type":"","overlay-color":"","overlay-opacity":"","overlay-gradient":""},"mobile":{"background-color":"","background-image":"","background-repeat":"repeat","background-position":"center center","background-size":"auto","background-attachment":"scroll","background-type":"","background-media":"","overlay-type":"","overlay-color":"","overlay-opacity":"","overlay-gradient":""}},"ast-content-background-meta":{"desktop":{"background-color":"var(--ast-global-color-5)","background-image":"","background-repeat":"repeat","background-position":"center center","background-size":"auto","background-attachment":"scroll","background-type":"","background-media":"","overlay-type":"","overlay-color":"","overlay-opacity":"","overlay-gradient":""},"tablet":{"background-color":"var(--ast-global-color-5)","background-image":"","background-repeat":"repeat","background-position":"center center","background-size":"auto","background-attachment":"scroll","background-type":"","background-media":"","overlay-type":"","overlay-color":"","overlay-opacity":"","overlay-gradient":""},"mobile":{"background-color":"var(--ast-global-color-5)","background-image":"","background-repeat":"repeat","background-position":"center center","background-size":"auto","background-attachment":"scroll","background-type":"","background-media":"","overlay-type":"","overlay-color":"","overlay-opacity":"","overlay-gradient":""}},"footnotes":""},"categories":[7,73,74,75,130,1,2,117,4,5],"tags":[153,103,80],"class_list":["post-1890","post","type-post","status-publish","format-standard","has-post-thumbnail","hentry","category-ampa","category-cicle-inicial","category-cicle-mitja","category-cicle-superior","category-educacio-fisica","category-general","category-infantil","category-mes-musica","category-portada","category-primaria","tag-diada","tag-llibres","tag-sant-jordi"],"post_mailing_queue_ids":[],"_links":{"self":[{"href":"https:\/\/agora.xtec.cat\/ceip-cristofor-mestre\/wp-json\/wp\/v2\/posts\/1890","targetHints":{"allow":["GET"]}}],"collection":[{"href":"https:\/\/agora.xtec.cat\/ceip-cristofor-mestre\/wp-json\/wp\/v2\/posts"}],"about":[{"href":"https:\/\/agora.xtec.cat\/ceip-cristofor-mestre\/wp-json\/wp\/v2\/types\/post"}],"author":[{"embeddable":true,"href":"https:\/\/agora.xtec.cat\/ceip-cristofor-mestre\/wp-json\/wp\/v2\/users\/1"}],"replies":[{"embeddable":true,"href":"https:\/\/agora.xtec.cat\/ceip-cristofor-mestre\/wp-json\/wp\/v2\/comments?post=1890"}],"version-history":[{"count":3,"href":"https:\/\/agora.xtec.cat\/ceip-cristofor-mestre\/wp-json\/wp\/v2\/posts\/1890\/revisions"}],"predecessor-version":[{"id":1903,"href":"https:\/\/agora.xtec.cat\/ceip-cristofor-mestre\/wp-json\/wp\/v2\/posts\/1890\/revisions\/1903"}],"wp:featuredmedia":[{"embeddable":true,"href":"https:\/\/agora.xtec.cat\/ceip-cristofor-mestre\/wp-json\/wp\/v2\/media\/1899"}],"wp:attachment":[{"href":"https:\/\/agora.xtec.cat\/ceip-cristofor-mestre\/wp-json\/wp\/v2\/media?parent=1890"}],"wp:term":[{"taxonomy":"category","embeddable":true,"href":"https:\/\/agora.xtec.cat\/ceip-cristofor-mestre\/wp-json\/wp\/v2\/categories?post=1890"},{"taxonomy":"post_tag","embeddable":true,"href":"https:\/\/agora.xtec.cat\/ceip-cristofor-mestre\/wp-json\/wp\/v2\/tags?post=1890"}],"curies":[{"name":"wp","href":"https:\/\/api.w.org\/{rel}","templated":true}]}}