{"id":1784,"date":"2019-03-01T10:38:50","date_gmt":"2019-03-01T09:38:50","guid":{"rendered":"http:\/\/agora.xtec.cat\/ceip-cristofor-mestre\/?p=1784"},"modified":"2019-03-01T12:48:12","modified_gmt":"2019-03-01T11:48:12","slug":"el-consell-escolar","status":"publish","type":"post","link":"https:\/\/agora.xtec.cat\/ceip-cristofor-mestre\/general\/el-consell-escolar\/","title":{"rendered":"EL CONSELL ESCOLAR"},"content":{"rendered":"<p>La representaci\u00f3 de pares i mares del <a href=\"https:\/\/www.calameo.com\/accounts\/5834089\">Consell Escolar<\/a> com a representants de totes les fam\u00edlies de l&#8217;escola posa a la vostra disposici\u00f3 el seg\u00fcent correu electr\u00f2nic per recollir les vostres propostes de millora, suggeriments, iniciatives, inquietuds, etc&#8230; relacionades sempre amb la comunitat educativa en global (aquells temes relacionats amb l\u2019AMPA, menjador, o una classe en concret ja tenen les seves vies de comunicaci\u00f3 respectives): <a href=\"mailto:families.consellcristofor@gmail.com\">families.consellcristofor@gmail.com<\/a><\/p>\n<p>Us animem a participar-hi!<\/p>\n<p>Si voleu m\u00e9s informaci\u00f3 de les funcions, representants, &#8230;. <a href=\"http:\/\/familiaiescola.gencat.cat\/ca\/escolaritat\/participacio-compromis\/participacio-coresponsabilitzacio\/participacio-funcionament-centre\/consell-escolar\/\"><img loading=\"lazy\" decoding=\"async\" class=\"alignnone wp-image-1771\" src=\"https:\/\/agora.xtec.cat\/ceip-cristofor-mestre\/wp-content\/uploads\/usu89\/2019\/02\/56011.png\" alt=\"\" width=\"35\" height=\"35\" srcset=\"https:\/\/agora.xtec.cat\/ceip-cristofor-mestre\/wp-content\/uploads\/usu89\/2019\/02\/56011.png 512w, https:\/\/agora.xtec.cat\/ceip-cristofor-mestre\/wp-content\/uploads\/usu89\/2019\/02\/56011-150x150.png 150w, https:\/\/agora.xtec.cat\/ceip-cristofor-mestre\/wp-content\/uploads\/usu89\/2019\/02\/56011-300x300.png 300w\" sizes=\"auto, (max-width: 35px) 100vw, 35px\" \/><\/a><\/p>\n<p>&nbsp;<\/p>\n","protected":false},"excerpt":{"rendered":"<p>La representaci\u00f3 de pares i mares del Consell Escolar com a representants de totes les fam\u00edlies de l&#8217;escola posa a la vostra disposici\u00f3 el seg\u00fcent correu electr\u00f2nic per recollir les vostres propostes de millora, suggeriments, iniciatives, inquietuds, etc&#8230; relacionades sempre amb la comunitat educativa en global (aquells temes relacionats amb l\u2019AMPA, menjador, o una classe [&hellip;]<\/p>\n","protected":false},"author":1,"featured_media":1785,"comment_status":"closed","ping_status":"closed","sticky":false,"template":"","format":"standard","meta":{"_bbp_topic_count":0,"_bbp_reply_count":0,"_bbp_total_topic_count":0,"_bbp_total_reply_count":0,"_bbp_voice_count":0,"_bbp_anonymous_reply_count":0,"_bbp_topic_count_hidden":0,"_bbp_reply_count_hidden":0,"_bbp_forum_subforum_count":0,"site-sidebar-layout":"default","site-content-layout":"","ast-site-content-layout":"","site-content-style":"default","site-sidebar-style":"default","ast-global-header-display":"","ast-banner-title-visibility":"","ast-main-header-display":"","ast-hfb-above-header-display":"","ast-hfb-below-header-display":"","ast-hfb-mobile-header-display":"","site-post-title":"","ast-breadcrumbs-content":"","ast-featured-img":"","footer-sml-layout":"","theme-transparent-header-meta":"","adv-header-id-meta":"","stick-header-meta":"","header-above-stick-meta":"","header-main-stick-meta":"","header-below-stick-meta":"","astra-migrate-meta-layouts":"default","ast-page-background-enabled":"default","ast-page-background-meta":{"desktop":{"background-color":"var(--ast-global-color-4)","background-image":"","background-repeat":"repeat","background-position":"center center","background-size":"auto","background-attachment":"scroll","background-type":"","background-media":"","overlay-type":"","overlay-color":"","overlay-opacity":"","overlay-gradient":""},"tablet":{"background-color":"","background-image":"","background-repeat":"repeat","background-position":"center center","background-size":"auto","background-attachment":"scroll","background-type":"","background-media":"","overlay-type":"","overlay-color":"","overlay-opacity":"","overlay-gradient":""},"mobile":{"background-color":"","background-image":"","background-repeat":"repeat","background-position":"center center","background-size":"auto","background-attachment":"scroll","background-type":"","background-media":"","overlay-type":"","overlay-color":"","overlay-opacity":"","overlay-gradient":""}},"ast-content-background-meta":{"desktop":{"background-color":"var(--ast-global-color-5)","background-image":"","background-repeat":"repeat","background-position":"center center","background-size":"auto","background-attachment":"scroll","background-type":"","background-media":"","overlay-type":"","overlay-color":"","overlay-opacity":"","overlay-gradient":""},"tablet":{"background-color":"var(--ast-global-color-5)","background-image":"","background-repeat":"repeat","background-position":"center center","background-size":"auto","background-attachment":"scroll","background-type":"","background-media":"","overlay-type":"","overlay-color":"","overlay-opacity":"","overlay-gradient":""},"mobile":{"background-color":"var(--ast-global-color-5)","background-image":"","background-repeat":"repeat","background-position":"center center","background-size":"auto","background-attachment":"scroll","background-type":"","background-media":"","overlay-type":"","overlay-color":"","overlay-opacity":"","overlay-gradient":""}},"footnotes":""},"categories":[7,73,74,75,130,1,2,117,4,5],"tags":[143,132,139],"class_list":["post-1784","post","type-post","status-publish","format-standard","has-post-thumbnail","hentry","category-ampa","category-cicle-inicial","category-cicle-mitja","category-cicle-superior","category-educacio-fisica","category-general","category-infantil","category-mes-musica","category-portada","category-primaria","tag-consell-escolar","tag-escola","tag-families"],"post_mailing_queue_ids":[],"_links":{"self":[{"href":"https:\/\/agora.xtec.cat\/ceip-cristofor-mestre\/wp-json\/wp\/v2\/posts\/1784","targetHints":{"allow":["GET"]}}],"collection":[{"href":"https:\/\/agora.xtec.cat\/ceip-cristofor-mestre\/wp-json\/wp\/v2\/posts"}],"about":[{"href":"https:\/\/agora.xtec.cat\/ceip-cristofor-mestre\/wp-json\/wp\/v2\/types\/post"}],"author":[{"embeddable":true,"href":"https:\/\/agora.xtec.cat\/ceip-cristofor-mestre\/wp-json\/wp\/v2\/users\/1"}],"replies":[{"embeddable":true,"href":"https:\/\/agora.xtec.cat\/ceip-cristofor-mestre\/wp-json\/wp\/v2\/comments?post=1784"}],"version-history":[{"count":3,"href":"https:\/\/agora.xtec.cat\/ceip-cristofor-mestre\/wp-json\/wp\/v2\/posts\/1784\/revisions"}],"predecessor-version":[{"id":1789,"href":"https:\/\/agora.xtec.cat\/ceip-cristofor-mestre\/wp-json\/wp\/v2\/posts\/1784\/revisions\/1789"}],"wp:featuredmedia":[{"embeddable":true,"href":"https:\/\/agora.xtec.cat\/ceip-cristofor-mestre\/wp-json\/wp\/v2\/media\/1785"}],"wp:attachment":[{"href":"https:\/\/agora.xtec.cat\/ceip-cristofor-mestre\/wp-json\/wp\/v2\/media?parent=1784"}],"wp:term":[{"taxonomy":"category","embeddable":true,"href":"https:\/\/agora.xtec.cat\/ceip-cristofor-mestre\/wp-json\/wp\/v2\/categories?post=1784"},{"taxonomy":"post_tag","embeddable":true,"href":"https:\/\/agora.xtec.cat\/ceip-cristofor-mestre\/wp-json\/wp\/v2\/tags?post=1784"}],"curies":[{"name":"wp","href":"https:\/\/api.w.org\/{rel}","templated":true}]}}