{"id":1713,"date":"2019-02-08T18:46:15","date_gmt":"2019-02-08T17:46:15","guid":{"rendered":"http:\/\/agora.xtec.cat\/ceip-cristofor-mestre\/?p=1713"},"modified":"2019-02-08T18:50:21","modified_gmt":"2019-02-08T17:50:21","slug":"3r-cros-escolar","status":"publish","type":"post","link":"https:\/\/agora.xtec.cat\/ceip-cristofor-mestre\/general\/3r-cros-escolar\/","title":{"rendered":"3r Cros Escolar"},"content":{"rendered":"<p>DIUMENGE 10 DE FEBRER DEL 2019<br \/>\nL\u2019Escola Crist\u00f2for Mestre, l\u2019Associaci\u00f3 de Pares i Mares d\u2019Alumnes i el Consell Esportiu de l\u2019Alt Pened\u00e8s, organitzen el 3r CROS ESCOLAR el proper diumenge 10 de febrer de 2019.<\/p>\n<p>REGLAMENT DEL CROS:<br \/>\n1. La competici\u00f3 comen\u00e7ar\u00e0 a les 10.45h del mat\u00ed .<br \/>\n2. Els atletes\/les atletes hauran d\u2019inscriure\u2019s i recollir el dorsal, mitja hora abans de l\u2019inici de la seva corresponent cursa a l\u2019escola Crist\u00f2for Mestre.<br \/>\n3. Les reclamacions seran presentades per escrit. S\u2019adre\u00e7aran al jutge-\u00e0rbitre dins dels trenta minuts despr\u00e9s d\u2019haver-se fet p\u00fablica la classificaci\u00f3.<br \/>\n4. Les condicions climatol\u00f2giques no seran motiu de suspensi\u00f3 de les curses. En cas extrem el jutge \u00e0rbitre decidir\u00e0.<br \/>\n5. La comissi\u00f3 organitzadora es reserva el dret de canviar els circuits si ho cregu\u00e9s convenient, considerant-ho juntament amb el jutge-\u00e0rbitre.<br \/>\n6. El sol fet d\u2019inscriure\u2019s a la cursa, implica la total acceptaci\u00f3 d\u2019aquest reglament.<br \/>\n7. No est\u00e0 perm\u00e8s portar sabates esportives amb claus.<br \/>\n8. Qualsevol acci\u00f3 no esportiva ser\u00e0 motiu de desqualificaci\u00f3.<br \/>\n9. Col\u00b7labora amb el REBOST SOLIDARI: arr\u00f2s, galetes o llet.<br \/>\n10. Les dist\u00e0ncies, ordre i hora de sortida seran les seg\u00fcents:<\/p>\n<p><a href=\"https:\/\/agora.xtec.cat\/ceip-cristofor-mestre\/wp-content\/uploads\/usu89\/2019\/02\/GRAELLA.jpg\"><img loading=\"lazy\" decoding=\"async\" class=\"size-full wp-image-1714 aligncenter\" src=\"https:\/\/agora.xtec.cat\/ceip-cristofor-mestre\/wp-content\/uploads\/usu89\/2019\/02\/GRAELLA.jpg\" alt=\"\" width=\"620\" height=\"395\" srcset=\"https:\/\/agora.xtec.cat\/ceip-cristofor-mestre\/wp-content\/uploads\/usu89\/2019\/02\/GRAELLA.jpg 620w, https:\/\/agora.xtec.cat\/ceip-cristofor-mestre\/wp-content\/uploads\/usu89\/2019\/02\/GRAELLA-300x191.jpg 300w\" sizes=\"auto, (max-width: 620px) 100vw, 620px\" \/><\/a><\/p>\n<p style=\"text-align: center;\">PREMIS<br \/>\nCOPES:<br \/>\n* Primer, segon i tercer classificat de cada cursa (pel grup de baldufes no hi ha Copes)<br \/>\n* Primer Local de cada cursa (que no estigui classificat entre els tres primers)<br \/>\nMEDALLES:<br \/>\n* Infantils: 4t i 5\u00e8 classificats<br \/>\n* Alevins: del 4t al 15\u00e8 classificats<br \/>\n* Benjamins, pre-benjamins, mainada i baldufes: a tots els participants<\/p>\n<p><a href=\"https:\/\/agora.xtec.cat\/ceip-cristofor-mestre\/wp-content\/uploads\/usu89\/2019\/02\/CIRCUIT.jpg\"><img loading=\"lazy\" decoding=\"async\" class=\"wp-image-1715 aligncenter\" src=\"https:\/\/agora.xtec.cat\/ceip-cristofor-mestre\/wp-content\/uploads\/usu89\/2019\/02\/CIRCUIT.jpg\" alt=\"\" width=\"379\" height=\"421\" srcset=\"https:\/\/agora.xtec.cat\/ceip-cristofor-mestre\/wp-content\/uploads\/usu89\/2019\/02\/CIRCUIT.jpg 554w, https:\/\/agora.xtec.cat\/ceip-cristofor-mestre\/wp-content\/uploads\/usu89\/2019\/02\/CIRCUIT-270x300.jpg 270w\" sizes=\"auto, (max-width: 379px) 100vw, 379px\" \/><\/a><\/p>\n<p style=\"text-align: center;\"><strong><span style=\"text-decoration: underline;\">COL\u00b7LABORADORS:\u00a0 <\/span><\/strong><\/p>\n<p style=\"text-align: center;\">CONSELL ESPORTIU ALT PENED\u00c8S.- PATRONAT D\u2019ESPORTS<\/p>\n<p style=\"text-align: center;\">ESPAI TOT PER L&#8217;OFICINA<\/p>\n<p style=\"text-align: center;\">FUNDACI\u00d3 AMETLLER ORIGEN<\/p>\n<p style=\"text-align: center;\">\n<p>&nbsp;<\/p>\n","protected":false},"excerpt":{"rendered":"<p>DIUMENGE 10 DE FEBRER DEL 2019 L\u2019Escola Crist\u00f2for Mestre, l\u2019Associaci\u00f3 de Pares i Mares d\u2019Alumnes i el Consell Esportiu de l\u2019Alt Pened\u00e8s, organitzen el 3r CROS ESCOLAR el proper diumenge 10 de febrer de 2019. REGLAMENT DEL CROS: 1. La competici\u00f3 comen\u00e7ar\u00e0 a les 10.45h del mat\u00ed . 2. Els atletes\/les atletes hauran d\u2019inscriure\u2019s i [&hellip;]<\/p>\n","protected":false},"author":1,"featured_media":0,"comment_status":"closed","ping_status":"closed","sticky":false,"template":"","format":"standard","meta":{"_bbp_topic_count":0,"_bbp_reply_count":0,"_bbp_total_topic_count":0,"_bbp_total_reply_count":0,"_bbp_voice_count":0,"_bbp_anonymous_reply_count":0,"_bbp_topic_count_hidden":0,"_bbp_reply_count_hidden":0,"_bbp_forum_subforum_count":0,"site-sidebar-layout":"default","site-content-layout":"","ast-site-content-layout":"","site-content-style":"default","site-sidebar-style":"default","ast-global-header-display":"","ast-banner-title-visibility":"","ast-main-header-display":"","ast-hfb-above-header-display":"","ast-hfb-below-header-display":"","ast-hfb-mobile-header-display":"","site-post-title":"","ast-breadcrumbs-content":"","ast-featured-img":"","footer-sml-layout":"","theme-transparent-header-meta":"","adv-header-id-meta":"","stick-header-meta":"","header-above-stick-meta":"","header-main-stick-meta":"","header-below-stick-meta":"","astra-migrate-meta-layouts":"default","ast-page-background-enabled":"default","ast-page-background-meta":{"desktop":{"background-color":"var(--ast-global-color-4)","background-image":"","background-repeat":"repeat","background-position":"center center","background-size":"auto","background-attachment":"scroll","background-type":"","background-media":"","overlay-type":"","overlay-color":"","overlay-opacity":"","overlay-gradient":""},"tablet":{"background-color":"","background-image":"","background-repeat":"repeat","background-position":"center center","background-size":"auto","background-attachment":"scroll","background-type":"","background-media":"","overlay-type":"","overlay-color":"","overlay-opacity":"","overlay-gradient":""},"mobile":{"background-color":"","background-image":"","background-repeat":"repeat","background-position":"center center","background-size":"auto","background-attachment":"scroll","background-type":"","background-media":"","overlay-type":"","overlay-color":"","overlay-opacity":"","overlay-gradient":""}},"ast-content-background-meta":{"desktop":{"background-color":"var(--ast-global-color-5)","background-image":"","background-repeat":"repeat","background-position":"center center","background-size":"auto","background-attachment":"scroll","background-type":"","background-media":"","overlay-type":"","overlay-color":"","overlay-opacity":"","overlay-gradient":""},"tablet":{"background-color":"var(--ast-global-color-5)","background-image":"","background-repeat":"repeat","background-position":"center center","background-size":"auto","background-attachment":"scroll","background-type":"","background-media":"","overlay-type":"","overlay-color":"","overlay-opacity":"","overlay-gradient":""},"mobile":{"background-color":"var(--ast-global-color-5)","background-image":"","background-repeat":"repeat","background-position":"center center","background-size":"auto","background-attachment":"scroll","background-type":"","background-media":"","overlay-type":"","overlay-color":"","overlay-opacity":"","overlay-gradient":""}},"footnotes":""},"categories":[7,73,74,75,130,1,2,4,5],"tags":[],"class_list":["post-1713","post","type-post","status-publish","format-standard","hentry","category-ampa","category-cicle-inicial","category-cicle-mitja","category-cicle-superior","category-educacio-fisica","category-general","category-infantil","category-portada","category-primaria"],"post_mailing_queue_ids":[],"_links":{"self":[{"href":"https:\/\/agora.xtec.cat\/ceip-cristofor-mestre\/wp-json\/wp\/v2\/posts\/1713","targetHints":{"allow":["GET"]}}],"collection":[{"href":"https:\/\/agora.xtec.cat\/ceip-cristofor-mestre\/wp-json\/wp\/v2\/posts"}],"about":[{"href":"https:\/\/agora.xtec.cat\/ceip-cristofor-mestre\/wp-json\/wp\/v2\/types\/post"}],"author":[{"embeddable":true,"href":"https:\/\/agora.xtec.cat\/ceip-cristofor-mestre\/wp-json\/wp\/v2\/users\/1"}],"replies":[{"embeddable":true,"href":"https:\/\/agora.xtec.cat\/ceip-cristofor-mestre\/wp-json\/wp\/v2\/comments?post=1713"}],"version-history":[{"count":2,"href":"https:\/\/agora.xtec.cat\/ceip-cristofor-mestre\/wp-json\/wp\/v2\/posts\/1713\/revisions"}],"predecessor-version":[{"id":1717,"href":"https:\/\/agora.xtec.cat\/ceip-cristofor-mestre\/wp-json\/wp\/v2\/posts\/1713\/revisions\/1717"}],"wp:attachment":[{"href":"https:\/\/agora.xtec.cat\/ceip-cristofor-mestre\/wp-json\/wp\/v2\/media?parent=1713"}],"wp:term":[{"taxonomy":"category","embeddable":true,"href":"https:\/\/agora.xtec.cat\/ceip-cristofor-mestre\/wp-json\/wp\/v2\/categories?post=1713"},{"taxonomy":"post_tag","embeddable":true,"href":"https:\/\/agora.xtec.cat\/ceip-cristofor-mestre\/wp-json\/wp\/v2\/tags?post=1713"}],"curies":[{"name":"wp","href":"https:\/\/api.w.org\/{rel}","templated":true}]}}