{"id":1616,"date":"2018-11-13T17:31:53","date_gmt":"2018-11-13T16:31:53","guid":{"rendered":"http:\/\/agora.xtec.cat\/ceip-cristofor-mestre\/?p=1616"},"modified":"2018-11-13T17:45:36","modified_gmt":"2018-11-13T16:45:36","slug":"mengem-fruita","status":"publish","type":"post","link":"https:\/\/agora.xtec.cat\/ceip-cristofor-mestre\/general\/mengem-fruita\/","title":{"rendered":"MENGEM FRUITA!"},"content":{"rendered":"<h6>DINS EL NOSTRE PROJECTE<span style=\"color: #0000ff;\"><em><strong> FEM SALUT A L&#8217;ESCOLA<\/strong><\/em><\/span>, ENGUANY TORNEM A PARTICIPAR EN EL PROGRAMA ESCOLAR DE FRUITA QUE ENS OFEREIX EL DEPARTAMENT D&#8217;AGRICULTURA RAMADERIA I PESCA DE LA GENERALITAT DE CATALUNYA AMB LA COL\u00b7LABORACI\u00d3 D&#8217;AFRUCAT (Associaci\u00f3 Empresarial de Fruita de Catalunya)<\/h6>\n<p style=\"text-align: center;\">\u00c9s important\u00a0 promoure entre els nens i nenes els h\u00e0bits de consum saludable.<\/p>\n<p><a href=\"https:\/\/agora.xtec.cat\/ceip-cristofor-mestre\/wp-content\/uploads\/usu89\/2018\/11\/FRUITA.jpg\"><img loading=\"lazy\" decoding=\"async\" class=\" wp-image-1618 aligncenter\" src=\"https:\/\/agora.xtec.cat\/ceip-cristofor-mestre\/wp-content\/uploads\/usu89\/2018\/11\/FRUITA.jpg\" alt=\"\" width=\"335\" height=\"477\" srcset=\"https:\/\/agora.xtec.cat\/ceip-cristofor-mestre\/wp-content\/uploads\/usu89\/2018\/11\/FRUITA.jpg 611w, https:\/\/agora.xtec.cat\/ceip-cristofor-mestre\/wp-content\/uploads\/usu89\/2018\/11\/FRUITA-211x300.jpg 211w\" sizes=\"auto, (max-width: 335px) 100vw, 335px\" \/><\/a><\/p>\n<h6><em>Per a m\u00e9s informaci\u00f3 cliqueu aqu\u00ed:<\/em> <a href=\"http:\/\/agricultura.gencat.cat\/ca\/ambits\/alimentacio\/fruita-llet-escoles\/\"><img loading=\"lazy\" decoding=\"async\" class=\"alignnone wp-image-1621\" src=\"https:\/\/agora.xtec.cat\/ceip-cristofor-mestre\/wp-content\/uploads\/usu89\/2018\/11\/1957877d28089ec-e1542127285530.jpg\" alt=\"\" width=\"69\" height=\"92\" \/><\/a><\/h6>\n","protected":false},"excerpt":{"rendered":"<p>DINS EL NOSTRE PROJECTE FEM SALUT A L&#8217;ESCOLA, ENGUANY TORNEM A PARTICIPAR EN EL PROGRAMA ESCOLAR DE FRUITA QUE ENS OFEREIX EL DEPARTAMENT D&#8217;AGRICULTURA RAMADERIA I PESCA DE LA GENERALITAT DE CATALUNYA AMB LA COL\u00b7LABORACI\u00d3 D&#8217;AFRUCAT (Associaci\u00f3 Empresarial de Fruita de Catalunya) \u00c9s important\u00a0 promoure entre els nens i nenes els h\u00e0bits de consum saludable. [&hellip;]<\/p>\n","protected":false},"author":1,"featured_media":0,"comment_status":"closed","ping_status":"closed","sticky":false,"template":"","format":"standard","meta":{"_bbp_topic_count":0,"_bbp_reply_count":0,"_bbp_total_topic_count":0,"_bbp_total_reply_count":0,"_bbp_voice_count":0,"_bbp_anonymous_reply_count":0,"_bbp_topic_count_hidden":0,"_bbp_reply_count_hidden":0,"_bbp_forum_subforum_count":0,"site-sidebar-layout":"default","site-content-layout":"","ast-site-content-layout":"","site-content-style":"default","site-sidebar-style":"default","ast-global-header-display":"","ast-banner-title-visibility":"","ast-main-header-display":"","ast-hfb-above-header-display":"","ast-hfb-below-header-display":"","ast-hfb-mobile-header-display":"","site-post-title":"","ast-breadcrumbs-content":"","ast-featured-img":"","footer-sml-layout":"","theme-transparent-header-meta":"","adv-header-id-meta":"","stick-header-meta":"","header-above-stick-meta":"","header-main-stick-meta":"","header-below-stick-meta":"","astra-migrate-meta-layouts":"default","ast-page-background-enabled":"default","ast-page-background-meta":{"desktop":{"background-color":"var(--ast-global-color-4)","background-image":"","background-repeat":"repeat","background-position":"center center","background-size":"auto","background-attachment":"scroll","background-type":"","background-media":"","overlay-type":"","overlay-color":"","overlay-opacity":"","overlay-gradient":""},"tablet":{"background-color":"","background-image":"","background-repeat":"repeat","background-position":"center center","background-size":"auto","background-attachment":"scroll","background-type":"","background-media":"","overlay-type":"","overlay-color":"","overlay-opacity":"","overlay-gradient":""},"mobile":{"background-color":"","background-image":"","background-repeat":"repeat","background-position":"center center","background-size":"auto","background-attachment":"scroll","background-type":"","background-media":"","overlay-type":"","overlay-color":"","overlay-opacity":"","overlay-gradient":""}},"ast-content-background-meta":{"desktop":{"background-color":"var(--ast-global-color-5)","background-image":"","background-repeat":"repeat","background-position":"center center","background-size":"auto","background-attachment":"scroll","background-type":"","background-media":"","overlay-type":"","overlay-color":"","overlay-opacity":"","overlay-gradient":""},"tablet":{"background-color":"var(--ast-global-color-5)","background-image":"","background-repeat":"repeat","background-position":"center center","background-size":"auto","background-attachment":"scroll","background-type":"","background-media":"","overlay-type":"","overlay-color":"","overlay-opacity":"","overlay-gradient":""},"mobile":{"background-color":"var(--ast-global-color-5)","background-image":"","background-repeat":"repeat","background-position":"center center","background-size":"auto","background-attachment":"scroll","background-type":"","background-media":"","overlay-type":"","overlay-color":"","overlay-opacity":"","overlay-gradient":""}},"footnotes":""},"categories":[73,74,75,1,2,4,5],"tags":[],"class_list":["post-1616","post","type-post","status-publish","format-standard","hentry","category-cicle-inicial","category-cicle-mitja","category-cicle-superior","category-general","category-infantil","category-portada","category-primaria"],"post_mailing_queue_ids":[],"_links":{"self":[{"href":"https:\/\/agora.xtec.cat\/ceip-cristofor-mestre\/wp-json\/wp\/v2\/posts\/1616","targetHints":{"allow":["GET"]}}],"collection":[{"href":"https:\/\/agora.xtec.cat\/ceip-cristofor-mestre\/wp-json\/wp\/v2\/posts"}],"about":[{"href":"https:\/\/agora.xtec.cat\/ceip-cristofor-mestre\/wp-json\/wp\/v2\/types\/post"}],"author":[{"embeddable":true,"href":"https:\/\/agora.xtec.cat\/ceip-cristofor-mestre\/wp-json\/wp\/v2\/users\/1"}],"replies":[{"embeddable":true,"href":"https:\/\/agora.xtec.cat\/ceip-cristofor-mestre\/wp-json\/wp\/v2\/comments?post=1616"}],"version-history":[{"count":3,"href":"https:\/\/agora.xtec.cat\/ceip-cristofor-mestre\/wp-json\/wp\/v2\/posts\/1616\/revisions"}],"predecessor-version":[{"id":1623,"href":"https:\/\/agora.xtec.cat\/ceip-cristofor-mestre\/wp-json\/wp\/v2\/posts\/1616\/revisions\/1623"}],"wp:attachment":[{"href":"https:\/\/agora.xtec.cat\/ceip-cristofor-mestre\/wp-json\/wp\/v2\/media?parent=1616"}],"wp:term":[{"taxonomy":"category","embeddable":true,"href":"https:\/\/agora.xtec.cat\/ceip-cristofor-mestre\/wp-json\/wp\/v2\/categories?post=1616"},{"taxonomy":"post_tag","embeddable":true,"href":"https:\/\/agora.xtec.cat\/ceip-cristofor-mestre\/wp-json\/wp\/v2\/tags?post=1616"}],"curies":[{"name":"wp","href":"https:\/\/api.w.org\/{rel}","templated":true}]}}