{"id":1473,"date":"2018-06-06T17:47:08","date_gmt":"2018-06-06T15:47:08","guid":{"rendered":"http:\/\/agora.xtec.cat\/ceip-cristofor-mestre\/?p=1473"},"modified":"2018-06-08T23:49:59","modified_gmt":"2018-06-08T21:49:59","slug":"mostra-de-sardanes","status":"publish","type":"post","link":"https:\/\/agora.xtec.cat\/ceip-cristofor-mestre\/portada\/mostra-de-sardanes\/","title":{"rendered":"Mostra de Sardanes"},"content":{"rendered":"<p>Com a cloenda de l&#8217;activitat de sardanes realitzada durant tot el curs, els alumnes de Cicle Mitj\u00e0, acompanyats de membres de Vilafranca Sardanista, ens han fet una mostra d&#8217;aquesta dansa.<\/p>\n<p>Feien molt de goig totes les rotllanes !<\/p>\n<p><a href=\"https:\/\/photos.app.goo.gl\/F76NwGd1VklmseW92\"><img loading=\"lazy\" decoding=\"async\" class=\"size-full wp-image-881 aligncenter\" src=\"http:\/\/agora.xtec.cat\/ceip-cristofor-mestre\/wp-content\/uploads\/usu89\/2017\/05\/camara-e1517400904408.jpg\" alt=\"\" width=\"100\" height=\"78\" \/><\/a><\/p>\n<p style=\"font-weight: 400;\">El reportatge de la cloenda del taller de sardanes s&#8217;emetr\u00e0 a <strong>Pened\u00e8s TV<\/strong> els seg\u00fcents dies i horaris :<\/p>\n<p style=\"font-weight: 400;\">Dilluns, <strong>11 de juny<\/strong> <strong>de 2018\u00a0<\/strong>: 15:30, 19:30 i 23:30 h.<\/p>\n<p style=\"font-weight: 400;\">Dimarts, <strong>12 de juny<\/strong> <strong>de 2018\u00a0<\/strong>: 03:30 i 11:30 h.<\/p>\n<p style=\"font-weight: 400;\">Dijous, <strong>14 de juny de 2018<\/strong> : 15:30, 19:30 i 23:30 h.<\/p>\n<p style=\"font-weight: 400;\">Divendres, <strong>15 de juny de 2018\u00a0<\/strong>: 03:30 i 11:30 h.<\/p>\n<p style=\"font-weight: 400;\">Tamb\u00e9 es pot veure per la web de Pened\u00e8s TV dins l\u2019apartat : TV en directe o posteriorment a l\u2019apartat Programes: El Reportatge, buscar el t\u00edtol o la data.<\/p>\n<p>&nbsp;<\/p>\n","protected":false},"excerpt":{"rendered":"<p>Com a cloenda de l&#8217;activitat de sardanes realitzada durant tot el curs, els alumnes de Cicle Mitj\u00e0, acompanyats de membres de Vilafranca Sardanista, ens han fet una mostra d&#8217;aquesta dansa. Feien molt de goig totes les rotllanes ! El reportatge de la cloenda del taller de sardanes s&#8217;emetr\u00e0 a Pened\u00e8s TV els seg\u00fcents dies i [&hellip;]<\/p>\n","protected":false},"author":1,"featured_media":1478,"comment_status":"open","ping_status":"closed","sticky":false,"template":"","format":"standard","meta":{"_bbp_topic_count":0,"_bbp_reply_count":0,"_bbp_total_topic_count":0,"_bbp_total_reply_count":0,"_bbp_voice_count":0,"_bbp_anonymous_reply_count":0,"_bbp_topic_count_hidden":0,"_bbp_reply_count_hidden":0,"_bbp_forum_subforum_count":0,"site-sidebar-layout":"default","site-content-layout":"","ast-site-content-layout":"","site-content-style":"default","site-sidebar-style":"default","ast-global-header-display":"","ast-banner-title-visibility":"","ast-main-header-display":"","ast-hfb-above-header-display":"","ast-hfb-below-header-display":"","ast-hfb-mobile-header-display":"","site-post-title":"","ast-breadcrumbs-content":"","ast-featured-img":"","footer-sml-layout":"","theme-transparent-header-meta":"","adv-header-id-meta":"","stick-header-meta":"","header-above-stick-meta":"","header-main-stick-meta":"","header-below-stick-meta":"","astra-migrate-meta-layouts":"default","ast-page-background-enabled":"default","ast-page-background-meta":{"desktop":{"background-color":"var(--ast-global-color-4)","background-image":"","background-repeat":"repeat","background-position":"center center","background-size":"auto","background-attachment":"scroll","background-type":"","background-media":"","overlay-type":"","overlay-color":"","overlay-opacity":"","overlay-gradient":""},"tablet":{"background-color":"","background-image":"","background-repeat":"repeat","background-position":"center center","background-size":"auto","background-attachment":"scroll","background-type":"","background-media":"","overlay-type":"","overlay-color":"","overlay-opacity":"","overlay-gradient":""},"mobile":{"background-color":"","background-image":"","background-repeat":"repeat","background-position":"center center","background-size":"auto","background-attachment":"scroll","background-type":"","background-media":"","overlay-type":"","overlay-color":"","overlay-opacity":"","overlay-gradient":""}},"ast-content-background-meta":{"desktop":{"background-color":"var(--ast-global-color-5)","background-image":"","background-repeat":"repeat","background-position":"center center","background-size":"auto","background-attachment":"scroll","background-type":"","background-media":"","overlay-type":"","overlay-color":"","overlay-opacity":"","overlay-gradient":""},"tablet":{"background-color":"var(--ast-global-color-5)","background-image":"","background-repeat":"repeat","background-position":"center center","background-size":"auto","background-attachment":"scroll","background-type":"","background-media":"","overlay-type":"","overlay-color":"","overlay-opacity":"","overlay-gradient":""},"mobile":{"background-color":"var(--ast-global-color-5)","background-image":"","background-repeat":"repeat","background-position":"center center","background-size":"auto","background-attachment":"scroll","background-type":"","background-media":"","overlay-type":"","overlay-color":"","overlay-opacity":"","overlay-gradient":""}},"footnotes":""},"categories":[73,74,75,130,4,5],"tags":[93,98,123,77],"class_list":["post-1473","post","type-post","status-publish","format-standard","has-post-thumbnail","hentry","category-cicle-inicial","category-cicle-mitja","category-cicle-superior","category-educacio-fisica","category-portada","category-primaria","tag-coeducacio","tag-educacio-fisica","tag-escola-catalana","tag-tallers"],"post_mailing_queue_ids":[],"_links":{"self":[{"href":"https:\/\/agora.xtec.cat\/ceip-cristofor-mestre\/wp-json\/wp\/v2\/posts\/1473","targetHints":{"allow":["GET"]}}],"collection":[{"href":"https:\/\/agora.xtec.cat\/ceip-cristofor-mestre\/wp-json\/wp\/v2\/posts"}],"about":[{"href":"https:\/\/agora.xtec.cat\/ceip-cristofor-mestre\/wp-json\/wp\/v2\/types\/post"}],"author":[{"embeddable":true,"href":"https:\/\/agora.xtec.cat\/ceip-cristofor-mestre\/wp-json\/wp\/v2\/users\/1"}],"replies":[{"embeddable":true,"href":"https:\/\/agora.xtec.cat\/ceip-cristofor-mestre\/wp-json\/wp\/v2\/comments?post=1473"}],"version-history":[{"count":3,"href":"https:\/\/agora.xtec.cat\/ceip-cristofor-mestre\/wp-json\/wp\/v2\/posts\/1473\/revisions"}],"predecessor-version":[{"id":1481,"href":"https:\/\/agora.xtec.cat\/ceip-cristofor-mestre\/wp-json\/wp\/v2\/posts\/1473\/revisions\/1481"}],"wp:featuredmedia":[{"embeddable":true,"href":"https:\/\/agora.xtec.cat\/ceip-cristofor-mestre\/wp-json\/wp\/v2\/media\/1478"}],"wp:attachment":[{"href":"https:\/\/agora.xtec.cat\/ceip-cristofor-mestre\/wp-json\/wp\/v2\/media?parent=1473"}],"wp:term":[{"taxonomy":"category","embeddable":true,"href":"https:\/\/agora.xtec.cat\/ceip-cristofor-mestre\/wp-json\/wp\/v2\/categories?post=1473"},{"taxonomy":"post_tag","embeddable":true,"href":"https:\/\/agora.xtec.cat\/ceip-cristofor-mestre\/wp-json\/wp\/v2\/tags?post=1473"}],"curies":[{"name":"wp","href":"https:\/\/api.w.org\/{rel}","templated":true}]}}