{"id":1433,"date":"2018-04-27T19:03:58","date_gmt":"2018-04-27T17:03:58","guid":{"rendered":"http:\/\/agora.xtec.cat\/ceip-cristofor-mestre\/?p=1433"},"modified":"2018-05-02T09:10:22","modified_gmt":"2018-05-02T07:10:22","slug":"danses-i-cancons-deducacio-infantil","status":"publish","type":"post","link":"https:\/\/agora.xtec.cat\/ceip-cristofor-mestre\/general\/danses-i-cancons-deducacio-infantil\/","title":{"rendered":"DANSES I CAN\u00c7ONS D&#8217;EDUCACI\u00d3 INFANTIL"},"content":{"rendered":"<p>Els m\u00e9s petits hem fet una benvinguda a la primavera molt especial&#8230;<\/p>\n<p>Per celebrar el Dia Internacional de la Dansa (29 d&#8217;abril) P3, P4 i P5 han ballat a la pista danses treballades amb la Roser a psicomotricitat. Gr\u00e0cies alumnes de 5\u00e8. per la vostra gran col\u00b7laboraci\u00f3!<\/p>\n<p><a href=\"https:\/\/quik.gopro.com\/v\/3UPdA07yJN\/\" target=\"_blank\" rel=\"noopener noreferrer\"><img loading=\"lazy\" decoding=\"async\" class=\"wp-image-1434 aligncenter\" src=\"http:\/\/agora.xtec.cat\/ceip-cristofor-mestre\/wp-content\/uploads\/usu89\/2018\/04\/Captura-de-pantalla-2018-04-27-a-las-18.43.35-951x1024.png\" alt=\"\" width=\"230\" height=\"248\" srcset=\"https:\/\/agora.xtec.cat\/ceip-cristofor-mestre\/wp-content\/uploads\/usu89\/2018\/04\/Captura-de-pantalla-2018-04-27-a-las-18.43.35-951x1024.png 951w, https:\/\/agora.xtec.cat\/ceip-cristofor-mestre\/wp-content\/uploads\/usu89\/2018\/04\/Captura-de-pantalla-2018-04-27-a-las-18.43.35-279x300.png 279w, https:\/\/agora.xtec.cat\/ceip-cristofor-mestre\/wp-content\/uploads\/usu89\/2018\/04\/Captura-de-pantalla-2018-04-27-a-las-18.43.35-768x827.png 768w, https:\/\/agora.xtec.cat\/ceip-cristofor-mestre\/wp-content\/uploads\/usu89\/2018\/04\/Captura-de-pantalla-2018-04-27-a-las-18.43.35.png 1204w\" sizes=\"auto, (max-width: 230px) 100vw, 230px\" \/><\/a><\/p>\n<p>I els de P5 han fet un concert de primavera acompanyats pel pianista Carles Sanz. Bravo!<\/p>\n<p><a href=\"https:\/\/quik.gopro.com\/v\/xBBOLJU2Oo\/\" target=\"_blank\" rel=\"noopener noreferrer\"><img loading=\"lazy\" decoding=\"async\" class=\"wp-image-1440 aligncenter\" src=\"http:\/\/agora.xtec.cat\/ceip-cristofor-mestre\/wp-content\/uploads\/usu89\/2018\/04\/Captura-de-pantalla-2018-04-27-a-las-19.01.50-948x1024.png\" alt=\"\" width=\"231\" height=\"249\" srcset=\"https:\/\/agora.xtec.cat\/ceip-cristofor-mestre\/wp-content\/uploads\/usu89\/2018\/04\/Captura-de-pantalla-2018-04-27-a-las-19.01.50-948x1024.png 948w, https:\/\/agora.xtec.cat\/ceip-cristofor-mestre\/wp-content\/uploads\/usu89\/2018\/04\/Captura-de-pantalla-2018-04-27-a-las-19.01.50-278x300.png 278w, https:\/\/agora.xtec.cat\/ceip-cristofor-mestre\/wp-content\/uploads\/usu89\/2018\/04\/Captura-de-pantalla-2018-04-27-a-las-19.01.50-768x830.png 768w, https:\/\/agora.xtec.cat\/ceip-cristofor-mestre\/wp-content\/uploads\/usu89\/2018\/04\/Captura-de-pantalla-2018-04-27-a-las-19.01.50.png 1222w\" sizes=\"auto, (max-width: 231px) 100vw, 231px\" \/><\/a><\/p>\n<p>Per veure les fotos i els v\u00eddeos complerts feu click <a href=\"https:\/\/photos.app.goo.gl\/h4NzSWM2Q5axFUKT2\" target=\"_blank\" rel=\"noopener noreferrer\">aqu\u00ed<\/a><\/p>\n<p>&nbsp;<\/p>\n<p>&nbsp;<\/p>\n","protected":false},"excerpt":{"rendered":"<p>Els m\u00e9s petits hem fet una benvinguda a la primavera molt especial&#8230; Per celebrar el Dia Internacional de la Dansa (29 d&#8217;abril) P3, P4 i P5 han ballat a la pista danses treballades amb la Roser a psicomotricitat. Gr\u00e0cies alumnes de 5\u00e8. per la vostra gran col\u00b7laboraci\u00f3! I els de P5 han fet un concert [&hellip;]<\/p>\n","protected":false},"author":1,"featured_media":0,"comment_status":"closed","ping_status":"closed","sticky":false,"template":"","format":"standard","meta":{"_bbp_topic_count":0,"_bbp_reply_count":0,"_bbp_total_topic_count":0,"_bbp_total_reply_count":0,"_bbp_voice_count":0,"_bbp_anonymous_reply_count":0,"_bbp_topic_count_hidden":0,"_bbp_reply_count_hidden":0,"_bbp_forum_subforum_count":0,"site-sidebar-layout":"default","site-content-layout":"","ast-site-content-layout":"","site-content-style":"default","site-sidebar-style":"default","ast-global-header-display":"","ast-banner-title-visibility":"","ast-main-header-display":"","ast-hfb-above-header-display":"","ast-hfb-below-header-display":"","ast-hfb-mobile-header-display":"","site-post-title":"","ast-breadcrumbs-content":"","ast-featured-img":"","footer-sml-layout":"","theme-transparent-header-meta":"","adv-header-id-meta":"","stick-header-meta":"","header-above-stick-meta":"","header-main-stick-meta":"","header-below-stick-meta":"","astra-migrate-meta-layouts":"default","ast-page-background-enabled":"default","ast-page-background-meta":{"desktop":{"background-color":"var(--ast-global-color-4)","background-image":"","background-repeat":"repeat","background-position":"center center","background-size":"auto","background-attachment":"scroll","background-type":"","background-media":"","overlay-type":"","overlay-color":"","overlay-opacity":"","overlay-gradient":""},"tablet":{"background-color":"","background-image":"","background-repeat":"repeat","background-position":"center center","background-size":"auto","background-attachment":"scroll","background-type":"","background-media":"","overlay-type":"","overlay-color":"","overlay-opacity":"","overlay-gradient":""},"mobile":{"background-color":"","background-image":"","background-repeat":"repeat","background-position":"center center","background-size":"auto","background-attachment":"scroll","background-type":"","background-media":"","overlay-type":"","overlay-color":"","overlay-opacity":"","overlay-gradient":""}},"ast-content-background-meta":{"desktop":{"background-color":"var(--ast-global-color-5)","background-image":"","background-repeat":"repeat","background-position":"center center","background-size":"auto","background-attachment":"scroll","background-type":"","background-media":"","overlay-type":"","overlay-color":"","overlay-opacity":"","overlay-gradient":""},"tablet":{"background-color":"var(--ast-global-color-5)","background-image":"","background-repeat":"repeat","background-position":"center center","background-size":"auto","background-attachment":"scroll","background-type":"","background-media":"","overlay-type":"","overlay-color":"","overlay-opacity":"","overlay-gradient":""},"mobile":{"background-color":"var(--ast-global-color-5)","background-image":"","background-repeat":"repeat","background-position":"center center","background-size":"auto","background-attachment":"scroll","background-type":"","background-media":"","overlay-type":"","overlay-color":"","overlay-opacity":"","overlay-gradient":""}},"footnotes":""},"categories":[1,2,117,4],"tags":[],"class_list":["post-1433","post","type-post","status-publish","format-standard","hentry","category-general","category-infantil","category-mes-musica","category-portada"],"post_mailing_queue_ids":[],"_links":{"self":[{"href":"https:\/\/agora.xtec.cat\/ceip-cristofor-mestre\/wp-json\/wp\/v2\/posts\/1433","targetHints":{"allow":["GET"]}}],"collection":[{"href":"https:\/\/agora.xtec.cat\/ceip-cristofor-mestre\/wp-json\/wp\/v2\/posts"}],"about":[{"href":"https:\/\/agora.xtec.cat\/ceip-cristofor-mestre\/wp-json\/wp\/v2\/types\/post"}],"author":[{"embeddable":true,"href":"https:\/\/agora.xtec.cat\/ceip-cristofor-mestre\/wp-json\/wp\/v2\/users\/1"}],"replies":[{"embeddable":true,"href":"https:\/\/agora.xtec.cat\/ceip-cristofor-mestre\/wp-json\/wp\/v2\/comments?post=1433"}],"version-history":[{"count":3,"href":"https:\/\/agora.xtec.cat\/ceip-cristofor-mestre\/wp-json\/wp\/v2\/posts\/1433\/revisions"}],"predecessor-version":[{"id":1447,"href":"https:\/\/agora.xtec.cat\/ceip-cristofor-mestre\/wp-json\/wp\/v2\/posts\/1433\/revisions\/1447"}],"wp:attachment":[{"href":"https:\/\/agora.xtec.cat\/ceip-cristofor-mestre\/wp-json\/wp\/v2\/media?parent=1433"}],"wp:term":[{"taxonomy":"category","embeddable":true,"href":"https:\/\/agora.xtec.cat\/ceip-cristofor-mestre\/wp-json\/wp\/v2\/categories?post=1433"},{"taxonomy":"post_tag","embeddable":true,"href":"https:\/\/agora.xtec.cat\/ceip-cristofor-mestre\/wp-json\/wp\/v2\/tags?post=1433"}],"curies":[{"name":"wp","href":"https:\/\/api.w.org\/{rel}","templated":true}]}}