{"id":1251,"date":"2018-01-29T15:34:29","date_gmt":"2018-01-29T14:34:29","guid":{"rendered":"http:\/\/agora.xtec.cat\/ceip-cristofor-mestre\/?p=1251"},"modified":"2018-01-29T16:05:36","modified_gmt":"2018-01-29T15:05:36","slug":"diari-duna-adopcio","status":"publish","type":"post","link":"https:\/\/agora.xtec.cat\/ceip-cristofor-mestre\/general\/diari-duna-adopcio\/","title":{"rendered":"DIARI D&#8217;UNA ADOPCI\u00d3"},"content":{"rendered":"<p><a href=\"http:\/\/agora.xtec.cat\/ceip-cristofor-mestre\/wp-content\/uploads\/usu89\/2018\/01\/diari-e1517236380214.jpg\"><img loading=\"lazy\" decoding=\"async\" class=\"wp-image-1252 alignleft\" src=\"http:\/\/agora.xtec.cat\/ceip-cristofor-mestre\/wp-content\/uploads\/usu89\/2018\/01\/diari-e1517236380214.jpg\" alt=\"\" width=\"133\" height=\"134\" \/><\/a>Avui a l&#8217;escola hem tingut la visita del Santi Morat\u00f3, \u00e9s un pare que fa sis anys va anar a Mali amb la seva parella per adoptar un infant en aquell pa\u00eds, una nena que es diu Maria Saran. Despr\u00e9s d&#8217;haver viscut aquesta experi\u00e8ncia ha publicat un conte: &#8220;DIARI D&#8217;UNA ADOPCI\u00d3&#8221; que \u00e9s el que ha vingut a presentar-nos.<br \/>\nHa sigut molt interessant ja que tot el que ens ha explicat, ell ho ha viscut en primera persona , ha parlat del pa\u00eds, de les persones que hi viuen, de l&#8217;orfenat i dels nens i nenes.<br \/>\nAquest projecte \u00e9s solidari, tots els beneficis de la seva venda s\u00f3n per l&#8217;ONG que col\u00b7labora en diversos orfenats de l&#8217;\u00c0frica.<\/p>\n<p><a href=\"http:\/\/agora.xtec.cat\/ceip-cristofor-mestre\/wp-content\/uploads\/usu89\/2018\/01\/www.kizoa_.com_collage_2018-01-29_16-03-45-e1517238313658.jpg\"><img loading=\"lazy\" decoding=\"async\" class=\"wp-image-1256 aligncenter\" src=\"http:\/\/agora.xtec.cat\/ceip-cristofor-mestre\/wp-content\/uploads\/usu89\/2018\/01\/www.kizoa_.com_collage_2018-01-29_16-03-45-1024x768.jpg\" alt=\"\" width=\"318\" height=\"239\" \/><\/a><\/p>\n","protected":false},"excerpt":{"rendered":"<p>Avui a l&#8217;escola hem tingut la visita del Santi Morat\u00f3, \u00e9s un pare que fa sis anys va anar a Mali amb la seva parella per adoptar un infant en aquell pa\u00eds, una nena que es diu Maria Saran. Despr\u00e9s d&#8217;haver viscut aquesta experi\u00e8ncia ha publicat un conte: &#8220;DIARI D&#8217;UNA ADOPCI\u00d3&#8221; que \u00e9s el que [&hellip;]<\/p>\n","protected":false},"author":1,"featured_media":1252,"comment_status":"closed","ping_status":"closed","sticky":false,"template":"","format":"standard","meta":{"_bbp_topic_count":0,"_bbp_reply_count":0,"_bbp_total_topic_count":0,"_bbp_total_reply_count":0,"_bbp_voice_count":0,"_bbp_anonymous_reply_count":0,"_bbp_topic_count_hidden":0,"_bbp_reply_count_hidden":0,"_bbp_forum_subforum_count":0,"site-sidebar-layout":"default","site-content-layout":"","ast-site-content-layout":"","site-content-style":"default","site-sidebar-style":"default","ast-global-header-display":"","ast-banner-title-visibility":"","ast-main-header-display":"","ast-hfb-above-header-display":"","ast-hfb-below-header-display":"","ast-hfb-mobile-header-display":"","site-post-title":"","ast-breadcrumbs-content":"","ast-featured-img":"","footer-sml-layout":"","theme-transparent-header-meta":"","adv-header-id-meta":"","stick-header-meta":"","header-above-stick-meta":"","header-main-stick-meta":"","header-below-stick-meta":"","astra-migrate-meta-layouts":"default","ast-page-background-enabled":"default","ast-page-background-meta":{"desktop":{"background-color":"var(--ast-global-color-4)","background-image":"","background-repeat":"repeat","background-position":"center center","background-size":"auto","background-attachment":"scroll","background-type":"","background-media":"","overlay-type":"","overlay-color":"","overlay-opacity":"","overlay-gradient":""},"tablet":{"background-color":"","background-image":"","background-repeat":"repeat","background-position":"center center","background-size":"auto","background-attachment":"scroll","background-type":"","background-media":"","overlay-type":"","overlay-color":"","overlay-opacity":"","overlay-gradient":""},"mobile":{"background-color":"","background-image":"","background-repeat":"repeat","background-position":"center center","background-size":"auto","background-attachment":"scroll","background-type":"","background-media":"","overlay-type":"","overlay-color":"","overlay-opacity":"","overlay-gradient":""}},"ast-content-background-meta":{"desktop":{"background-color":"var(--ast-global-color-5)","background-image":"","background-repeat":"repeat","background-position":"center center","background-size":"auto","background-attachment":"scroll","background-type":"","background-media":"","overlay-type":"","overlay-color":"","overlay-opacity":"","overlay-gradient":""},"tablet":{"background-color":"var(--ast-global-color-5)","background-image":"","background-repeat":"repeat","background-position":"center center","background-size":"auto","background-attachment":"scroll","background-type":"","background-media":"","overlay-type":"","overlay-color":"","overlay-opacity":"","overlay-gradient":""},"mobile":{"background-color":"var(--ast-global-color-5)","background-image":"","background-repeat":"repeat","background-position":"center center","background-size":"auto","background-attachment":"scroll","background-type":"","background-media":"","overlay-type":"","overlay-color":"","overlay-opacity":"","overlay-gradient":""}},"footnotes":""},"categories":[73,74,75,1,2,4],"tags":[129,103],"class_list":["post-1251","post","type-post","status-publish","format-standard","has-post-thumbnail","hentry","category-cicle-inicial","category-cicle-mitja","category-cicle-superior","category-general","category-infantil","category-portada","tag-adopcio","tag-llibres"],"post_mailing_queue_ids":[],"_links":{"self":[{"href":"https:\/\/agora.xtec.cat\/ceip-cristofor-mestre\/wp-json\/wp\/v2\/posts\/1251","targetHints":{"allow":["GET"]}}],"collection":[{"href":"https:\/\/agora.xtec.cat\/ceip-cristofor-mestre\/wp-json\/wp\/v2\/posts"}],"about":[{"href":"https:\/\/agora.xtec.cat\/ceip-cristofor-mestre\/wp-json\/wp\/v2\/types\/post"}],"author":[{"embeddable":true,"href":"https:\/\/agora.xtec.cat\/ceip-cristofor-mestre\/wp-json\/wp\/v2\/users\/1"}],"replies":[{"embeddable":true,"href":"https:\/\/agora.xtec.cat\/ceip-cristofor-mestre\/wp-json\/wp\/v2\/comments?post=1251"}],"version-history":[{"count":3,"href":"https:\/\/agora.xtec.cat\/ceip-cristofor-mestre\/wp-json\/wp\/v2\/posts\/1251\/revisions"}],"predecessor-version":[{"id":1257,"href":"https:\/\/agora.xtec.cat\/ceip-cristofor-mestre\/wp-json\/wp\/v2\/posts\/1251\/revisions\/1257"}],"wp:featuredmedia":[{"embeddable":true,"href":"https:\/\/agora.xtec.cat\/ceip-cristofor-mestre\/wp-json\/wp\/v2\/media\/1252"}],"wp:attachment":[{"href":"https:\/\/agora.xtec.cat\/ceip-cristofor-mestre\/wp-json\/wp\/v2\/media?parent=1251"}],"wp:term":[{"taxonomy":"category","embeddable":true,"href":"https:\/\/agora.xtec.cat\/ceip-cristofor-mestre\/wp-json\/wp\/v2\/categories?post=1251"},{"taxonomy":"post_tag","embeddable":true,"href":"https:\/\/agora.xtec.cat\/ceip-cristofor-mestre\/wp-json\/wp\/v2\/tags?post=1251"}],"curies":[{"name":"wp","href":"https:\/\/api.w.org\/{rel}","templated":true}]}}