{"id":4454,"date":"2021-11-24T23:39:59","date_gmt":"2021-11-24T22:39:59","guid":{"rendered":"https:\/\/agora.xtec.cat\/ceip-cossetania\/?p=4454"},"modified":"2021-11-26T19:16:00","modified_gmt":"2021-11-26T18:16:00","slug":"festa-solidaria-el-cossetania-guanya-a-la-leucemia","status":"publish","type":"post","link":"https:\/\/agora.xtec.cat\/ceip-cossetania\/general\/festa-solidaria-el-cossetania-guanya-a-la-leucemia\/","title":{"rendered":"FESTA SOLID\u00c0RIA: EL COSSET\u00c0NIA GUANYA A LA LEUC\u00c8MIA"},"content":{"rendered":"<p>Benvolguts i benvolgudes,<\/p>\n<p>Us presentem el cartell de la <strong>Festa Solid\u00e0ria<\/strong> que realitzarem el proper <strong>dissabte dia 11 de desembre<\/strong> al pati de l&#8217;Escola a partir de les 10:30. Enguany, <strong>destinarem tots els beneficis a l&#8217;Hospital Sant Joan de D\u00e8u de Barcelona en la lluita contra el infantil i la leuc\u00e8mia<\/strong>. <strong>VINE I COL\u00b7LABORA PER AJUDA A L&#8217;AMINE<\/strong>\u00a0i a tants altres #petitsvalents en la lluita contra aquesta male\u00efda malaltia.<\/p>\n<p>Us hi esperem!<\/p>\n<p>&nbsp;<\/p>\n<p><a href=\"https:\/\/agora.xtec.cat\/ceip-cossetania\/wp-content\/uploads\/usu617\/2021\/11\/FESTA-SOLIDARIA-1.png\"><img loading=\"lazy\" decoding=\"async\" class=\"wp-image-4461 aligncenter\" src=\"https:\/\/agora.xtec.cat\/ceip-cossetania\/wp-content\/uploads\/usu617\/2021\/11\/FESTA-SOLIDARIA-1-212x300.png\" alt=\"\" width=\"545\" height=\"771\" srcset=\"https:\/\/agora.xtec.cat\/ceip-cossetania\/wp-content\/uploads\/usu617\/2021\/11\/FESTA-SOLIDARIA-1-212x300.png 212w, https:\/\/agora.xtec.cat\/ceip-cossetania\/wp-content\/uploads\/usu617\/2021\/11\/FESTA-SOLIDARIA-1-724x1024.png 724w, https:\/\/agora.xtec.cat\/ceip-cossetania\/wp-content\/uploads\/usu617\/2021\/11\/FESTA-SOLIDARIA-1-768x1086.png 768w, https:\/\/agora.xtec.cat\/ceip-cossetania\/wp-content\/uploads\/usu617\/2021\/11\/FESTA-SOLIDARIA-1-1086x1536.png 1086w, https:\/\/agora.xtec.cat\/ceip-cossetania\/wp-content\/uploads\/usu617\/2021\/11\/FESTA-SOLIDARIA-1-1448x2048.png 1448w, https:\/\/agora.xtec.cat\/ceip-cossetania\/wp-content\/uploads\/usu617\/2021\/11\/FESTA-SOLIDARIA-1.png 1587w\" sizes=\"auto, (max-width: 545px) 100vw, 545px\" \/><\/a><\/p>\n","protected":false},"excerpt":{"rendered":"<p>Us presentem el cartell de la Festa Solid\u00e0ria que realitzarem el proper dissabte dia 11 de desembre al pati de l&#8217;Escola a partir de les 10:30h.&hellip;  <a href=\"https:\/\/agora.xtec.cat\/ceip-cossetania\/general\/festa-solidaria-el-cossetania-guanya-a-la-leucemia\/\" title=\"Read FESTA SOLID\u00c0RIA: EL COSSET\u00c0NIA GUANYA A LA LEUC\u00c8MIA\">Llegeix m\u00e9s\u00bb<\/a><\/p>\n","protected":false},"author":4,"featured_media":4461,"comment_status":"open","ping_status":"closed","sticky":false,"template":"","format":"standard","meta":{"_bbp_topic_count":0,"_bbp_reply_count":0,"_bbp_total_topic_count":0,"_bbp_total_reply_count":0,"_bbp_voice_count":0,"_bbp_anonymous_reply_count":0,"_bbp_topic_count_hidden":0,"_bbp_reply_count_hidden":0,"_bbp_forum_subforum_count":0,"footnotes":""},"categories":[1,4],"tags":[59,51],"class_list":["post-4454","post","type-post","status-publish","format-standard","has-post-thumbnail","hentry","category-general","category-portada","tag-afa","tag-festes"],"post_mailing_queue_ids":[],"_links":{"self":[{"href":"https:\/\/agora.xtec.cat\/ceip-cossetania\/wp-json\/wp\/v2\/posts\/4454","targetHints":{"allow":["GET"]}}],"collection":[{"href":"https:\/\/agora.xtec.cat\/ceip-cossetania\/wp-json\/wp\/v2\/posts"}],"about":[{"href":"https:\/\/agora.xtec.cat\/ceip-cossetania\/wp-json\/wp\/v2\/types\/post"}],"author":[{"embeddable":true,"href":"https:\/\/agora.xtec.cat\/ceip-cossetania\/wp-json\/wp\/v2\/users\/4"}],"replies":[{"embeddable":true,"href":"https:\/\/agora.xtec.cat\/ceip-cossetania\/wp-json\/wp\/v2\/comments?post=4454"}],"version-history":[{"count":3,"href":"https:\/\/agora.xtec.cat\/ceip-cossetania\/wp-json\/wp\/v2\/posts\/4454\/revisions"}],"predecessor-version":[{"id":4462,"href":"https:\/\/agora.xtec.cat\/ceip-cossetania\/wp-json\/wp\/v2\/posts\/4454\/revisions\/4462"}],"wp:featuredmedia":[{"embeddable":true,"href":"https:\/\/agora.xtec.cat\/ceip-cossetania\/wp-json\/wp\/v2\/media\/4461"}],"wp:attachment":[{"href":"https:\/\/agora.xtec.cat\/ceip-cossetania\/wp-json\/wp\/v2\/media?parent=4454"}],"wp:term":[{"taxonomy":"category","embeddable":true,"href":"https:\/\/agora.xtec.cat\/ceip-cossetania\/wp-json\/wp\/v2\/categories?post=4454"},{"taxonomy":"post_tag","embeddable":true,"href":"https:\/\/agora.xtec.cat\/ceip-cossetania\/wp-json\/wp\/v2\/tags?post=4454"}],"curies":[{"name":"wp","href":"https:\/\/api.w.org\/{rel}","templated":true}]}}