{"id":17046,"date":"2022-04-03T16:27:07","date_gmt":"2022-04-03T14:27:07","guid":{"rendered":"https:\/\/agora.xtec.cat\/ceip-ciutat-cooperativa\/?p=17046"},"modified":"2022-04-03T16:28:55","modified_gmt":"2022-04-03T14:28:55","slug":"%f0%9f%92%99dia-del-autisme%f0%9f%92%99","status":"publish","type":"post","link":"https:\/\/agora.xtec.cat\/ceip-ciutat-cooperativa\/general\/%f0%9f%92%99dia-del-autisme%f0%9f%92%99\/","title":{"rendered":"\ud83d\udc99DIA DE L &#8216;AUTISME\ud83d\udc99"},"content":{"rendered":"<p style=\"text-align: center;\">Estimades fam\u00edlies,<\/p>\n<p style=\"text-align: center;\">el<span style=\"background-color: #99ccff;\"> 2 d&#8217;abril<\/span> es celebra, el <span style=\"background-color: #00ccff;\">d\u00eda de la conscienciaci\u00f3 de l&#8217;autisme<\/span>. Es per aix\u00f3, que volem compartir amb tothom aquest poema i aquest dibuix. \ud83d\udc99<\/p>\n<p style=\"text-align: center;\"><a href=\"https:\/\/agora.xtec.cat\/ceip-ciutat-cooperativa\/wp-content\/uploads\/usu936\/2022\/04\/IMG_20220402_125528.jpg\"><img loading=\"lazy\" decoding=\"async\" class=\"alignnone size-large wp-image-17047\" src=\"https:\/\/agora.xtec.cat\/ceip-ciutat-cooperativa\/wp-content\/uploads\/usu936\/2022\/04\/IMG_20220402_125528-709x1024.jpg\" alt=\"\" width=\"709\" height=\"1024\" srcset=\"https:\/\/agora.xtec.cat\/ceip-ciutat-cooperativa\/wp-content\/uploads\/usu936\/2022\/04\/IMG_20220402_125528-709x1024.jpg 709w, https:\/\/agora.xtec.cat\/ceip-ciutat-cooperativa\/wp-content\/uploads\/usu936\/2022\/04\/IMG_20220402_125528-208x300.jpg 208w, https:\/\/agora.xtec.cat\/ceip-ciutat-cooperativa\/wp-content\/uploads\/usu936\/2022\/04\/IMG_20220402_125528.jpg 720w\" sizes=\"auto, (max-width: 709px) 100vw, 709px\" \/><\/a> <a href=\"https:\/\/agora.xtec.cat\/ceip-ciutat-cooperativa\/wp-content\/uploads\/usu936\/2022\/04\/attachment-4574792-IMG20220402WA0006.jpg\"><img loading=\"lazy\" decoding=\"async\" class=\"alignnone size-large wp-image-17048\" src=\"https:\/\/agora.xtec.cat\/ceip-ciutat-cooperativa\/wp-content\/uploads\/usu936\/2022\/04\/attachment-4574792-IMG20220402WA0006.jpg\" alt=\"\" width=\"800\" height=\"839\" srcset=\"https:\/\/agora.xtec.cat\/ceip-ciutat-cooperativa\/wp-content\/uploads\/usu936\/2022\/04\/attachment-4574792-IMG20220402WA0006.jpg 800w, https:\/\/agora.xtec.cat\/ceip-ciutat-cooperativa\/wp-content\/uploads\/usu936\/2022\/04\/attachment-4574792-IMG20220402WA0006-286x300.jpg 286w, https:\/\/agora.xtec.cat\/ceip-ciutat-cooperativa\/wp-content\/uploads\/usu936\/2022\/04\/attachment-4574792-IMG20220402WA0006-768x805.jpg 768w\" sizes=\"auto, (max-width: 800px) 100vw, 800px\" \/><\/a><\/p>\n<p>&nbsp;<\/p>\n","protected":false},"excerpt":{"rendered":"<p>Estimades fam\u00edlies, el 2 d&#8217;abril es celebra, el d\u00eda de la conscienciaci\u00f3 de l&#8217;autisme. Es per aix\u00f3, que volem compartir amb tothom aquest poema i aquest dibuix. \ud83d\udc99 &nbsp;<\/p>\n","protected":false},"author":21,"featured_media":0,"comment_status":"open","ping_status":"closed","sticky":false,"template":"","format":"standard","meta":{"_bbp_topic_count":0,"_bbp_reply_count":0,"_bbp_total_topic_count":0,"_bbp_total_reply_count":0,"_bbp_voice_count":0,"_bbp_anonymous_reply_count":0,"_bbp_topic_count_hidden":0,"_bbp_reply_count_hidden":0,"_bbp_forum_subforum_count":0,"site-sidebar-layout":"default","site-content-layout":"","ast-site-content-layout":"","site-content-style":"default","site-sidebar-style":"default","ast-global-header-display":"","ast-banner-title-visibility":"","ast-main-header-display":"","ast-hfb-above-header-display":"","ast-hfb-below-header-display":"","ast-hfb-mobile-header-display":"","site-post-title":"","ast-breadcrumbs-content":"","ast-featured-img":"","footer-sml-layout":"","theme-transparent-header-meta":"","adv-header-id-meta":"","stick-header-meta":"","header-above-stick-meta":"","header-main-stick-meta":"","header-below-stick-meta":"","astra-migrate-meta-layouts":"default","ast-page-background-enabled":"default","ast-page-background-meta":{"desktop":{"background-color":"var(--ast-global-color-4)","background-image":"","background-repeat":"repeat","background-position":"center center","background-size":"auto","background-attachment":"scroll","background-type":"","background-media":"","overlay-type":"","overlay-color":"","overlay-opacity":"","overlay-gradient":""},"tablet":{"background-color":"","background-image":"","background-repeat":"repeat","background-position":"center center","background-size":"auto","background-attachment":"scroll","background-type":"","background-media":"","overlay-type":"","overlay-color":"","overlay-opacity":"","overlay-gradient":""},"mobile":{"background-color":"","background-image":"","background-repeat":"repeat","background-position":"center center","background-size":"auto","background-attachment":"scroll","background-type":"","background-media":"","overlay-type":"","overlay-color":"","overlay-opacity":"","overlay-gradient":""}},"ast-content-background-meta":{"desktop":{"background-color":"var(--ast-global-color-5)","background-image":"","background-repeat":"repeat","background-position":"center center","background-size":"auto","background-attachment":"scroll","background-type":"","background-media":"","overlay-type":"","overlay-color":"","overlay-opacity":"","overlay-gradient":""},"tablet":{"background-color":"var(--ast-global-color-5)","background-image":"","background-repeat":"repeat","background-position":"center center","background-size":"auto","background-attachment":"scroll","background-type":"","background-media":"","overlay-type":"","overlay-color":"","overlay-opacity":"","overlay-gradient":""},"mobile":{"background-color":"var(--ast-global-color-5)","background-image":"","background-repeat":"repeat","background-position":"center center","background-size":"auto","background-attachment":"scroll","background-type":"","background-media":"","overlay-type":"","overlay-color":"","overlay-opacity":"","overlay-gradient":""}},"footnotes":""},"categories":[68,61,1,4],"tags":[],"class_list":["post-17046","post","type-post","status-publish","format-standard","hentry","category-benvinguts-al-blog-datencio-a-la-diversitat","category-siei","category-general","category-portada"],"post_mailing_queue_ids":[],"_links":{"self":[{"href":"https:\/\/agora.xtec.cat\/ceip-ciutat-cooperativa\/wp-json\/wp\/v2\/posts\/17046","targetHints":{"allow":["GET"]}}],"collection":[{"href":"https:\/\/agora.xtec.cat\/ceip-ciutat-cooperativa\/wp-json\/wp\/v2\/posts"}],"about":[{"href":"https:\/\/agora.xtec.cat\/ceip-ciutat-cooperativa\/wp-json\/wp\/v2\/types\/post"}],"author":[{"embeddable":true,"href":"https:\/\/agora.xtec.cat\/ceip-ciutat-cooperativa\/wp-json\/wp\/v2\/users\/21"}],"replies":[{"embeddable":true,"href":"https:\/\/agora.xtec.cat\/ceip-ciutat-cooperativa\/wp-json\/wp\/v2\/comments?post=17046"}],"version-history":[{"count":3,"href":"https:\/\/agora.xtec.cat\/ceip-ciutat-cooperativa\/wp-json\/wp\/v2\/posts\/17046\/revisions"}],"predecessor-version":[{"id":17051,"href":"https:\/\/agora.xtec.cat\/ceip-ciutat-cooperativa\/wp-json\/wp\/v2\/posts\/17046\/revisions\/17051"}],"wp:attachment":[{"href":"https:\/\/agora.xtec.cat\/ceip-ciutat-cooperativa\/wp-json\/wp\/v2\/media?parent=17046"}],"wp:term":[{"taxonomy":"category","embeddable":true,"href":"https:\/\/agora.xtec.cat\/ceip-ciutat-cooperativa\/wp-json\/wp\/v2\/categories?post=17046"},{"taxonomy":"post_tag","embeddable":true,"href":"https:\/\/agora.xtec.cat\/ceip-ciutat-cooperativa\/wp-json\/wp\/v2\/tags?post=17046"}],"curies":[{"name":"wp","href":"https:\/\/api.w.org\/{rel}","templated":true}]}}