{"id":913,"date":"2018-07-09T09:11:36","date_gmt":"2018-07-09T07:11:36","guid":{"rendered":"http:\/\/agora.xtec.cat\/ceip-catalunya-sc\/?p=913"},"modified":"2018-07-09T09:11:55","modified_gmt":"2018-07-09T07:11:55","slug":"agraiment-del-banc-dels-aliments","status":"publish","type":"post","link":"https:\/\/agora.xtec.cat\/ceip-catalunya-sc\/portada\/agraiment-del-banc-dels-aliments\/","title":{"rendered":"Agra\u00efment del banc dels aliments"},"content":{"rendered":"<p>Bon dia fam\u00edlies i infants de l&#8217;escola.<\/p>\n<p>Com ja sabeu els diners recollits de la fira de Sta. Ll\u00facia es destinen per a un projecte relacionat amb el banc dels aliments.<\/p>\n<p>Avui hem rebut\u00a0 el seu agra\u00efment per la nostra col\u00b7laboraci\u00f3. L&#8217;agra\u00efment \u00e9s per tots vosaltres, per als que vau comprar, participar, elaborar o contribuir-hi d&#8217;alguna manera. Tamb\u00e9 per a monitores del servei migdia que fer materials per a les paradetes i per al professorat per tirar endavant aquest projecte. Per tots vosaltres:<\/p>\n<p style=\"font-weight: 400;\">La Fundaci\u00f3 Banc dels Aliments reconeix al centre<\/p>\n<p style=\"font-weight: 400;\"><strong>ESCOLA CATALUNYA<\/strong><\/p>\n<p style=\"font-weight: 400;\">l\u2019esfor\u00e7 realitzat en el curs 2017\/2018 per sensibilitzar l\u2019alumnat respecte de la<br \/>\npobresa i el malbaratament alimentaris que hi ha en el nostre entorn i per l\u2019ajut<br \/>\nque ha representat el recapte d\u2019aliments que ha dut a terme. Aquest<br \/>\nreconeixement s\u2019est\u00e9n al professorat, l\u2019alumnat i els altres membres de la<br \/>\ncomunitat escolar.<\/p>\n<p style=\"font-weight: 400;\">La Fundaci\u00f3 Banc dels Aliments confia en la continu\u00eftat de la col\u00b7laboraci\u00f3 del<br \/>\ncentre en la mateixa tasca ens els anys a venir.<\/p>\n<p style=\"font-weight: 400;\">Barcelona, juliol de 2018<\/p>\n<p style=\"font-weight: 400;\">Per la Fundaci\u00f3 Banc dels Aliments<\/p>\n<p style=\"font-weight: 400;\">Antoni Dolader<\/p>\n<p style=\"font-weight: 400;\"><em>Coordinador Programa Escoles<\/em><\/p>\n","protected":false},"excerpt":{"rendered":"<p>Bon dia fam\u00edlies i infants de l&#8217;escola. Com ja sabeu els diners recollits de la fira de Sta. Ll\u00facia es destinen per a un projecte relacionat amb el banc dels aliments. Avui hem rebut\u00a0 el seu agra\u00efment per la nostra col\u00b7laboraci\u00f3. L&#8217;agra\u00efment \u00e9s per tots vosaltres, per als que vau comprar, participar, elaborar o contribuir-hi [&hellip;]<\/p>\n","protected":false},"author":1,"featured_media":0,"comment_status":"open","ping_status":"closed","sticky":false,"template":"","format":"standard","meta":{"_bbp_topic_count":0,"_bbp_reply_count":0,"_bbp_total_topic_count":0,"_bbp_total_reply_count":0,"_bbp_voice_count":0,"_bbp_anonymous_reply_count":0,"_bbp_topic_count_hidden":0,"_bbp_reply_count_hidden":0,"_bbp_forum_subforum_count":0,"site-sidebar-layout":"default","site-content-layout":"","ast-site-content-layout":"","site-content-style":"default","site-sidebar-style":"default","ast-global-header-display":"","ast-banner-title-visibility":"","ast-main-header-display":"","ast-hfb-above-header-display":"","ast-hfb-below-header-display":"","ast-hfb-mobile-header-display":"","site-post-title":"","ast-breadcrumbs-content":"","ast-featured-img":"","footer-sml-layout":"","theme-transparent-header-meta":"","adv-header-id-meta":"","stick-header-meta":"","header-above-stick-meta":"","header-main-stick-meta":"","header-below-stick-meta":"","astra-migrate-meta-layouts":"default","ast-page-background-enabled":"default","ast-page-background-meta":{"desktop":{"background-color":"var(--ast-global-color-4)","background-image":"","background-repeat":"repeat","background-position":"center center","background-size":"auto","background-attachment":"scroll","background-type":"","background-media":"","overlay-type":"","overlay-color":"","overlay-opacity":"","overlay-gradient":""},"tablet":{"background-color":"","background-image":"","background-repeat":"repeat","background-position":"center center","background-size":"auto","background-attachment":"scroll","background-type":"","background-media":"","overlay-type":"","overlay-color":"","overlay-opacity":"","overlay-gradient":""},"mobile":{"background-color":"","background-image":"","background-repeat":"repeat","background-position":"center center","background-size":"auto","background-attachment":"scroll","background-type":"","background-media":"","overlay-type":"","overlay-color":"","overlay-opacity":"","overlay-gradient":""}},"ast-content-background-meta":{"desktop":{"background-color":"var(--ast-global-color-5)","background-image":"","background-repeat":"repeat","background-position":"center center","background-size":"auto","background-attachment":"scroll","background-type":"","background-media":"","overlay-type":"","overlay-color":"","overlay-opacity":"","overlay-gradient":""},"tablet":{"background-color":"var(--ast-global-color-5)","background-image":"","background-repeat":"repeat","background-position":"center center","background-size":"auto","background-attachment":"scroll","background-type":"","background-media":"","overlay-type":"","overlay-color":"","overlay-opacity":"","overlay-gradient":""},"mobile":{"background-color":"var(--ast-global-color-5)","background-image":"","background-repeat":"repeat","background-position":"center center","background-size":"auto","background-attachment":"scroll","background-type":"","background-media":"","overlay-type":"","overlay-color":"","overlay-opacity":"","overlay-gradient":""}},"footnotes":""},"categories":[4],"tags":[],"class_list":["post-913","post","type-post","status-publish","format-standard","hentry","category-portada"],"post_mailing_queue_ids":[],"_links":{"self":[{"href":"https:\/\/agora.xtec.cat\/ceip-catalunya-sc\/wp-json\/wp\/v2\/posts\/913","targetHints":{"allow":["GET"]}}],"collection":[{"href":"https:\/\/agora.xtec.cat\/ceip-catalunya-sc\/wp-json\/wp\/v2\/posts"}],"about":[{"href":"https:\/\/agora.xtec.cat\/ceip-catalunya-sc\/wp-json\/wp\/v2\/types\/post"}],"author":[{"embeddable":true,"href":"https:\/\/agora.xtec.cat\/ceip-catalunya-sc\/wp-json\/wp\/v2\/users\/1"}],"replies":[{"embeddable":true,"href":"https:\/\/agora.xtec.cat\/ceip-catalunya-sc\/wp-json\/wp\/v2\/comments?post=913"}],"version-history":[{"count":2,"href":"https:\/\/agora.xtec.cat\/ceip-catalunya-sc\/wp-json\/wp\/v2\/posts\/913\/revisions"}],"predecessor-version":[{"id":915,"href":"https:\/\/agora.xtec.cat\/ceip-catalunya-sc\/wp-json\/wp\/v2\/posts\/913\/revisions\/915"}],"wp:attachment":[{"href":"https:\/\/agora.xtec.cat\/ceip-catalunya-sc\/wp-json\/wp\/v2\/media?parent=913"}],"wp:term":[{"taxonomy":"category","embeddable":true,"href":"https:\/\/agora.xtec.cat\/ceip-catalunya-sc\/wp-json\/wp\/v2\/categories?post=913"},{"taxonomy":"post_tag","embeddable":true,"href":"https:\/\/agora.xtec.cat\/ceip-catalunya-sc\/wp-json\/wp\/v2\/tags?post=913"}],"curies":[{"name":"wp","href":"https:\/\/api.w.org\/{rel}","templated":true}]}}