{"id":898,"date":"2018-05-30T12:51:45","date_gmt":"2018-05-30T10:51:45","guid":{"rendered":"http:\/\/agora.xtec.cat\/ceip-catalunya-sc\/?p=898"},"modified":"2018-05-30T12:51:45","modified_gmt":"2018-05-30T10:51:45","slug":"colonies-di5-a-taradell","status":"publish","type":"post","link":"https:\/\/agora.xtec.cat\/ceip-catalunya-sc\/infantil\/colonies-di5-a-taradell\/","title":{"rendered":"Col\u00f2nies d&#8217;i5 a Taradell"},"content":{"rendered":"<p>Despr\u00e9s de desfer maletes, de descansar i pair totes les viv\u00e8ncies de dos dies col\u00f2nies, tornem a estar a l&#8217;escola al 100%!.<\/p>\n<p>Els vostres fills i filles us deuen haver explicat mil coses de l&#8217;excursi\u00f3 pel bosc, del Toca-sons, de l&#8217;estona de dormir, la casa&#8230; ens ho hem passat francament b\u00e9! i a m\u00e9s el temps, contra tot pron\u00f2stic, ens ha acompanyat els dos dies!.<\/p>\n<p>Us deixem un recull de fotos, que anirem ampliant en el mateix link (quan anem recopil\u00b7lant totes les que vam fer les persones acompanyants).<\/p>\n<p>Aprofito per dir-vos que ahir amb l&#8217;emoci\u00f3 i la rebuda dels vostres fills i filles, us vau deixar de treure les motxilles dels mestres de l&#8217;autocar!. Penseu que la sortida de l&#8217;autocar era un moment carregat d&#8217;emoci\u00f3 en qu\u00e8 calia tenir clar que cada nen i nena an\u00e9s amb el seu pare\/mare i que nosaltres no pod\u00edem estar per les maletes, per aix\u00f2 us vam demanar un cop de m\u00e0&#8230; un altre dia penseu una mica tamb\u00e9 amb els mestres i acompanyants si-us-plau!.<\/p>\n<p><a href=\"https:\/\/drive.google.com\/drive\/folders\/1xahUtRFSaC3VUjSDKr0I0lXNxO42qHBm?usp=sharing\">Fotos col\u00f2nies i5<\/a><\/p>\n","protected":false},"excerpt":{"rendered":"<p>Despr\u00e9s de desfer maletes, de descansar i pair totes les viv\u00e8ncies de dos dies col\u00f2nies, tornem a estar a l&#8217;escola al 100%!. Els vostres fills i filles us deuen haver explicat mil coses de l&#8217;excursi\u00f3 pel bosc, del Toca-sons, de l&#8217;estona de dormir, la casa&#8230; ens ho hem passat francament b\u00e9! i a m\u00e9s el [&hellip;]<\/p>\n","protected":false},"author":1,"featured_media":0,"comment_status":"open","ping_status":"closed","sticky":false,"template":"","format":"standard","meta":{"_bbp_topic_count":0,"_bbp_reply_count":0,"_bbp_total_topic_count":0,"_bbp_total_reply_count":0,"_bbp_voice_count":0,"_bbp_anonymous_reply_count":0,"_bbp_topic_count_hidden":0,"_bbp_reply_count_hidden":0,"_bbp_forum_subforum_count":0,"site-sidebar-layout":"default","site-content-layout":"","ast-site-content-layout":"","site-content-style":"default","site-sidebar-style":"default","ast-global-header-display":"","ast-banner-title-visibility":"","ast-main-header-display":"","ast-hfb-above-header-display":"","ast-hfb-below-header-display":"","ast-hfb-mobile-header-display":"","site-post-title":"","ast-breadcrumbs-content":"","ast-featured-img":"","footer-sml-layout":"","theme-transparent-header-meta":"","adv-header-id-meta":"","stick-header-meta":"","header-above-stick-meta":"","header-main-stick-meta":"","header-below-stick-meta":"","astra-migrate-meta-layouts":"default","ast-page-background-enabled":"default","ast-page-background-meta":{"desktop":{"background-color":"var(--ast-global-color-4)","background-image":"","background-repeat":"repeat","background-position":"center center","background-size":"auto","background-attachment":"scroll","background-type":"","background-media":"","overlay-type":"","overlay-color":"","overlay-opacity":"","overlay-gradient":""},"tablet":{"background-color":"","background-image":"","background-repeat":"repeat","background-position":"center center","background-size":"auto","background-attachment":"scroll","background-type":"","background-media":"","overlay-type":"","overlay-color":"","overlay-opacity":"","overlay-gradient":""},"mobile":{"background-color":"","background-image":"","background-repeat":"repeat","background-position":"center center","background-size":"auto","background-attachment":"scroll","background-type":"","background-media":"","overlay-type":"","overlay-color":"","overlay-opacity":"","overlay-gradient":""}},"ast-content-background-meta":{"desktop":{"background-color":"var(--ast-global-color-5)","background-image":"","background-repeat":"repeat","background-position":"center center","background-size":"auto","background-attachment":"scroll","background-type":"","background-media":"","overlay-type":"","overlay-color":"","overlay-opacity":"","overlay-gradient":""},"tablet":{"background-color":"var(--ast-global-color-5)","background-image":"","background-repeat":"repeat","background-position":"center center","background-size":"auto","background-attachment":"scroll","background-type":"","background-media":"","overlay-type":"","overlay-color":"","overlay-opacity":"","overlay-gradient":""},"mobile":{"background-color":"var(--ast-global-color-5)","background-image":"","background-repeat":"repeat","background-position":"center center","background-size":"auto","background-attachment":"scroll","background-type":"","background-media":"","overlay-type":"","overlay-color":"","overlay-opacity":"","overlay-gradient":""}},"footnotes":""},"categories":[2,9,4],"tags":[],"class_list":["post-898","post","type-post","status-publish","format-standard","hentry","category-infantil","category-p5","category-portada"],"post_mailing_queue_ids":[],"_links":{"self":[{"href":"https:\/\/agora.xtec.cat\/ceip-catalunya-sc\/wp-json\/wp\/v2\/posts\/898","targetHints":{"allow":["GET"]}}],"collection":[{"href":"https:\/\/agora.xtec.cat\/ceip-catalunya-sc\/wp-json\/wp\/v2\/posts"}],"about":[{"href":"https:\/\/agora.xtec.cat\/ceip-catalunya-sc\/wp-json\/wp\/v2\/types\/post"}],"author":[{"embeddable":true,"href":"https:\/\/agora.xtec.cat\/ceip-catalunya-sc\/wp-json\/wp\/v2\/users\/1"}],"replies":[{"embeddable":true,"href":"https:\/\/agora.xtec.cat\/ceip-catalunya-sc\/wp-json\/wp\/v2\/comments?post=898"}],"version-history":[{"count":1,"href":"https:\/\/agora.xtec.cat\/ceip-catalunya-sc\/wp-json\/wp\/v2\/posts\/898\/revisions"}],"predecessor-version":[{"id":899,"href":"https:\/\/agora.xtec.cat\/ceip-catalunya-sc\/wp-json\/wp\/v2\/posts\/898\/revisions\/899"}],"wp:attachment":[{"href":"https:\/\/agora.xtec.cat\/ceip-catalunya-sc\/wp-json\/wp\/v2\/media?parent=898"}],"wp:term":[{"taxonomy":"category","embeddable":true,"href":"https:\/\/agora.xtec.cat\/ceip-catalunya-sc\/wp-json\/wp\/v2\/categories?post=898"},{"taxonomy":"post_tag","embeddable":true,"href":"https:\/\/agora.xtec.cat\/ceip-catalunya-sc\/wp-json\/wp\/v2\/tags?post=898"}],"curies":[{"name":"wp","href":"https:\/\/api.w.org\/{rel}","templated":true}]}}