{"id":838,"date":"2018-04-27T10:11:40","date_gmt":"2018-04-27T08:11:40","guid":{"rendered":"http:\/\/agora.xtec.cat\/ceip-catalunya-sc\/?p=838"},"modified":"2018-04-27T10:11:40","modified_gmt":"2018-04-27T08:11:40","slug":"una-incubadora-a-lescola","status":"publish","type":"post","link":"https:\/\/agora.xtec.cat\/ceip-catalunya-sc\/infantil\/p3\/una-incubadora-a-lescola\/","title":{"rendered":"Una incubadora a l&#8217;escola"},"content":{"rendered":"<p>Fa uns dies les fam\u00edlies de p3 de l&#8217;escola van fer arribar una capsa misteriosa a la classe.<\/p>\n<p>Els nens i nenes s&#8217;ho van trobar en una capsa i van comen\u00e7ar a pensar qu\u00e8 podria ser all\u00f2&#8230;. Van anar fent hip\u00f2tesi i van sortir coses com &#8220;una torradora&#8221;, un aparell per fer massatges als peus, per bullir verdua&#8230; per\u00f2 no, no era res d&#8217;aix\u00f2!.<\/p>\n<p>Van llegir el paper i hi posava &#8220;EGG INCUBATOR&#8221;. Qu\u00e8 pot voler dir aix\u00f2? alg\u00fa ja sabia que EGG \u00e9s ou en angl\u00e8s&#8230; i incubator&#8230; vam pensar que potser voldria dir &#8220;incubadora&#8221;.<\/p>\n<p><a href=\"http:\/\/agora.xtec.cat\/ceip-catalunya-sc\/wp-content\/uploads\/usu49\/2018\/04\/IMG-20180425-WA0012.jpg\"><img loading=\"lazy\" decoding=\"async\" class=\"alignnone size-medium wp-image-839\" src=\"http:\/\/agora.xtec.cat\/ceip-catalunya-sc\/wp-content\/uploads\/usu49\/2018\/04\/IMG-20180425-WA0012-300x225.jpg\" alt=\"\" width=\"300\" height=\"225\" srcset=\"https:\/\/agora.xtec.cat\/ceip-catalunya-sc\/wp-content\/uploads\/usu49\/2018\/04\/IMG-20180425-WA0012-300x225.jpg 300w, https:\/\/agora.xtec.cat\/ceip-catalunya-sc\/wp-content\/uploads\/usu49\/2018\/04\/IMG-20180425-WA0012-768x576.jpg 768w, https:\/\/agora.xtec.cat\/ceip-catalunya-sc\/wp-content\/uploads\/usu49\/2018\/04\/IMG-20180425-WA0012-1024x768.jpg 1024w, https:\/\/agora.xtec.cat\/ceip-catalunya-sc\/wp-content\/uploads\/usu49\/2018\/04\/IMG-20180425-WA0012-200x150.jpg 200w, https:\/\/agora.xtec.cat\/ceip-catalunya-sc\/wp-content\/uploads\/usu49\/2018\/04\/IMG-20180425-WA0012.jpg 1600w\" sizes=\"auto, (max-width: 300px) 100vw, 300px\" \/><\/a>Resulta que les fam\u00edlies ens han regalat una incubadora! i per a qu\u00e8 servir\u00e0?. Doncs tenim la sort que en uns dies ens arribaran uns ous&#8230; i provarem de posar-los a dins&#8230; a veure qu\u00e8 passar\u00e0!. N&#8217;hi ha que diuen que sortiran pollets, i n&#8217;hi ha que diuen que farem truites! Tot pot ser&#8230;<\/p>\n<p>&nbsp;<\/p>\n<p><a href=\"http:\/\/agora.xtec.cat\/ceip-catalunya-sc\/wp-content\/uploads\/usu49\/2018\/04\/IMG-20180425-WA0014.jpg\"><img loading=\"lazy\" decoding=\"async\" class=\"alignnone size-medium wp-image-840\" src=\"http:\/\/agora.xtec.cat\/ceip-catalunya-sc\/wp-content\/uploads\/usu49\/2018\/04\/IMG-20180425-WA0014-300x225.jpg\" alt=\"\" width=\"300\" height=\"225\" srcset=\"https:\/\/agora.xtec.cat\/ceip-catalunya-sc\/wp-content\/uploads\/usu49\/2018\/04\/IMG-20180425-WA0014-300x225.jpg 300w, https:\/\/agora.xtec.cat\/ceip-catalunya-sc\/wp-content\/uploads\/usu49\/2018\/04\/IMG-20180425-WA0014-768x576.jpg 768w, https:\/\/agora.xtec.cat\/ceip-catalunya-sc\/wp-content\/uploads\/usu49\/2018\/04\/IMG-20180425-WA0014-1024x768.jpg 1024w, https:\/\/agora.xtec.cat\/ceip-catalunya-sc\/wp-content\/uploads\/usu49\/2018\/04\/IMG-20180425-WA0014-200x150.jpg 200w, https:\/\/agora.xtec.cat\/ceip-catalunya-sc\/wp-content\/uploads\/usu49\/2018\/04\/IMG-20180425-WA0014.jpg 1600w\" sizes=\"auto, (max-width: 300px) 100vw, 300px\" \/><\/a><\/p>\n<p>Sigui com sigui estem molt encuriosits per veure com funciona&#8230; a m\u00e9s, resulta que les instruccions estaven en angl\u00e8s i no ho enteniem tot, per sort entre l&#8217;ajuda d&#8217;uns i altres, i una nena de la classe que \u00e9s anglesa, hem sabut com es pot fer funcionar, que cal posar-hi aigua, que ha d&#8217;estar endollada&#8230;<\/p>\n<p>Ja us explicarem com evoluciona tot plegat!. Moltes gr\u00e0cies per aquest regal fam\u00edlies!!!. #sisumemmultipliquem #juntstreballemmillor<\/p>\n","protected":false},"excerpt":{"rendered":"<p>Fa uns dies les fam\u00edlies de p3 de l&#8217;escola van fer arribar una capsa misteriosa a la classe. Els nens i nenes s&#8217;ho van trobar en una capsa i van comen\u00e7ar a pensar qu\u00e8 podria ser all\u00f2&#8230;. Van anar fent hip\u00f2tesi i van sortir coses com &#8220;una torradora&#8221;, un aparell per fer massatges als peus, [&hellip;]<\/p>\n","protected":false},"author":1,"featured_media":841,"comment_status":"open","ping_status":"closed","sticky":false,"template":"","format":"standard","meta":{"_bbp_topic_count":0,"_bbp_reply_count":0,"_bbp_total_topic_count":0,"_bbp_total_reply_count":0,"_bbp_voice_count":0,"_bbp_anonymous_reply_count":0,"_bbp_topic_count_hidden":0,"_bbp_reply_count_hidden":0,"_bbp_forum_subforum_count":0,"site-sidebar-layout":"default","site-content-layout":"","ast-site-content-layout":"","site-content-style":"default","site-sidebar-style":"default","ast-global-header-display":"","ast-banner-title-visibility":"","ast-main-header-display":"","ast-hfb-above-header-display":"","ast-hfb-below-header-display":"","ast-hfb-mobile-header-display":"","site-post-title":"","ast-breadcrumbs-content":"","ast-featured-img":"","footer-sml-layout":"","theme-transparent-header-meta":"","adv-header-id-meta":"","stick-header-meta":"","header-above-stick-meta":"","header-main-stick-meta":"","header-below-stick-meta":"","astra-migrate-meta-layouts":"default","ast-page-background-enabled":"default","ast-page-background-meta":{"desktop":{"background-color":"var(--ast-global-color-4)","background-image":"","background-repeat":"repeat","background-position":"center center","background-size":"auto","background-attachment":"scroll","background-type":"","background-media":"","overlay-type":"","overlay-color":"","overlay-opacity":"","overlay-gradient":""},"tablet":{"background-color":"","background-image":"","background-repeat":"repeat","background-position":"center center","background-size":"auto","background-attachment":"scroll","background-type":"","background-media":"","overlay-type":"","overlay-color":"","overlay-opacity":"","overlay-gradient":""},"mobile":{"background-color":"","background-image":"","background-repeat":"repeat","background-position":"center center","background-size":"auto","background-attachment":"scroll","background-type":"","background-media":"","overlay-type":"","overlay-color":"","overlay-opacity":"","overlay-gradient":""}},"ast-content-background-meta":{"desktop":{"background-color":"var(--ast-global-color-5)","background-image":"","background-repeat":"repeat","background-position":"center center","background-size":"auto","background-attachment":"scroll","background-type":"","background-media":"","overlay-type":"","overlay-color":"","overlay-opacity":"","overlay-gradient":""},"tablet":{"background-color":"var(--ast-global-color-5)","background-image":"","background-repeat":"repeat","background-position":"center center","background-size":"auto","background-attachment":"scroll","background-type":"","background-media":"","overlay-type":"","overlay-color":"","overlay-opacity":"","overlay-gradient":""},"mobile":{"background-color":"var(--ast-global-color-5)","background-image":"","background-repeat":"repeat","background-position":"center center","background-size":"auto","background-attachment":"scroll","background-type":"","background-media":"","overlay-type":"","overlay-color":"","overlay-opacity":"","overlay-gradient":""}},"footnotes":""},"categories":[60,3,4],"tags":[],"class_list":["post-838","post","type-post","status-publish","format-standard","has-post-thumbnail","hentry","category-petits","category-p3","category-portada"],"post_mailing_queue_ids":[],"_links":{"self":[{"href":"https:\/\/agora.xtec.cat\/ceip-catalunya-sc\/wp-json\/wp\/v2\/posts\/838","targetHints":{"allow":["GET"]}}],"collection":[{"href":"https:\/\/agora.xtec.cat\/ceip-catalunya-sc\/wp-json\/wp\/v2\/posts"}],"about":[{"href":"https:\/\/agora.xtec.cat\/ceip-catalunya-sc\/wp-json\/wp\/v2\/types\/post"}],"author":[{"embeddable":true,"href":"https:\/\/agora.xtec.cat\/ceip-catalunya-sc\/wp-json\/wp\/v2\/users\/1"}],"replies":[{"embeddable":true,"href":"https:\/\/agora.xtec.cat\/ceip-catalunya-sc\/wp-json\/wp\/v2\/comments?post=838"}],"version-history":[{"count":1,"href":"https:\/\/agora.xtec.cat\/ceip-catalunya-sc\/wp-json\/wp\/v2\/posts\/838\/revisions"}],"predecessor-version":[{"id":842,"href":"https:\/\/agora.xtec.cat\/ceip-catalunya-sc\/wp-json\/wp\/v2\/posts\/838\/revisions\/842"}],"wp:featuredmedia":[{"embeddable":true,"href":"https:\/\/agora.xtec.cat\/ceip-catalunya-sc\/wp-json\/wp\/v2\/media\/841"}],"wp:attachment":[{"href":"https:\/\/agora.xtec.cat\/ceip-catalunya-sc\/wp-json\/wp\/v2\/media?parent=838"}],"wp:term":[{"taxonomy":"category","embeddable":true,"href":"https:\/\/agora.xtec.cat\/ceip-catalunya-sc\/wp-json\/wp\/v2\/categories?post=838"},{"taxonomy":"post_tag","embeddable":true,"href":"https:\/\/agora.xtec.cat\/ceip-catalunya-sc\/wp-json\/wp\/v2\/tags?post=838"}],"curies":[{"name":"wp","href":"https:\/\/api.w.org\/{rel}","templated":true}]}}