{"id":826,"date":"2018-04-20T15:21:05","date_gmt":"2018-04-20T13:21:05","guid":{"rendered":"http:\/\/agora.xtec.cat\/ceip-catalunya-sc\/?p=826"},"modified":"2018-04-20T15:21:05","modified_gmt":"2018-04-20T13:21:05","slug":"tancament-de-la-marato-energetica","status":"publish","type":"post","link":"https:\/\/agora.xtec.cat\/ceip-catalunya-sc\/portada\/tancament-de-la-marato-energetica\/","title":{"rendered":"Tancament de la marat\u00f3 energ\u00e8tica"},"content":{"rendered":"<p>Dilluns passat els delegats i delegades de 4t, 5\u00e8 i 6\u00e8 van anar a l&#8217;ajuntament a presentar el treball que hem fet des de l&#8217;escola per a la Marat\u00f3 d&#8217;estalvi energ\u00e8tic que hem fet durant el mes de mar\u00e7.<\/p>\n<p>A l&#8217;acte hi van assistir la tinent d&#8217;alcalde, el regidor de medi ambient i una representant de serveis socials, a banda de nens i nenes de les escoles Joan Maragall, la Floresta i l&#8217;Olivera que tamb\u00e9 van participar de la marat\u00f3 d&#8217;estalvi.<\/p>\n<p>Ens van explicar que amb els diners estalviats l&#8217;any passat es va ajudar a 12 fam\u00edlies de Sant Cugat a fer front a les despeses de calefacci\u00f3. I que el segon any el que s&#8217;ha fet ha estat ajudar a fer repacions d&#8217;aixetes\u00a0 que perdien, tancaments, etc a un total de 10 fam\u00edlies m\u00e9s.<\/p>\n<p>L&#8217;estalvi que hem generat com a municipi ha estat:<\/p>\n<p>15,94\u20ac d&#8217;electricitat<\/p>\n<p>7,7% d&#8217;aigua<\/p>\n<p>3,06\u20ac de gas.<\/p>\n<p>Heu de pensar que hem passat un mes de febrer for\u00e7a fred, i tot i aix\u00ed hem aconseguit estalviar!<\/p>\n<p>Durant la nostra exposici\u00f3 vam explicar com ho hem fet per comptar l&#8217;aigua que gastem en un dia a l&#8217;escola o identificar tots els aparells que gasten electricitat aix\u00ed com tamb\u00e9 algunes de les mesures que hem portat a les reunions de delegats i que hem acabat acordant com a escola: encarregats de llum i calefacci\u00f3, portar ampolles i beure de gerres enlloc de veure de l&#8217;aixeta directament, tancar finestres i obrir portes per ventilar, entre d&#8217;altres.<\/p>\n<p>Participar-hi ens ha servit per fer una primera diagnosi i saber qu\u00e8 i com consumim energia a l&#8217;escola. Valorarem tornar-hi a participar a les properes edicions!.\u00a0<a href=\"http:\/\/agora.xtec.cat\/ceip-catalunya-sc\/wp-content\/uploads\/usu49\/2018\/04\/IMG_20180416_100340_469.jpg\"><img loading=\"lazy\" decoding=\"async\" class=\"alignnone size-medium wp-image-828\" src=\"http:\/\/agora.xtec.cat\/ceip-catalunya-sc\/wp-content\/uploads\/usu49\/2018\/04\/IMG_20180416_100340_469-300x225.jpg\" alt=\"\" width=\"300\" height=\"225\" srcset=\"https:\/\/agora.xtec.cat\/ceip-catalunya-sc\/wp-content\/uploads\/usu49\/2018\/04\/IMG_20180416_100340_469-300x225.jpg 300w, https:\/\/agora.xtec.cat\/ceip-catalunya-sc\/wp-content\/uploads\/usu49\/2018\/04\/IMG_20180416_100340_469-768x576.jpg 768w, https:\/\/agora.xtec.cat\/ceip-catalunya-sc\/wp-content\/uploads\/usu49\/2018\/04\/IMG_20180416_100340_469-1024x768.jpg 1024w, https:\/\/agora.xtec.cat\/ceip-catalunya-sc\/wp-content\/uploads\/usu49\/2018\/04\/IMG_20180416_100340_469-200x150.jpg 200w\" sizes=\"auto, (max-width: 300px) 100vw, 300px\" \/><\/a> <a href=\"http:\/\/agora.xtec.cat\/ceip-catalunya-sc\/wp-content\/uploads\/usu49\/2018\/04\/IMG_20180416_092304_278.jpg\"><img loading=\"lazy\" decoding=\"async\" class=\"alignnone size-medium wp-image-829\" src=\"http:\/\/agora.xtec.cat\/ceip-catalunya-sc\/wp-content\/uploads\/usu49\/2018\/04\/IMG_20180416_092304_278-300x225.jpg\" alt=\"\" width=\"300\" height=\"225\" srcset=\"https:\/\/agora.xtec.cat\/ceip-catalunya-sc\/wp-content\/uploads\/usu49\/2018\/04\/IMG_20180416_092304_278-300x225.jpg 300w, https:\/\/agora.xtec.cat\/ceip-catalunya-sc\/wp-content\/uploads\/usu49\/2018\/04\/IMG_20180416_092304_278-768x576.jpg 768w, https:\/\/agora.xtec.cat\/ceip-catalunya-sc\/wp-content\/uploads\/usu49\/2018\/04\/IMG_20180416_092304_278-1024x768.jpg 1024w, https:\/\/agora.xtec.cat\/ceip-catalunya-sc\/wp-content\/uploads\/usu49\/2018\/04\/IMG_20180416_092304_278-200x150.jpg 200w\" sizes=\"auto, (max-width: 300px) 100vw, 300px\" \/><\/a><\/p>\n","protected":false},"excerpt":{"rendered":"<p>Dilluns passat els delegats i delegades de 4t, 5\u00e8 i 6\u00e8 van anar a l&#8217;ajuntament a presentar el treball que hem fet des de l&#8217;escola per a la Marat\u00f3 d&#8217;estalvi energ\u00e8tic que hem fet durant el mes de mar\u00e7. A l&#8217;acte hi van assistir la tinent d&#8217;alcalde, el regidor de medi ambient i una representant [&hellip;]<\/p>\n","protected":false},"author":1,"featured_media":827,"comment_status":"open","ping_status":"closed","sticky":false,"template":"","format":"standard","meta":{"_bbp_topic_count":0,"_bbp_reply_count":0,"_bbp_total_topic_count":0,"_bbp_total_reply_count":0,"_bbp_voice_count":0,"_bbp_anonymous_reply_count":0,"_bbp_topic_count_hidden":0,"_bbp_reply_count_hidden":0,"_bbp_forum_subforum_count":0,"site-sidebar-layout":"default","site-content-layout":"","ast-site-content-layout":"","site-content-style":"default","site-sidebar-style":"default","ast-global-header-display":"","ast-banner-title-visibility":"","ast-main-header-display":"","ast-hfb-above-header-display":"","ast-hfb-below-header-display":"","ast-hfb-mobile-header-display":"","site-post-title":"","ast-breadcrumbs-content":"","ast-featured-img":"","footer-sml-layout":"","theme-transparent-header-meta":"","adv-header-id-meta":"","stick-header-meta":"","header-above-stick-meta":"","header-main-stick-meta":"","header-below-stick-meta":"","astra-migrate-meta-layouts":"default","ast-page-background-enabled":"default","ast-page-background-meta":{"desktop":{"background-color":"var(--ast-global-color-4)","background-image":"","background-repeat":"repeat","background-position":"center center","background-size":"auto","background-attachment":"scroll","background-type":"","background-media":"","overlay-type":"","overlay-color":"","overlay-opacity":"","overlay-gradient":""},"tablet":{"background-color":"","background-image":"","background-repeat":"repeat","background-position":"center center","background-size":"auto","background-attachment":"scroll","background-type":"","background-media":"","overlay-type":"","overlay-color":"","overlay-opacity":"","overlay-gradient":""},"mobile":{"background-color":"","background-image":"","background-repeat":"repeat","background-position":"center center","background-size":"auto","background-attachment":"scroll","background-type":"","background-media":"","overlay-type":"","overlay-color":"","overlay-opacity":"","overlay-gradient":""}},"ast-content-background-meta":{"desktop":{"background-color":"var(--ast-global-color-5)","background-image":"","background-repeat":"repeat","background-position":"center center","background-size":"auto","background-attachment":"scroll","background-type":"","background-media":"","overlay-type":"","overlay-color":"","overlay-opacity":"","overlay-gradient":""},"tablet":{"background-color":"var(--ast-global-color-5)","background-image":"","background-repeat":"repeat","background-position":"center center","background-size":"auto","background-attachment":"scroll","background-type":"","background-media":"","overlay-type":"","overlay-color":"","overlay-opacity":"","overlay-gradient":""},"mobile":{"background-color":"var(--ast-global-color-5)","background-image":"","background-repeat":"repeat","background-position":"center center","background-size":"auto","background-attachment":"scroll","background-type":"","background-media":"","overlay-type":"","overlay-color":"","overlay-opacity":"","overlay-gradient":""}},"footnotes":""},"categories":[4],"tags":[],"class_list":["post-826","post","type-post","status-publish","format-standard","has-post-thumbnail","hentry","category-portada"],"post_mailing_queue_ids":[],"_links":{"self":[{"href":"https:\/\/agora.xtec.cat\/ceip-catalunya-sc\/wp-json\/wp\/v2\/posts\/826","targetHints":{"allow":["GET"]}}],"collection":[{"href":"https:\/\/agora.xtec.cat\/ceip-catalunya-sc\/wp-json\/wp\/v2\/posts"}],"about":[{"href":"https:\/\/agora.xtec.cat\/ceip-catalunya-sc\/wp-json\/wp\/v2\/types\/post"}],"author":[{"embeddable":true,"href":"https:\/\/agora.xtec.cat\/ceip-catalunya-sc\/wp-json\/wp\/v2\/users\/1"}],"replies":[{"embeddable":true,"href":"https:\/\/agora.xtec.cat\/ceip-catalunya-sc\/wp-json\/wp\/v2\/comments?post=826"}],"version-history":[{"count":1,"href":"https:\/\/agora.xtec.cat\/ceip-catalunya-sc\/wp-json\/wp\/v2\/posts\/826\/revisions"}],"predecessor-version":[{"id":830,"href":"https:\/\/agora.xtec.cat\/ceip-catalunya-sc\/wp-json\/wp\/v2\/posts\/826\/revisions\/830"}],"wp:featuredmedia":[{"embeddable":true,"href":"https:\/\/agora.xtec.cat\/ceip-catalunya-sc\/wp-json\/wp\/v2\/media\/827"}],"wp:attachment":[{"href":"https:\/\/agora.xtec.cat\/ceip-catalunya-sc\/wp-json\/wp\/v2\/media?parent=826"}],"wp:term":[{"taxonomy":"category","embeddable":true,"href":"https:\/\/agora.xtec.cat\/ceip-catalunya-sc\/wp-json\/wp\/v2\/categories?post=826"},{"taxonomy":"post_tag","embeddable":true,"href":"https:\/\/agora.xtec.cat\/ceip-catalunya-sc\/wp-json\/wp\/v2\/tags?post=826"}],"curies":[{"name":"wp","href":"https:\/\/api.w.org\/{rel}","templated":true}]}}