{"id":800,"date":"2018-03-23T13:37:43","date_gmt":"2018-03-23T12:37:43","guid":{"rendered":"http:\/\/agora.xtec.cat\/ceip-catalunya-sc\/?p=800"},"modified":"2018-03-23T13:37:43","modified_gmt":"2018-03-23T12:37:43","slug":"el-nostre-repte-de-la-bibliorevolucio","status":"publish","type":"post","link":"https:\/\/agora.xtec.cat\/ceip-catalunya-sc\/general\/el-nostre-repte-de-la-bibliorevolucio\/","title":{"rendered":"El nostre repte de la #bibliorevoluci\u00f3"},"content":{"rendered":"<p>Com ja us hem anat informant, des de l&#8217;escola hem estat acceptats al repte de la #bibliorevoluci\u00f3 de la Fundaci\u00f3 Bofill.<\/p>\n<p>Aquest repte, com a punt de partida, ens ha portat a fer una diagnosi de la biblioteca (espais, usos, fons, gesti\u00f3, an\u00e0lisi de la col\u00b7lecci\u00f3, de les accions de mediaci\u00f3&#8230;)<\/p>\n<p>Una vegada feta la diagnosi hem plantejat el nostre repte com a escola! Ens proposem:<\/p>\n<p>&#8220;<span style=\"font-size: 24pt;\"><strong>Com podr\u00edem convertir la biblioteca en un laboratori de noves experi\u00e8ncies de lectura i aprenentatge per a que faciliti la innovaci\u00f3 pedag\u00f2gica i la cohesi\u00f3 de tots els agents de la comunitat educativa?<\/strong><\/span>&#8220;.<\/p>\n<p>En aquest repte volem comptar amb tota la comunitat que forma l&#8217;escola i per fer-ho els seg\u00fcents passos que farem seran la recollida d&#8217;informaci\u00f3 i el plantejament de noves formes per resoldre el repte. Per promoure la participaci\u00f3 dels infants, fam\u00edlies i professorat penjarem un mural al vest\u00edbul\u00a0de l&#8217;edifici de prim\u00e0ria on podreu donar-nos la vostra opini\u00f3.<\/p>\n<p>Per anar-vos informant dels passos que fem des del grup impulsor (la comissi\u00f3 mixta de biblioteca), aix\u00ed com tamb\u00e9 de com podeu participar-hi, us informarem via butllet\u00ed i p\u00e0gina web.<\/p>\n<p>Aix\u00ed que estigueu atens a les novetats!.<\/p>\n","protected":false},"excerpt":{"rendered":"<p>Com ja us hem anat informant, des de l&#8217;escola hem estat acceptats al repte de la #bibliorevoluci\u00f3 de la Fundaci\u00f3 Bofill. Aquest repte, com a punt de partida, ens ha portat a fer una diagnosi de la biblioteca (espais, usos, fons, gesti\u00f3, an\u00e0lisi de la col\u00b7lecci\u00f3, de les accions de mediaci\u00f3&#8230;) Una vegada feta la [&hellip;]<\/p>\n","protected":false},"author":1,"featured_media":0,"comment_status":"open","ping_status":"closed","sticky":false,"template":"","format":"standard","meta":{"_bbp_topic_count":0,"_bbp_reply_count":0,"_bbp_total_topic_count":0,"_bbp_total_reply_count":0,"_bbp_voice_count":0,"_bbp_anonymous_reply_count":0,"_bbp_topic_count_hidden":0,"_bbp_reply_count_hidden":0,"_bbp_forum_subforum_count":0,"site-sidebar-layout":"default","site-content-layout":"","ast-site-content-layout":"","site-content-style":"default","site-sidebar-style":"default","ast-global-header-display":"","ast-banner-title-visibility":"","ast-main-header-display":"","ast-hfb-above-header-display":"","ast-hfb-below-header-display":"","ast-hfb-mobile-header-display":"","site-post-title":"","ast-breadcrumbs-content":"","ast-featured-img":"","footer-sml-layout":"","theme-transparent-header-meta":"","adv-header-id-meta":"","stick-header-meta":"","header-above-stick-meta":"","header-main-stick-meta":"","header-below-stick-meta":"","astra-migrate-meta-layouts":"default","ast-page-background-enabled":"default","ast-page-background-meta":{"desktop":{"background-color":"var(--ast-global-color-4)","background-image":"","background-repeat":"repeat","background-position":"center center","background-size":"auto","background-attachment":"scroll","background-type":"","background-media":"","overlay-type":"","overlay-color":"","overlay-opacity":"","overlay-gradient":""},"tablet":{"background-color":"","background-image":"","background-repeat":"repeat","background-position":"center center","background-size":"auto","background-attachment":"scroll","background-type":"","background-media":"","overlay-type":"","overlay-color":"","overlay-opacity":"","overlay-gradient":""},"mobile":{"background-color":"","background-image":"","background-repeat":"repeat","background-position":"center center","background-size":"auto","background-attachment":"scroll","background-type":"","background-media":"","overlay-type":"","overlay-color":"","overlay-opacity":"","overlay-gradient":""}},"ast-content-background-meta":{"desktop":{"background-color":"var(--ast-global-color-5)","background-image":"","background-repeat":"repeat","background-position":"center center","background-size":"auto","background-attachment":"scroll","background-type":"","background-media":"","overlay-type":"","overlay-color":"","overlay-opacity":"","overlay-gradient":""},"tablet":{"background-color":"var(--ast-global-color-5)","background-image":"","background-repeat":"repeat","background-position":"center center","background-size":"auto","background-attachment":"scroll","background-type":"","background-media":"","overlay-type":"","overlay-color":"","overlay-opacity":"","overlay-gradient":""},"mobile":{"background-color":"var(--ast-global-color-5)","background-image":"","background-repeat":"repeat","background-position":"center center","background-size":"auto","background-attachment":"scroll","background-type":"","background-media":"","overlay-type":"","overlay-color":"","overlay-opacity":"","overlay-gradient":""}},"footnotes":""},"categories":[7,1,4],"tags":[],"class_list":["post-800","post","type-post","status-publish","format-standard","hentry","category-ampa","category-general","category-portada"],"post_mailing_queue_ids":[],"_links":{"self":[{"href":"https:\/\/agora.xtec.cat\/ceip-catalunya-sc\/wp-json\/wp\/v2\/posts\/800","targetHints":{"allow":["GET"]}}],"collection":[{"href":"https:\/\/agora.xtec.cat\/ceip-catalunya-sc\/wp-json\/wp\/v2\/posts"}],"about":[{"href":"https:\/\/agora.xtec.cat\/ceip-catalunya-sc\/wp-json\/wp\/v2\/types\/post"}],"author":[{"embeddable":true,"href":"https:\/\/agora.xtec.cat\/ceip-catalunya-sc\/wp-json\/wp\/v2\/users\/1"}],"replies":[{"embeddable":true,"href":"https:\/\/agora.xtec.cat\/ceip-catalunya-sc\/wp-json\/wp\/v2\/comments?post=800"}],"version-history":[{"count":1,"href":"https:\/\/agora.xtec.cat\/ceip-catalunya-sc\/wp-json\/wp\/v2\/posts\/800\/revisions"}],"predecessor-version":[{"id":801,"href":"https:\/\/agora.xtec.cat\/ceip-catalunya-sc\/wp-json\/wp\/v2\/posts\/800\/revisions\/801"}],"wp:attachment":[{"href":"https:\/\/agora.xtec.cat\/ceip-catalunya-sc\/wp-json\/wp\/v2\/media?parent=800"}],"wp:term":[{"taxonomy":"category","embeddable":true,"href":"https:\/\/agora.xtec.cat\/ceip-catalunya-sc\/wp-json\/wp\/v2\/categories?post=800"},{"taxonomy":"post_tag","embeddable":true,"href":"https:\/\/agora.xtec.cat\/ceip-catalunya-sc\/wp-json\/wp\/v2\/tags?post=800"}],"curies":[{"name":"wp","href":"https:\/\/api.w.org\/{rel}","templated":true}]}}