{"id":732,"date":"2018-03-09T09:42:11","date_gmt":"2018-03-09T08:42:11","guid":{"rendered":"http:\/\/agora.xtec.cat\/ceip-catalunya-sc\/?p=732"},"modified":"2018-03-09T12:27:27","modified_gmt":"2018-03-09T11:27:27","slug":"bibliorevolucio","status":"publish","type":"post","link":"https:\/\/agora.xtec.cat\/ceip-catalunya-sc\/portada\/bibliorevolucio\/","title":{"rendered":"Bibliorevoluci\u00f3"},"content":{"rendered":"<p>A l&#8217;escola estem de celebraci\u00f3!. Des de la comissi\u00f3 de fam\u00edlies va sorgir la voluntat de presentar-nos al projecte Bibliorevoluci\u00f3 de la Fundaci\u00f3 Bofill, vam valorar-ho i vam decidir provar sort!.<\/p>\n<p>Doncs de sort n&#8217;hem tingut perqu\u00e8 la nostra escola est\u00e0 entre les 30 que rebran la mentoria d&#8217;una persona especialista en biblioteca escolar, per poder-ne repensar els usos, espais, replantejar el projecte, etc. Hem estat seleccionats d&#8217;entre 150 centres que s&#8217;hi han presentat i aix\u00f2 \u00e9s gr\u00e0cies a la bona feina que s&#8217;ha fet a la biblioteca de l&#8217;escola des de sempre!.<\/p>\n<p>A partir d&#8217;ara haurem de treballar de valent amb el grup impulsor (format per fam\u00edlies, mestres i personal t\u00e8cnic) per poder presentar una proposta de &#8220;Revoluci\u00f3&#8221; a finals de maig. Avui divendres el grup impulsor es reuneix per primera vegada, aix\u00ed que us anirem informant via web i via twiter de l&#8217;evoluci\u00f3 de la nostra bibliorevoluci\u00f3!.<\/p>\n<p>Si voleu saber una mica m\u00e9s del projecte que ens plantegen, teniu la informaci\u00f3<a href=\"http:\/\/educaciodema.cat\/crides\/bibliorevolucio\/bibliorevolucio\"> aqu\u00ed<\/a>. i amb el #bibliorevolucio tamb\u00e9 ens podeu seguir a twiter!<\/p>\n<p>Hem sortit al Cugat.cat, <a href=\"http:\/\/www.cugat.cat\/noticies\/societat\/135000\/l_escola-catalunya-concursa-al-projecte-_biblio%2528r%2529evolucio_-de-la-fundacio-bofill\">aqu\u00ed teniu la not\u00edcia!<\/a><\/p>\n","protected":false},"excerpt":{"rendered":"<p>A l&#8217;escola estem de celebraci\u00f3!. Des de la comissi\u00f3 de fam\u00edlies va sorgir la voluntat de presentar-nos al projecte Bibliorevoluci\u00f3 de la Fundaci\u00f3 Bofill, vam valorar-ho i vam decidir provar sort!. Doncs de sort n&#8217;hem tingut perqu\u00e8 la nostra escola est\u00e0 entre les 30 que rebran la mentoria d&#8217;una persona especialista en biblioteca escolar, per [&hellip;]<\/p>\n","protected":false},"author":1,"featured_media":733,"comment_status":"open","ping_status":"closed","sticky":false,"template":"","format":"standard","meta":{"_bbp_topic_count":0,"_bbp_reply_count":0,"_bbp_total_topic_count":0,"_bbp_total_reply_count":0,"_bbp_voice_count":0,"_bbp_anonymous_reply_count":0,"_bbp_topic_count_hidden":0,"_bbp_reply_count_hidden":0,"_bbp_forum_subforum_count":0,"site-sidebar-layout":"default","site-content-layout":"","ast-site-content-layout":"","site-content-style":"default","site-sidebar-style":"default","ast-global-header-display":"","ast-banner-title-visibility":"","ast-main-header-display":"","ast-hfb-above-header-display":"","ast-hfb-below-header-display":"","ast-hfb-mobile-header-display":"","site-post-title":"","ast-breadcrumbs-content":"","ast-featured-img":"","footer-sml-layout":"","theme-transparent-header-meta":"","adv-header-id-meta":"","stick-header-meta":"","header-above-stick-meta":"","header-main-stick-meta":"","header-below-stick-meta":"","astra-migrate-meta-layouts":"default","ast-page-background-enabled":"default","ast-page-background-meta":{"desktop":{"background-color":"var(--ast-global-color-4)","background-image":"","background-repeat":"repeat","background-position":"center center","background-size":"auto","background-attachment":"scroll","background-type":"","background-media":"","overlay-type":"","overlay-color":"","overlay-opacity":"","overlay-gradient":""},"tablet":{"background-color":"","background-image":"","background-repeat":"repeat","background-position":"center center","background-size":"auto","background-attachment":"scroll","background-type":"","background-media":"","overlay-type":"","overlay-color":"","overlay-opacity":"","overlay-gradient":""},"mobile":{"background-color":"","background-image":"","background-repeat":"repeat","background-position":"center center","background-size":"auto","background-attachment":"scroll","background-type":"","background-media":"","overlay-type":"","overlay-color":"","overlay-opacity":"","overlay-gradient":""}},"ast-content-background-meta":{"desktop":{"background-color":"var(--ast-global-color-5)","background-image":"","background-repeat":"repeat","background-position":"center center","background-size":"auto","background-attachment":"scroll","background-type":"","background-media":"","overlay-type":"","overlay-color":"","overlay-opacity":"","overlay-gradient":""},"tablet":{"background-color":"var(--ast-global-color-5)","background-image":"","background-repeat":"repeat","background-position":"center center","background-size":"auto","background-attachment":"scroll","background-type":"","background-media":"","overlay-type":"","overlay-color":"","overlay-opacity":"","overlay-gradient":""},"mobile":{"background-color":"var(--ast-global-color-5)","background-image":"","background-repeat":"repeat","background-position":"center center","background-size":"auto","background-attachment":"scroll","background-type":"","background-media":"","overlay-type":"","overlay-color":"","overlay-opacity":"","overlay-gradient":""}},"footnotes":""},"categories":[4],"tags":[],"class_list":["post-732","post","type-post","status-publish","format-standard","has-post-thumbnail","hentry","category-portada"],"post_mailing_queue_ids":[],"_links":{"self":[{"href":"https:\/\/agora.xtec.cat\/ceip-catalunya-sc\/wp-json\/wp\/v2\/posts\/732","targetHints":{"allow":["GET"]}}],"collection":[{"href":"https:\/\/agora.xtec.cat\/ceip-catalunya-sc\/wp-json\/wp\/v2\/posts"}],"about":[{"href":"https:\/\/agora.xtec.cat\/ceip-catalunya-sc\/wp-json\/wp\/v2\/types\/post"}],"author":[{"embeddable":true,"href":"https:\/\/agora.xtec.cat\/ceip-catalunya-sc\/wp-json\/wp\/v2\/users\/1"}],"replies":[{"embeddable":true,"href":"https:\/\/agora.xtec.cat\/ceip-catalunya-sc\/wp-json\/wp\/v2\/comments?post=732"}],"version-history":[{"count":3,"href":"https:\/\/agora.xtec.cat\/ceip-catalunya-sc\/wp-json\/wp\/v2\/posts\/732\/revisions"}],"predecessor-version":[{"id":744,"href":"https:\/\/agora.xtec.cat\/ceip-catalunya-sc\/wp-json\/wp\/v2\/posts\/732\/revisions\/744"}],"wp:featuredmedia":[{"embeddable":true,"href":"https:\/\/agora.xtec.cat\/ceip-catalunya-sc\/wp-json\/wp\/v2\/media\/733"}],"wp:attachment":[{"href":"https:\/\/agora.xtec.cat\/ceip-catalunya-sc\/wp-json\/wp\/v2\/media?parent=732"}],"wp:term":[{"taxonomy":"category","embeddable":true,"href":"https:\/\/agora.xtec.cat\/ceip-catalunya-sc\/wp-json\/wp\/v2\/categories?post=732"},{"taxonomy":"post_tag","embeddable":true,"href":"https:\/\/agora.xtec.cat\/ceip-catalunya-sc\/wp-json\/wp\/v2\/tags?post=732"}],"curies":[{"name":"wp","href":"https:\/\/api.w.org\/{rel}","templated":true}]}}