{"id":674,"date":"2018-02-08T15:35:26","date_gmt":"2018-02-08T14:35:26","guid":{"rendered":"http:\/\/agora.xtec.cat\/ceip-catalunya-sc\/?p=674"},"modified":"2018-02-08T15:36:27","modified_gmt":"2018-02-08T14:36:27","slug":"marato-energetica-engegada","status":"publish","type":"post","link":"https:\/\/agora.xtec.cat\/ceip-catalunya-sc\/general\/marato-energetica-engegada\/","title":{"rendered":"Marat\u00f3 energ\u00e8tica engegada!"},"content":{"rendered":"<p>Com ja us hem anat explicant al butllet\u00ed, l&#8217;escola aquest curs participa de la Marat\u00f3 energ\u00e8tica\u00a0<a href=\"http:\/\/agora.xtec.cat\/ceip-catalunya-sc\/wp-content\/uploads\/usu49\/2018\/01\/marat\u00f3-energ\u00e8tica.jpg\"><img loading=\"lazy\" decoding=\"async\" class=\"alignnone size-medium wp-image-636\" src=\"http:\/\/agora.xtec.cat\/ceip-catalunya-sc\/wp-content\/uploads\/usu49\/2018\/01\/marat\u00f3-energ\u00e8tica-300x188.jpg\" alt=\"\" width=\"300\" height=\"188\" srcset=\"https:\/\/agora.xtec.cat\/ceip-catalunya-sc\/wp-content\/uploads\/usu49\/2018\/01\/marat\u00f3-energ\u00e8tica-300x188.jpg 300w, https:\/\/agora.xtec.cat\/ceip-catalunya-sc\/wp-content\/uploads\/usu49\/2018\/01\/marat\u00f3-energ\u00e8tica.jpg 415w\" sizes=\"auto, (max-width: 300px) 100vw, 300px\" \/><\/a>\u00a0emmarcada dins el projecte de reducci\u00f3 d&#8217;emissions i d&#8217;efici\u00e8ncia energ\u00e8tica de l&#8217;ajuntament de Sant Cugat.<\/p>\n<p>L&#8217;objectiu de la Marat\u00f3 \u00e9s reduir el consum energ\u00e8tic i donar aquest estalvi fet durant el mes de febrer, a projectes de pobresa energ\u00e8tica.<\/p>\n<p>Des de l&#8217;escola pensem que aquesta marat\u00f3 m\u00e9s enll\u00e0 de l&#8217;estalvi puntual que fem per participar a la marat\u00f3, cal que ens faci ser conscients del malbaratament que fem de l&#8217;energia que utilitzem a l&#8217;escola (aigua, llum i calefacci\u00f3). La setmana passada vam fer una diagnosi fent un seguiment de les temperatures de les aules, mirant quan i com gastem aigua i fent medicions de lumens a les aules.<\/p>\n<p>Avui els delegats de cada grup de prim\u00e0ria ens trobem perqu\u00e8, una vegada hem vist que hi ha moments en qu\u00e8 a les aules fa molta calor i hem d&#8217;obrir finestres, moments en qu\u00e8 quan ens rentem les mans tenim aigua rajant que es malgasta i no necessitem o moments en qu\u00e8 els llums estan oberts quan potser no \u00e9s necessari, entre d&#8217;altres coses, siguem capa\u00e7os de prendre decisions de millora de l&#8217;efici\u00e8ncia energ\u00e8tica.<\/p>\n<p>En aquesta trobada estem valorant d&#8217;on surt l&#8217;energia, quines actuacions podem fer per evitar malbaratar-la i estem prenent acords d&#8217;escola que portarem a les nostres aules per tirar endavant algunes accions que han sortit dels alumnes com: veure amb gots\/ampolles, no jugar amb l&#8217;aigua quan ens rentem les mans, baixar la calefacci\u00f3 quan fa calor (regulant horaris de la caldera) o fent que alg\u00fa sigui encarregat d&#8217;apagar els llums quan sortim, tancar les portes quan anem a pati, etc.<\/p>\n<p>El que volem \u00e9s que aquestes decisions, m\u00e9s enll\u00e0 del marc de la marat\u00f3, ens serveixin a tots per fer una escola m\u00e9s eficient i un planeta m\u00e9s sostenible!. Els infants de l&#8217;escola han detectat situacions de malbaratament i ells busquen solucions, per tant&#8230; esperem que aquests canvis siguin permanents, durables i prou significatius per esdevenir actituds tant a l&#8217;escola com a casa!.<\/p>\n<p>Comptem amb la vostra col\u00b7laboraci\u00f3 i suport per explicar i parlar d&#8217;energies, per parlar d&#8217;estalvi, per mostrar inter\u00e8s sobre el que fem&#8230; i quan tinguem l&#8217;exposici\u00f3 feta al final de la marat\u00f3, per venir-la a veure amb els vostres fills i filles!.<\/p>\n<p>&nbsp;<\/p>\n","protected":false},"excerpt":{"rendered":"<p>Com ja us hem anat explicant al butllet\u00ed, l&#8217;escola aquest curs participa de la Marat\u00f3 energ\u00e8tica\u00a0\u00a0emmarcada dins el projecte de reducci\u00f3 d&#8217;emissions i d&#8217;efici\u00e8ncia energ\u00e8tica de l&#8217;ajuntament de Sant Cugat. L&#8217;objectiu de la Marat\u00f3 \u00e9s reduir el consum energ\u00e8tic i donar aquest estalvi fet durant el mes de febrer, a projectes de pobresa energ\u00e8tica. Des [&hellip;]<\/p>\n","protected":false},"author":1,"featured_media":675,"comment_status":"open","ping_status":"closed","sticky":false,"template":"","format":"standard","meta":{"_bbp_topic_count":0,"_bbp_reply_count":0,"_bbp_total_topic_count":0,"_bbp_total_reply_count":0,"_bbp_voice_count":0,"_bbp_anonymous_reply_count":0,"_bbp_topic_count_hidden":0,"_bbp_reply_count_hidden":0,"_bbp_forum_subforum_count":0,"site-sidebar-layout":"default","site-content-layout":"","ast-site-content-layout":"","site-content-style":"default","site-sidebar-style":"default","ast-global-header-display":"","ast-banner-title-visibility":"","ast-main-header-display":"","ast-hfb-above-header-display":"","ast-hfb-below-header-display":"","ast-hfb-mobile-header-display":"","site-post-title":"","ast-breadcrumbs-content":"","ast-featured-img":"","footer-sml-layout":"","theme-transparent-header-meta":"","adv-header-id-meta":"","stick-header-meta":"","header-above-stick-meta":"","header-main-stick-meta":"","header-below-stick-meta":"","astra-migrate-meta-layouts":"default","ast-page-background-enabled":"default","ast-page-background-meta":{"desktop":{"background-color":"var(--ast-global-color-4)","background-image":"","background-repeat":"repeat","background-position":"center center","background-size":"auto","background-attachment":"scroll","background-type":"","background-media":"","overlay-type":"","overlay-color":"","overlay-opacity":"","overlay-gradient":""},"tablet":{"background-color":"","background-image":"","background-repeat":"repeat","background-position":"center center","background-size":"auto","background-attachment":"scroll","background-type":"","background-media":"","overlay-type":"","overlay-color":"","overlay-opacity":"","overlay-gradient":""},"mobile":{"background-color":"","background-image":"","background-repeat":"repeat","background-position":"center center","background-size":"auto","background-attachment":"scroll","background-type":"","background-media":"","overlay-type":"","overlay-color":"","overlay-opacity":"","overlay-gradient":""}},"ast-content-background-meta":{"desktop":{"background-color":"var(--ast-global-color-5)","background-image":"","background-repeat":"repeat","background-position":"center center","background-size":"auto","background-attachment":"scroll","background-type":"","background-media":"","overlay-type":"","overlay-color":"","overlay-opacity":"","overlay-gradient":""},"tablet":{"background-color":"var(--ast-global-color-5)","background-image":"","background-repeat":"repeat","background-position":"center center","background-size":"auto","background-attachment":"scroll","background-type":"","background-media":"","overlay-type":"","overlay-color":"","overlay-opacity":"","overlay-gradient":""},"mobile":{"background-color":"var(--ast-global-color-5)","background-image":"","background-repeat":"repeat","background-position":"center center","background-size":"auto","background-attachment":"scroll","background-type":"","background-media":"","overlay-type":"","overlay-color":"","overlay-opacity":"","overlay-gradient":""}},"footnotes":""},"categories":[1,4,5],"tags":[],"class_list":["post-674","post","type-post","status-publish","format-standard","has-post-thumbnail","hentry","category-general","category-portada","category-primaria"],"post_mailing_queue_ids":[],"_links":{"self":[{"href":"https:\/\/agora.xtec.cat\/ceip-catalunya-sc\/wp-json\/wp\/v2\/posts\/674","targetHints":{"allow":["GET"]}}],"collection":[{"href":"https:\/\/agora.xtec.cat\/ceip-catalunya-sc\/wp-json\/wp\/v2\/posts"}],"about":[{"href":"https:\/\/agora.xtec.cat\/ceip-catalunya-sc\/wp-json\/wp\/v2\/types\/post"}],"author":[{"embeddable":true,"href":"https:\/\/agora.xtec.cat\/ceip-catalunya-sc\/wp-json\/wp\/v2\/users\/1"}],"replies":[{"embeddable":true,"href":"https:\/\/agora.xtec.cat\/ceip-catalunya-sc\/wp-json\/wp\/v2\/comments?post=674"}],"version-history":[{"count":1,"href":"https:\/\/agora.xtec.cat\/ceip-catalunya-sc\/wp-json\/wp\/v2\/posts\/674\/revisions"}],"predecessor-version":[{"id":676,"href":"https:\/\/agora.xtec.cat\/ceip-catalunya-sc\/wp-json\/wp\/v2\/posts\/674\/revisions\/676"}],"wp:featuredmedia":[{"embeddable":true,"href":"https:\/\/agora.xtec.cat\/ceip-catalunya-sc\/wp-json\/wp\/v2\/media\/675"}],"wp:attachment":[{"href":"https:\/\/agora.xtec.cat\/ceip-catalunya-sc\/wp-json\/wp\/v2\/media?parent=674"}],"wp:term":[{"taxonomy":"category","embeddable":true,"href":"https:\/\/agora.xtec.cat\/ceip-catalunya-sc\/wp-json\/wp\/v2\/categories?post=674"},{"taxonomy":"post_tag","embeddable":true,"href":"https:\/\/agora.xtec.cat\/ceip-catalunya-sc\/wp-json\/wp\/v2\/tags?post=674"}],"curies":[{"name":"wp","href":"https:\/\/api.w.org\/{rel}","templated":true}]}}