{"id":2407,"date":"2026-03-05T12:07:46","date_gmt":"2026-03-05T11:07:46","guid":{"rendered":"https:\/\/agora.xtec.cat\/ceip-catalunya-sc\/?p=2407"},"modified":"2026-03-05T12:07:46","modified_gmt":"2026-03-05T11:07:46","slug":"organitzacio-jornada-donacio-de-sang-alumnat-5e","status":"publish","type":"post","link":"https:\/\/agora.xtec.cat\/ceip-catalunya-sc\/general\/organitzacio-jornada-donacio-de-sang-alumnat-5e\/","title":{"rendered":"Organitzaci\u00f3 jornada donaci\u00f3 de sang alumnat 5\u00e8"},"content":{"rendered":"<div id=\"main\" tabindex=\"-1\" role=\"main\">\n<div class=\"wrapper site-min-height\">\n<div class=\"container\" data-v-6bc3846c=\"\">\n<section class=\"panel\" data-v-0bf49134=\"\" data-v-6bc3846c=\"\" aria-labelledby=\"uid-1238-title\">\n<div class=\"panel-body\" data-v-0bf49134=\"\">\n<div class=\"b-overlay-wrap position-relative\" data-v-0bf49134=\"\">\n<div data-v-6bc3846c=\"\">\n<p>&nbsp;<\/p>\n<p><img loading=\"lazy\" decoding=\"async\" class=\"alignleft wp-image-2408 size-thumbnail\" src=\"https:\/\/agora.xtec.cat\/ceip-catalunya-sc\/wp-content\/uploads\/usu49\/2026\/03\/donacio-sang-150x150.jpg\" alt=\"\" width=\"150\" height=\"150\" \/><\/p>\n<p>Benvolgudes fam\u00edlies,<\/p>\n<p>Ens plau posar-nos en contacte amb vosaltres per fer-vos part\u00edcips d&#8217;un projecte molt especial que estem duent a terme a l&#8217;escola. L&#8217;alumnat de\u00a0<strong>5\u00e8 de prim\u00e0ria<\/strong>, en el marc d&#8217;un projecte d&#8217;<strong>Aprenentatge i Servei (APS)<\/strong>\u00a0i en estreta col\u00b7laboraci\u00f3 amb el\u00a0<strong>Banc de Sang i Teixits<\/strong>, ha organitzat una jornada de donaci\u00f3 de sang al nostre centre.<\/p>\n<ul>\n<li><strong>Dia:<\/strong>\u00a0Dimecres, 11 de mar\u00e7.<\/li>\n<li><strong>Horari:<\/strong>\u00a0De 9:00 h a 13:00 h.<\/li>\n<li><strong>Lloc:\u00a0<\/strong>Biblioteca de l&#8217;Institut Escola Catalunya i sala d&#8217;estudi.<\/li>\n<\/ul>\n<p>Com sabeu, la sang no es pot fabricar i les donacions s\u00f3n vitals per als hospitals. Els nostres alumnes han apr\u00e8s tot el proc\u00e9s biol\u00f2gic i social que l&#8217;envolta i ara volen passar a l&#8217;acci\u00f3 per ajudar a salvar vides.<\/p>\n<p><strong>Com podeu col\u00b7laborar?<\/strong><\/p>\n<ol>\n<li><strong>Donant sang:<\/strong>\u00a0Si teniu bona salut, sou majors d&#8217;edat i peseu m\u00e9s de 50 kg, la vostra donaci\u00f3 \u00e9s el millor exemple per als nens i nenes.<\/li>\n<li><strong>Fent difusi\u00f3:<\/strong>\u00a0Compartiu el cartell que us adjuntem amb familiars, amics i ve\u00efns. Tothom hi \u00e9s benvingut!<\/li>\n<\/ol>\n<p><strong>Inscripci\u00f3 pr\u00e8via:<\/strong>\u00a0Per tal d&#8217;organitzar millor el flux de persones i evitar esperes, us demanem que us apunteu a trav\u00e9s del seg\u00fcent enlla\u00e7:\u00a0<a href=\"https:\/\/app.dinantia.com\/web\/system\/track_link\/POI7lkZm4Nx8\/20372455?original_url=https%3A%2F%2Fwww.bancsang.net%2Fca%2Fdonacions%2Fsang%2Frecollida%2Fpoblacio%2F9766%2Fsant-cugat-del-valles%2F11-03-2026%2F\" target=\"_blank\" rel=\"noreferrer noopener\">https:\/\/www.bancsang.net\/ca\/donacions\/sang\/recollida\/poblacio\/9766\/sant-cugat-del-valles\/11-03-2026\/<\/a><\/p>\n<p>Adjuntem tamb\u00e9 el\u00a0<strong>cartell oficial<\/strong>\u00a0dissenyat per l&#8217;alumnat, on trobareu tota la informaci\u00f3 visual resumida.<\/p>\n<p>Donar sang \u00e9s un gest senzill que t\u00e9 un impacte enorme. Us esperem el proper<strong>\u00a0dimecres 11 de mar\u00e7\u00a0<\/strong>per fer d&#8217;aquesta campanya un gran \u00e8xit col\u00b7lectiu!<\/p>\n<p>Moltes gr\u00e0cies per la vostra col\u00b7laboraci\u00f3 i pel vostre exemple.<\/p>\n<p>Cordialment,<\/p>\n<p><strong>L&#8217;equip docent de 5\u00e8 de Prim\u00e0ria<\/strong><\/p>\n<p>&nbsp;<\/p>\n<div class=\"upload-list\" data-v-79ab4480=\"\">\n<div class=\"previews d-flex flex-wrap align-items-end\" data-v-79ab4480=\"\"><\/div>\n<div class=\"files\" data-v-79ab4480=\"\"><\/div>\n<\/div>\n<\/div>\n<\/div>\n<\/div>\n<\/section>\n<\/div>\n<\/div>\n<\/div>\n<footer class=\"site-footer\">\n<div class=\"row text-center no-gutters\"><\/div>\n<\/footer>\n","protected":false},"excerpt":{"rendered":"<p>&nbsp; Benvolgudes fam\u00edlies, Ens plau posar-nos en contacte amb vosaltres per fer-vos part\u00edcips d&#8217;un projecte molt especial que estem duent a terme a l&#8217;escola. L&#8217;alumnat de\u00a05\u00e8 de prim\u00e0ria, en el marc d&#8217;un projecte d&#8217;Aprenentatge i Servei (APS)\u00a0i en estreta col\u00b7laboraci\u00f3 amb el\u00a0Banc de Sang i Teixits, ha organitzat una jornada de donaci\u00f3 de sang al [&hellip;]<\/p>\n","protected":false},"author":1,"featured_media":0,"comment_status":"open","ping_status":"open","sticky":false,"template":"","format":"standard","meta":{"_bbp_topic_count":0,"_bbp_reply_count":0,"_bbp_total_topic_count":0,"_bbp_total_reply_count":0,"_bbp_voice_count":0,"_bbp_anonymous_reply_count":0,"_bbp_topic_count_hidden":0,"_bbp_reply_count_hidden":0,"_bbp_forum_subforum_count":0,"site-sidebar-layout":"default","site-content-layout":"","ast-site-content-layout":"default","site-content-style":"default","site-sidebar-style":"default","ast-global-header-display":"","ast-banner-title-visibility":"","ast-main-header-display":"","ast-hfb-above-header-display":"","ast-hfb-below-header-display":"","ast-hfb-mobile-header-display":"","site-post-title":"","ast-breadcrumbs-content":"","ast-featured-img":"","footer-sml-layout":"","theme-transparent-header-meta":"default","adv-header-id-meta":"","stick-header-meta":"","header-above-stick-meta":"","header-main-stick-meta":"","header-below-stick-meta":"","astra-migrate-meta-layouts":"set","ast-page-background-enabled":"default","ast-page-background-meta":{"desktop":{"background-color":"var(--ast-global-color-4)","background-image":"","background-repeat":"repeat","background-position":"center center","background-size":"auto","background-attachment":"scroll","background-type":"","background-media":"","overlay-type":"","overlay-color":"","overlay-opacity":"","overlay-gradient":""},"tablet":{"background-color":"","background-image":"","background-repeat":"repeat","background-position":"center center","background-size":"auto","background-attachment":"scroll","background-type":"","background-media":"","overlay-type":"","overlay-color":"","overlay-opacity":"","overlay-gradient":""},"mobile":{"background-color":"","background-image":"","background-repeat":"repeat","background-position":"center center","background-size":"auto","background-attachment":"scroll","background-type":"","background-media":"","overlay-type":"","overlay-color":"","overlay-opacity":"","overlay-gradient":""}},"ast-content-background-meta":{"desktop":{"background-color":"var(--ast-global-color-5)","background-image":"","background-repeat":"repeat","background-position":"center center","background-size":"auto","background-attachment":"scroll","background-type":"","background-media":"","overlay-type":"","overlay-color":"","overlay-opacity":"","overlay-gradient":""},"tablet":{"background-color":"var(--ast-global-color-5)","background-image":"","background-repeat":"repeat","background-position":"center center","background-size":"auto","background-attachment":"scroll","background-type":"","background-media":"","overlay-type":"","overlay-color":"","overlay-opacity":"","overlay-gradient":""},"mobile":{"background-color":"var(--ast-global-color-5)","background-image":"","background-repeat":"repeat","background-position":"center center","background-size":"auto","background-attachment":"scroll","background-type":"","background-media":"","overlay-type":"","overlay-color":"","overlay-opacity":"","overlay-gradient":""}},"footnotes":""},"categories":[1],"tags":[],"class_list":["post-2407","post","type-post","status-publish","format-standard","hentry","category-general"],"post_mailing_queue_ids":[],"_links":{"self":[{"href":"https:\/\/agora.xtec.cat\/ceip-catalunya-sc\/wp-json\/wp\/v2\/posts\/2407","targetHints":{"allow":["GET"]}}],"collection":[{"href":"https:\/\/agora.xtec.cat\/ceip-catalunya-sc\/wp-json\/wp\/v2\/posts"}],"about":[{"href":"https:\/\/agora.xtec.cat\/ceip-catalunya-sc\/wp-json\/wp\/v2\/types\/post"}],"author":[{"embeddable":true,"href":"https:\/\/agora.xtec.cat\/ceip-catalunya-sc\/wp-json\/wp\/v2\/users\/1"}],"replies":[{"embeddable":true,"href":"https:\/\/agora.xtec.cat\/ceip-catalunya-sc\/wp-json\/wp\/v2\/comments?post=2407"}],"version-history":[{"count":1,"href":"https:\/\/agora.xtec.cat\/ceip-catalunya-sc\/wp-json\/wp\/v2\/posts\/2407\/revisions"}],"predecessor-version":[{"id":2409,"href":"https:\/\/agora.xtec.cat\/ceip-catalunya-sc\/wp-json\/wp\/v2\/posts\/2407\/revisions\/2409"}],"wp:attachment":[{"href":"https:\/\/agora.xtec.cat\/ceip-catalunya-sc\/wp-json\/wp\/v2\/media?parent=2407"}],"wp:term":[{"taxonomy":"category","embeddable":true,"href":"https:\/\/agora.xtec.cat\/ceip-catalunya-sc\/wp-json\/wp\/v2\/categories?post=2407"},{"taxonomy":"post_tag","embeddable":true,"href":"https:\/\/agora.xtec.cat\/ceip-catalunya-sc\/wp-json\/wp\/v2\/tags?post=2407"}],"curies":[{"name":"wp","href":"https:\/\/api.w.org\/{rel}","templated":true}]}}