{"id":2244,"date":"2025-03-13T12:28:29","date_gmt":"2025-03-13T11:28:29","guid":{"rendered":"https:\/\/agora.xtec.cat\/ceip-catalunya-sc\/?p=2244"},"modified":"2025-03-13T12:28:29","modified_gmt":"2025-03-13T11:28:29","slug":"informacio-places-i-proces-preinscripcio","status":"publish","type":"post","link":"https:\/\/agora.xtec.cat\/ceip-catalunya-sc\/general\/informacio-places-i-proces-preinscripcio\/","title":{"rendered":"INFORMACI\u00d3 PLACES I PROC\u00c9S PREINSCRIPCI\u00d3"},"content":{"rendered":"<p>Benvolgudes fam\u00edlies, en aquests enlla\u00e7os trobareu tota la informaci\u00f3 necess\u00e0ria per fer la preinscripci\u00f3. Disposeu de diferents tel\u00e8fons, tant de la Generalitat com de l&#8217;ajuntament per resoldre q\u00fcestions de procediment. Al centre podreu dirigir-vos per resoldre altres dubtes que tingueu.<\/p>\n<p>INFORMACI\u00d3 sobre la <strong>preinscripci\u00f3 i oferta de places<\/strong>.<\/p>\n<ol>\n<li><a href=\"https:\/\/drive.google.com\/file\/d\/1QMNvVnk9IhqD4NDZNt8Fn5Jld8ADy_W4\/view?usp=sharing\">Oferta inicial de places per l&#8217;institut escola Catalunya.\u00a0<\/a><\/li>\n<li><a href=\"https:\/\/preinscripcio.gencat.cat\/ca\/estudis\/infantil-3-6\/preinscriute\/sollicitud\/\">Informaci\u00f3 preinscripci\u00f3 Generalitat de Catalunya<\/a><\/li>\n<li><a href=\"https:\/\/www.santcugat.cat\/web\/preinscripcio-2025-2026\">Informaci\u00f3 preinscripci\u00f3 ajuntament de Sant Cugat del Vall\u00e8s.<\/a><\/li>\n<\/ol>\n<p>INFORMACI\u00d3 sobre el <strong>projecte educatiu<\/strong><\/p>\n<ul>\n<li><a href=\"https:\/\/prezi.com\/view\/X80pebV7G56a3cMxHhVl\/\">Presentaci\u00f3 que es va fer a les portes obertes<\/a><\/li>\n<li><a href=\"https:\/\/drive.google.com\/file\/d\/1LH-78ONk_BB69m4SGDf68X3RAq158Lw3\/view?usp=drive_link\">FAQ&#8217;s del Catalunya<\/a><\/li>\n<\/ul>\n","protected":false},"excerpt":{"rendered":"<p>Benvolgudes fam\u00edlies, en aquests enlla\u00e7os trobareu tota la informaci\u00f3 necess\u00e0ria per fer la preinscripci\u00f3. Disposeu de diferents tel\u00e8fons, tant de la Generalitat com de l&#8217;ajuntament per resoldre q\u00fcestions de procediment. Al centre podreu dirigir-vos per resoldre altres dubtes que tingueu. INFORMACI\u00d3 sobre la preinscripci\u00f3 i oferta de places. Oferta inicial de places per l&#8217;institut escola [&hellip;]<\/p>\n","protected":false},"author":1,"featured_media":0,"comment_status":"open","ping_status":"closed","sticky":false,"template":"","format":"standard","meta":{"_bbp_topic_count":0,"_bbp_reply_count":0,"_bbp_total_topic_count":0,"_bbp_total_reply_count":0,"_bbp_voice_count":0,"_bbp_anonymous_reply_count":0,"_bbp_topic_count_hidden":0,"_bbp_reply_count_hidden":0,"_bbp_forum_subforum_count":0,"site-sidebar-layout":"default","site-content-layout":"","ast-site-content-layout":"","site-content-style":"default","site-sidebar-style":"default","ast-global-header-display":"","ast-banner-title-visibility":"","ast-main-header-display":"","ast-hfb-above-header-display":"","ast-hfb-below-header-display":"","ast-hfb-mobile-header-display":"","site-post-title":"","ast-breadcrumbs-content":"","ast-featured-img":"","footer-sml-layout":"","theme-transparent-header-meta":"","adv-header-id-meta":"","stick-header-meta":"","header-above-stick-meta":"","header-main-stick-meta":"","header-below-stick-meta":"","astra-migrate-meta-layouts":"default","ast-page-background-enabled":"default","ast-page-background-meta":{"desktop":{"background-color":"var(--ast-global-color-4)","background-image":"","background-repeat":"repeat","background-position":"center center","background-size":"auto","background-attachment":"scroll","background-type":"","background-media":"","overlay-type":"","overlay-color":"","overlay-opacity":"","overlay-gradient":""},"tablet":{"background-color":"","background-image":"","background-repeat":"repeat","background-position":"center center","background-size":"auto","background-attachment":"scroll","background-type":"","background-media":"","overlay-type":"","overlay-color":"","overlay-opacity":"","overlay-gradient":""},"mobile":{"background-color":"","background-image":"","background-repeat":"repeat","background-position":"center center","background-size":"auto","background-attachment":"scroll","background-type":"","background-media":"","overlay-type":"","overlay-color":"","overlay-opacity":"","overlay-gradient":""}},"ast-content-background-meta":{"desktop":{"background-color":"var(--ast-global-color-5)","background-image":"","background-repeat":"repeat","background-position":"center center","background-size":"auto","background-attachment":"scroll","background-type":"","background-media":"","overlay-type":"","overlay-color":"","overlay-opacity":"","overlay-gradient":""},"tablet":{"background-color":"var(--ast-global-color-5)","background-image":"","background-repeat":"repeat","background-position":"center center","background-size":"auto","background-attachment":"scroll","background-type":"","background-media":"","overlay-type":"","overlay-color":"","overlay-opacity":"","overlay-gradient":""},"mobile":{"background-color":"var(--ast-global-color-5)","background-image":"","background-repeat":"repeat","background-position":"center center","background-size":"auto","background-attachment":"scroll","background-type":"","background-media":"","overlay-type":"","overlay-color":"","overlay-opacity":"","overlay-gradient":""}},"footnotes":""},"categories":[1],"tags":[],"class_list":["post-2244","post","type-post","status-publish","format-standard","hentry","category-general"],"post_mailing_queue_ids":[],"_links":{"self":[{"href":"https:\/\/agora.xtec.cat\/ceip-catalunya-sc\/wp-json\/wp\/v2\/posts\/2244","targetHints":{"allow":["GET"]}}],"collection":[{"href":"https:\/\/agora.xtec.cat\/ceip-catalunya-sc\/wp-json\/wp\/v2\/posts"}],"about":[{"href":"https:\/\/agora.xtec.cat\/ceip-catalunya-sc\/wp-json\/wp\/v2\/types\/post"}],"author":[{"embeddable":true,"href":"https:\/\/agora.xtec.cat\/ceip-catalunya-sc\/wp-json\/wp\/v2\/users\/1"}],"replies":[{"embeddable":true,"href":"https:\/\/agora.xtec.cat\/ceip-catalunya-sc\/wp-json\/wp\/v2\/comments?post=2244"}],"version-history":[{"count":1,"href":"https:\/\/agora.xtec.cat\/ceip-catalunya-sc\/wp-json\/wp\/v2\/posts\/2244\/revisions"}],"predecessor-version":[{"id":2245,"href":"https:\/\/agora.xtec.cat\/ceip-catalunya-sc\/wp-json\/wp\/v2\/posts\/2244\/revisions\/2245"}],"wp:attachment":[{"href":"https:\/\/agora.xtec.cat\/ceip-catalunya-sc\/wp-json\/wp\/v2\/media?parent=2244"}],"wp:term":[{"taxonomy":"category","embeddable":true,"href":"https:\/\/agora.xtec.cat\/ceip-catalunya-sc\/wp-json\/wp\/v2\/categories?post=2244"},{"taxonomy":"post_tag","embeddable":true,"href":"https:\/\/agora.xtec.cat\/ceip-catalunya-sc\/wp-json\/wp\/v2\/tags?post=2244"}],"curies":[{"name":"wp","href":"https:\/\/api.w.org\/{rel}","templated":true}]}}