{"id":2131,"date":"2025-01-14T13:34:59","date_gmt":"2025-01-14T12:34:59","guid":{"rendered":"https:\/\/agora.xtec.cat\/ceip-catalunya-sc\/?p=2131"},"modified":"2025-01-14T15:24:22","modified_gmt":"2025-01-14T14:24:22","slug":"la-cara-i-la-creu-de-les-competencies-digitals-a-catalunya","status":"publish","type":"post","link":"https:\/\/agora.xtec.cat\/ceip-catalunya-sc\/general\/la-cara-i-la-creu-de-les-competencies-digitals-a-catalunya\/","title":{"rendered":"La cara i la creu de les compet\u00e8ncies digitals a Catalunya."},"content":{"rendered":"<p><a href=\"https:\/\/agora.xtec.cat\/ceip-catalunya-sc\/wp-content\/uploads\/usu49\/2025\/01\/12c-la-cara-i-la-creu-de-les-competencies-digitals-a-catalunya_1401.pdf\">Aquest informe<\/a> ofereix una\u00a0<strong>an\u00e0lisi sob<a href=\"https:\/\/agora.xtec.cat\/ceip-catalunya-sc\/wp-content\/uploads\/usu49\/2025\/01\/8fi-icils_blog-bofill_600x740_b.png\"><img loading=\"lazy\" decoding=\"async\" class=\"size-thumbnail wp-image-2136 alignright\" src=\"https:\/\/agora.xtec.cat\/ceip-catalunya-sc\/wp-content\/uploads\/usu49\/2025\/01\/8fi-icils_blog-bofill_600x740_b-150x150.png\" alt=\"\" width=\"150\" height=\"150\" \/><\/a>re les compet\u00e8ncies digitals dels estudiants<\/strong>, complementada amb les dades que ens ajuden a entendre la realitat quotidiana dels adolescents: des de les seves\u00a0<strong>habilitats digitals<\/strong>\u00a0fins als\u00a0<strong>usos que fan dels dispositius<\/strong>\u00a0o la seva\u00a0<strong>exposici\u00f3 a la desinformaci\u00f3.<\/strong>\u00a0La intenci\u00f3 \u00e9s compartir una mirada cr\u00edtica que ens permeti reflexionar i avan\u00e7ar cap a una educaci\u00f3 digital responsable i equitativa. Per aix\u00f2, aquest document tamb\u00e9 presenta les conclusions i els reptes que van m\u00e9s enll\u00e0 dels resultats, i que ens criden a impulsar els<strong>\u00a0canvis per garantir un futur m\u00e9s just<\/strong> per als adolescents.<\/p>\n<p><span style=\"font-size: 10pt;\"><em>(Informe elaborat per la Fundaci\u00f3 Bofill)<\/em><\/span><\/p>\n<p><span style=\"font-size: 10pt;\"><em><a href=\"https:\/\/agora.xtec.cat\/ceip-catalunya-sc\/wp-content\/uploads\/usu49\/2025\/01\/12c-la-cara-i-la-creu-de-les-competencies-digitals-a-catalunya_1401.pdf\">La cara i la creu de les competencies digitals a catalunya<\/a><\/em><\/span><\/p>\n","protected":false},"excerpt":{"rendered":"<p>Aquest informe ofereix una\u00a0an\u00e0lisi sobre les compet\u00e8ncies digitals dels estudiants, complementada amb les dades que ens ajuden a entendre la realitat quotidiana dels adolescents: des de les seves\u00a0habilitats digitals\u00a0fins als\u00a0usos que fan dels dispositius\u00a0o la seva\u00a0exposici\u00f3 a la desinformaci\u00f3.\u00a0La intenci\u00f3 \u00e9s compartir una mirada cr\u00edtica que ens permeti reflexionar i avan\u00e7ar cap a una educaci\u00f3 [&hellip;]<\/p>\n","protected":false},"author":1,"featured_media":0,"comment_status":"open","ping_status":"closed","sticky":false,"template":"","format":"standard","meta":{"_bbp_topic_count":0,"_bbp_reply_count":0,"_bbp_total_topic_count":0,"_bbp_total_reply_count":0,"_bbp_voice_count":0,"_bbp_anonymous_reply_count":0,"_bbp_topic_count_hidden":0,"_bbp_reply_count_hidden":0,"_bbp_forum_subforum_count":0,"site-sidebar-layout":"default","site-content-layout":"","ast-site-content-layout":"","site-content-style":"default","site-sidebar-style":"default","ast-global-header-display":"","ast-banner-title-visibility":"","ast-main-header-display":"","ast-hfb-above-header-display":"","ast-hfb-below-header-display":"","ast-hfb-mobile-header-display":"","site-post-title":"","ast-breadcrumbs-content":"","ast-featured-img":"","footer-sml-layout":"","theme-transparent-header-meta":"","adv-header-id-meta":"","stick-header-meta":"","header-above-stick-meta":"","header-main-stick-meta":"","header-below-stick-meta":"","astra-migrate-meta-layouts":"default","ast-page-background-enabled":"default","ast-page-background-meta":{"desktop":{"background-color":"var(--ast-global-color-4)","background-image":"","background-repeat":"repeat","background-position":"center center","background-size":"auto","background-attachment":"scroll","background-type":"","background-media":"","overlay-type":"","overlay-color":"","overlay-opacity":"","overlay-gradient":""},"tablet":{"background-color":"","background-image":"","background-repeat":"repeat","background-position":"center center","background-size":"auto","background-attachment":"scroll","background-type":"","background-media":"","overlay-type":"","overlay-color":"","overlay-opacity":"","overlay-gradient":""},"mobile":{"background-color":"","background-image":"","background-repeat":"repeat","background-position":"center center","background-size":"auto","background-attachment":"scroll","background-type":"","background-media":"","overlay-type":"","overlay-color":"","overlay-opacity":"","overlay-gradient":""}},"ast-content-background-meta":{"desktop":{"background-color":"var(--ast-global-color-5)","background-image":"","background-repeat":"repeat","background-position":"center center","background-size":"auto","background-attachment":"scroll","background-type":"","background-media":"","overlay-type":"","overlay-color":"","overlay-opacity":"","overlay-gradient":""},"tablet":{"background-color":"var(--ast-global-color-5)","background-image":"","background-repeat":"repeat","background-position":"center center","background-size":"auto","background-attachment":"scroll","background-type":"","background-media":"","overlay-type":"","overlay-color":"","overlay-opacity":"","overlay-gradient":""},"mobile":{"background-color":"var(--ast-global-color-5)","background-image":"","background-repeat":"repeat","background-position":"center center","background-size":"auto","background-attachment":"scroll","background-type":"","background-media":"","overlay-type":"","overlay-color":"","overlay-opacity":"","overlay-gradient":""}},"footnotes":""},"categories":[1],"tags":[],"class_list":["post-2131","post","type-post","status-publish","format-standard","hentry","category-general"],"post_mailing_queue_ids":[],"_links":{"self":[{"href":"https:\/\/agora.xtec.cat\/ceip-catalunya-sc\/wp-json\/wp\/v2\/posts\/2131","targetHints":{"allow":["GET"]}}],"collection":[{"href":"https:\/\/agora.xtec.cat\/ceip-catalunya-sc\/wp-json\/wp\/v2\/posts"}],"about":[{"href":"https:\/\/agora.xtec.cat\/ceip-catalunya-sc\/wp-json\/wp\/v2\/types\/post"}],"author":[{"embeddable":true,"href":"https:\/\/agora.xtec.cat\/ceip-catalunya-sc\/wp-json\/wp\/v2\/users\/1"}],"replies":[{"embeddable":true,"href":"https:\/\/agora.xtec.cat\/ceip-catalunya-sc\/wp-json\/wp\/v2\/comments?post=2131"}],"version-history":[{"count":4,"href":"https:\/\/agora.xtec.cat\/ceip-catalunya-sc\/wp-json\/wp\/v2\/posts\/2131\/revisions"}],"predecessor-version":[{"id":2141,"href":"https:\/\/agora.xtec.cat\/ceip-catalunya-sc\/wp-json\/wp\/v2\/posts\/2131\/revisions\/2141"}],"wp:attachment":[{"href":"https:\/\/agora.xtec.cat\/ceip-catalunya-sc\/wp-json\/wp\/v2\/media?parent=2131"}],"wp:term":[{"taxonomy":"category","embeddable":true,"href":"https:\/\/agora.xtec.cat\/ceip-catalunya-sc\/wp-json\/wp\/v2\/categories?post=2131"},{"taxonomy":"post_tag","embeddable":true,"href":"https:\/\/agora.xtec.cat\/ceip-catalunya-sc\/wp-json\/wp\/v2\/tags?post=2131"}],"curies":[{"name":"wp","href":"https:\/\/api.w.org\/{rel}","templated":true}]}}