{"id":2128,"date":"2025-01-09T14:24:12","date_gmt":"2025-01-09T13:24:12","guid":{"rendered":"https:\/\/agora.xtec.cat\/ceip-catalunya-sc\/?p=2128"},"modified":"2025-01-09T14:24:12","modified_gmt":"2025-01-09T13:24:12","slug":"visita-al-cugat-media","status":"publish","type":"post","link":"https:\/\/agora.xtec.cat\/ceip-catalunya-sc\/general\/eso\/visita-al-cugat-media\/","title":{"rendered":"Visita al Cugat M\u00e8dia"},"content":{"rendered":"<p><a href=\"https:\/\/agora.xtec.cat\/ceip-catalunya-sc\/wp-content\/uploads\/usu49\/2025\/01\/Captura.jpg\"><img loading=\"lazy\" decoding=\"async\" class=\"size-thumbnail wp-image-2129 alignleft\" src=\"https:\/\/agora.xtec.cat\/ceip-catalunya-sc\/wp-content\/uploads\/usu49\/2025\/01\/Captura-150x150.jpg\" alt=\"\" width=\"150\" height=\"150\" \/><\/a><strong>L&#8217;alumnat de 3r d\u2019ESO<\/strong> de l&#8217;Institut Escola Catalunya ha fet una visita guiada a Cugat M\u00e8dia. A continuaci\u00f3, un dels grups ens explica la seva experi\u00e8ncia:<\/p>\n<p style=\"font-weight: 400;\">\u201cHem trobat que ha estat molt interessant, hem pogut presenciar la determinaci\u00f3 i la complicitat amb les quals afronten aquests professionals de la comunicaci\u00f3, els reptes del seu dia a dia. Aprenent sobre el seu proc\u00e9s de redacci\u00f3, els diversos materials multim\u00e8dia que utilitzen per informar i els materials que fan servir tant per redactar, com realitzar programes de r\u00e0dio i entrevistes televisades. A part, hem pogut visitar els estudis de r\u00e0dio, les sales de redacci\u00f3, la sala de postproducci\u00f3 i el plat\u00f3 de televisi\u00f3.<\/p>\n<p style=\"font-weight: 400;\">La part que hem trobat m\u00e9s apassionant, ha estat l\u2019estudi de r\u00e0dio principal, ja que en aquell moment estaven en directe fent el programa \u2019Faves comptades\u2019 i hem pogut observar periodisme de primera, en acci\u00f3\u201d<\/p>\n","protected":false},"excerpt":{"rendered":"<p>L&#8217;alumnat de 3r d\u2019ESO de l&#8217;Institut Escola Catalunya ha fet una visita guiada a Cugat M\u00e8dia. A continuaci\u00f3, un dels grups ens explica la seva experi\u00e8ncia: \u201cHem trobat que ha estat molt interessant, hem pogut presenciar la determinaci\u00f3 i la complicitat amb les quals afronten aquests professionals de la comunicaci\u00f3, els reptes del seu dia [&hellip;]<\/p>\n","protected":false},"author":1,"featured_media":0,"comment_status":"open","ping_status":"closed","sticky":false,"template":"","format":"standard","meta":{"_bbp_topic_count":0,"_bbp_reply_count":0,"_bbp_total_topic_count":0,"_bbp_total_reply_count":0,"_bbp_voice_count":0,"_bbp_anonymous_reply_count":0,"_bbp_topic_count_hidden":0,"_bbp_reply_count_hidden":0,"_bbp_forum_subforum_count":0,"site-sidebar-layout":"default","site-content-layout":"","ast-site-content-layout":"","site-content-style":"default","site-sidebar-style":"default","ast-global-header-display":"","ast-banner-title-visibility":"","ast-main-header-display":"","ast-hfb-above-header-display":"","ast-hfb-below-header-display":"","ast-hfb-mobile-header-display":"","site-post-title":"","ast-breadcrumbs-content":"","ast-featured-img":"","footer-sml-layout":"","theme-transparent-header-meta":"","adv-header-id-meta":"","stick-header-meta":"","header-above-stick-meta":"","header-main-stick-meta":"","header-below-stick-meta":"","astra-migrate-meta-layouts":"default","ast-page-background-enabled":"default","ast-page-background-meta":{"desktop":{"background-color":"var(--ast-global-color-4)","background-image":"","background-repeat":"repeat","background-position":"center center","background-size":"auto","background-attachment":"scroll","background-type":"","background-media":"","overlay-type":"","overlay-color":"","overlay-opacity":"","overlay-gradient":""},"tablet":{"background-color":"","background-image":"","background-repeat":"repeat","background-position":"center center","background-size":"auto","background-attachment":"scroll","background-type":"","background-media":"","overlay-type":"","overlay-color":"","overlay-opacity":"","overlay-gradient":""},"mobile":{"background-color":"","background-image":"","background-repeat":"repeat","background-position":"center center","background-size":"auto","background-attachment":"scroll","background-type":"","background-media":"","overlay-type":"","overlay-color":"","overlay-opacity":"","overlay-gradient":""}},"ast-content-background-meta":{"desktop":{"background-color":"var(--ast-global-color-5)","background-image":"","background-repeat":"repeat","background-position":"center center","background-size":"auto","background-attachment":"scroll","background-type":"","background-media":"","overlay-type":"","overlay-color":"","overlay-opacity":"","overlay-gradient":""},"tablet":{"background-color":"var(--ast-global-color-5)","background-image":"","background-repeat":"repeat","background-position":"center center","background-size":"auto","background-attachment":"scroll","background-type":"","background-media":"","overlay-type":"","overlay-color":"","overlay-opacity":"","overlay-gradient":""},"mobile":{"background-color":"var(--ast-global-color-5)","background-image":"","background-repeat":"repeat","background-position":"center center","background-size":"auto","background-attachment":"scroll","background-type":"","background-media":"","overlay-type":"","overlay-color":"","overlay-opacity":"","overlay-gradient":""}},"footnotes":""},"categories":[80],"tags":[],"class_list":["post-2128","post","type-post","status-publish","format-standard","hentry","category-eso"],"post_mailing_queue_ids":[],"_links":{"self":[{"href":"https:\/\/agora.xtec.cat\/ceip-catalunya-sc\/wp-json\/wp\/v2\/posts\/2128","targetHints":{"allow":["GET"]}}],"collection":[{"href":"https:\/\/agora.xtec.cat\/ceip-catalunya-sc\/wp-json\/wp\/v2\/posts"}],"about":[{"href":"https:\/\/agora.xtec.cat\/ceip-catalunya-sc\/wp-json\/wp\/v2\/types\/post"}],"author":[{"embeddable":true,"href":"https:\/\/agora.xtec.cat\/ceip-catalunya-sc\/wp-json\/wp\/v2\/users\/1"}],"replies":[{"embeddable":true,"href":"https:\/\/agora.xtec.cat\/ceip-catalunya-sc\/wp-json\/wp\/v2\/comments?post=2128"}],"version-history":[{"count":1,"href":"https:\/\/agora.xtec.cat\/ceip-catalunya-sc\/wp-json\/wp\/v2\/posts\/2128\/revisions"}],"predecessor-version":[{"id":2130,"href":"https:\/\/agora.xtec.cat\/ceip-catalunya-sc\/wp-json\/wp\/v2\/posts\/2128\/revisions\/2130"}],"wp:attachment":[{"href":"https:\/\/agora.xtec.cat\/ceip-catalunya-sc\/wp-json\/wp\/v2\/media?parent=2128"}],"wp:term":[{"taxonomy":"category","embeddable":true,"href":"https:\/\/agora.xtec.cat\/ceip-catalunya-sc\/wp-json\/wp\/v2\/categories?post=2128"},{"taxonomy":"post_tag","embeddable":true,"href":"https:\/\/agora.xtec.cat\/ceip-catalunya-sc\/wp-json\/wp\/v2\/tags?post=2128"}],"curies":[{"name":"wp","href":"https:\/\/api.w.org\/{rel}","templated":true}]}}