{"id":1508,"date":"2021-05-06T13:09:28","date_gmt":"2021-05-06T11:09:28","guid":{"rendered":"https:\/\/agora.xtec.cat\/ceip-catalunya-sc\/?p=1508"},"modified":"2021-05-06T13:11:03","modified_gmt":"2021-05-06T11:11:03","slug":"sortida-al-parc-de-larboretum","status":"publish","type":"post","link":"https:\/\/agora.xtec.cat\/ceip-catalunya-sc\/general\/sortida-al-parc-de-larboretum\/","title":{"rendered":"Sortida al parc de l&#8217;Arbor\u00e8tum!"},"content":{"rendered":"<p>Aprofitant el bon temps que ens porta la primavera, els nens i nenes de primer de prim\u00e0ria hem anat d&#8217;excursi\u00f3 al parc de l&#8217;Arbor\u00e8tum i als seus voltants. Ens ho hem passat d&#8217;all\u00f2 m\u00e9s b\u00e9! Hem pogut jugar una estona al parc i, despr\u00e9s d&#8217;esmorzar, hem anat a visitar els boscos que hi ha al voltant del parc, amb el nostre guia, el Pau. Hem tingut la sort de poder veure i escoltar molts ocells diferents! Tamb\u00e9 hem pogut observar nius i algun rusc d&#8217;abelles! Sab\u00edeu que la vespa asi\u00e0tica es menja 50 abelles cada dia? Sab\u00edeu que els picots els agrada canviar de niu cada temporada, i per aix\u00f2 en construeixen un de nou cada primavera? Hem apr\u00e8s totes aquestes coses i moltes m\u00e9s! I a m\u00e9s a m\u00e9s d&#8217;aprendre i jugar tamb\u00e9 hem menjat tres flors diferents: alguna era dol\u00e7a i alguna picava molt!<a href=\"https:\/\/agora.xtec.cat\/ceip-catalunya-sc\/wp-content\/uploads\/usu49\/2021\/05\/excursi\u00f3-1.jpg\"><img loading=\"lazy\" decoding=\"async\" class=\"size-full wp-image-1539 aligncenter\" src=\"https:\/\/agora.xtec.cat\/ceip-catalunya-sc\/wp-content\/uploads\/usu49\/2021\/05\/excursi\u00f3-1.jpg\" alt=\"\" width=\"513\" height=\"512\" srcset=\"https:\/\/agora.xtec.cat\/ceip-catalunya-sc\/wp-content\/uploads\/usu49\/2021\/05\/excursi\u00f3-1.jpg 513w, https:\/\/agora.xtec.cat\/ceip-catalunya-sc\/wp-content\/uploads\/usu49\/2021\/05\/excursi\u00f3-1-150x150.jpg 150w, https:\/\/agora.xtec.cat\/ceip-catalunya-sc\/wp-content\/uploads\/usu49\/2021\/05\/excursi\u00f3-1-300x300.jpg 300w\" sizes=\"auto, (max-width: 513px) 100vw, 513px\" \/><\/a><\/p>\n<p>&nbsp;<\/p>\n","protected":false},"excerpt":{"rendered":"<p>Aprofitant el bon temps que ens porta la primavera, els nens i nenes de primer de prim\u00e0ria hem anat d&#8217;excursi\u00f3 al parc de l&#8217;Arbor\u00e8tum i als seus voltants. Ens ho hem passat d&#8217;all\u00f2 m\u00e9s b\u00e9! Hem pogut jugar una estona al parc i, despr\u00e9s d&#8217;esmorzar, hem anat a visitar els boscos que hi ha al [&hellip;]<\/p>\n","protected":false},"author":1,"featured_media":1520,"comment_status":"open","ping_status":"closed","sticky":false,"template":"","format":"standard","meta":{"_bbp_topic_count":0,"_bbp_reply_count":0,"_bbp_total_topic_count":0,"_bbp_total_reply_count":0,"_bbp_voice_count":0,"_bbp_anonymous_reply_count":0,"_bbp_topic_count_hidden":0,"_bbp_reply_count_hidden":0,"_bbp_forum_subforum_count":0,"site-sidebar-layout":"default","site-content-layout":"","ast-site-content-layout":"","site-content-style":"default","site-sidebar-style":"default","ast-global-header-display":"","ast-banner-title-visibility":"","ast-main-header-display":"","ast-hfb-above-header-display":"","ast-hfb-below-header-display":"","ast-hfb-mobile-header-display":"","site-post-title":"","ast-breadcrumbs-content":"","ast-featured-img":"","footer-sml-layout":"","theme-transparent-header-meta":"","adv-header-id-meta":"","stick-header-meta":"","header-above-stick-meta":"","header-main-stick-meta":"","header-below-stick-meta":"","astra-migrate-meta-layouts":"default","ast-page-background-enabled":"default","ast-page-background-meta":{"desktop":{"background-color":"var(--ast-global-color-4)","background-image":"","background-repeat":"repeat","background-position":"center center","background-size":"auto","background-attachment":"scroll","background-type":"","background-media":"","overlay-type":"","overlay-color":"","overlay-opacity":"","overlay-gradient":""},"tablet":{"background-color":"","background-image":"","background-repeat":"repeat","background-position":"center center","background-size":"auto","background-attachment":"scroll","background-type":"","background-media":"","overlay-type":"","overlay-color":"","overlay-opacity":"","overlay-gradient":""},"mobile":{"background-color":"","background-image":"","background-repeat":"repeat","background-position":"center center","background-size":"auto","background-attachment":"scroll","background-type":"","background-media":"","overlay-type":"","overlay-color":"","overlay-opacity":"","overlay-gradient":""}},"ast-content-background-meta":{"desktop":{"background-color":"var(--ast-global-color-5)","background-image":"","background-repeat":"repeat","background-position":"center center","background-size":"auto","background-attachment":"scroll","background-type":"","background-media":"","overlay-type":"","overlay-color":"","overlay-opacity":"","overlay-gradient":""},"tablet":{"background-color":"var(--ast-global-color-5)","background-image":"","background-repeat":"repeat","background-position":"center center","background-size":"auto","background-attachment":"scroll","background-type":"","background-media":"","overlay-type":"","overlay-color":"","overlay-opacity":"","overlay-gradient":""},"mobile":{"background-color":"var(--ast-global-color-5)","background-image":"","background-repeat":"repeat","background-position":"center center","background-size":"auto","background-attachment":"scroll","background-type":"","background-media":"","overlay-type":"","overlay-color":"","overlay-opacity":"","overlay-gradient":""}},"footnotes":""},"categories":[7,62,61,60,1,2,4,5],"tags":[],"class_list":["post-1508","post","type-post","status-publish","format-standard","has-post-thumbnail","hentry","category-ampa","category-grans","category-mitjans","category-petits","category-general","category-infantil","category-portada","category-primaria"],"post_mailing_queue_ids":[],"_links":{"self":[{"href":"https:\/\/agora.xtec.cat\/ceip-catalunya-sc\/wp-json\/wp\/v2\/posts\/1508","targetHints":{"allow":["GET"]}}],"collection":[{"href":"https:\/\/agora.xtec.cat\/ceip-catalunya-sc\/wp-json\/wp\/v2\/posts"}],"about":[{"href":"https:\/\/agora.xtec.cat\/ceip-catalunya-sc\/wp-json\/wp\/v2\/types\/post"}],"author":[{"embeddable":true,"href":"https:\/\/agora.xtec.cat\/ceip-catalunya-sc\/wp-json\/wp\/v2\/users\/1"}],"replies":[{"embeddable":true,"href":"https:\/\/agora.xtec.cat\/ceip-catalunya-sc\/wp-json\/wp\/v2\/comments?post=1508"}],"version-history":[{"count":3,"href":"https:\/\/agora.xtec.cat\/ceip-catalunya-sc\/wp-json\/wp\/v2\/posts\/1508\/revisions"}],"predecessor-version":[{"id":1541,"href":"https:\/\/agora.xtec.cat\/ceip-catalunya-sc\/wp-json\/wp\/v2\/posts\/1508\/revisions\/1541"}],"wp:featuredmedia":[{"embeddable":true,"href":"https:\/\/agora.xtec.cat\/ceip-catalunya-sc\/wp-json\/wp\/v2\/media\/1520"}],"wp:attachment":[{"href":"https:\/\/agora.xtec.cat\/ceip-catalunya-sc\/wp-json\/wp\/v2\/media?parent=1508"}],"wp:term":[{"taxonomy":"category","embeddable":true,"href":"https:\/\/agora.xtec.cat\/ceip-catalunya-sc\/wp-json\/wp\/v2\/categories?post=1508"},{"taxonomy":"post_tag","embeddable":true,"href":"https:\/\/agora.xtec.cat\/ceip-catalunya-sc\/wp-json\/wp\/v2\/tags?post=1508"}],"curies":[{"name":"wp","href":"https:\/\/api.w.org\/{rel}","templated":true}]}}