{"id":1486,"date":"2021-03-18T12:58:30","date_gmt":"2021-03-18T11:58:30","guid":{"rendered":"https:\/\/agora.xtec.cat\/ceip-catalunya-sc\/?p=1486"},"modified":"2021-03-18T12:58:30","modified_gmt":"2021-03-18T11:58:30","slug":"dones-que-han-fet-historia","status":"publish","type":"post","link":"https:\/\/agora.xtec.cat\/ceip-catalunya-sc\/general\/dones-que-han-fet-historia\/","title":{"rendered":"Dones que han fet hist\u00f2ria!"},"content":{"rendered":"<p><span style=\"font-weight: 400;\">En el marc del dia internacional de la dona cient\u00edfica (11 de febrer) i del dia de la dona treballadora (8 de mar\u00e7), des de l\u2019escola hem estat duent a terme diferents activitats relacionades amb el paper de la dona al llarg del temps.\u00a0<\/span><\/p>\n<p><span style=\"font-weight: 400;\">Des d\u2019infantil a secund\u00e0ria s\u2019han dut a terme treballs per donar a con\u00e8ixer referents femenins, per visibilitzar feines feminitzades i per remarcar la import\u00e0ncia de posar en valor i de compartir les tasques reproductives i de cures.<\/span><\/p>\n<p><span style=\"font-weight: 400;\">INFANTIL<\/span><\/p>\n<p><span style=\"font-weight: 400;\"><a href=\"https:\/\/agora.xtec.cat\/ceip-catalunya-sc\/wp-content\/uploads\/usu49\/2021\/03\/2719.jpg\"><img loading=\"lazy\" decoding=\"async\" class=\"alignleft wp-image-1487\" src=\"https:\/\/agora.xtec.cat\/ceip-catalunya-sc\/wp-content\/uploads\/usu49\/2021\/03\/2719.jpg\" alt=\"\" width=\"108\" height=\"234\" srcset=\"https:\/\/agora.xtec.cat\/ceip-catalunya-sc\/wp-content\/uploads\/usu49\/2021\/03\/2719.jpg 799w, https:\/\/agora.xtec.cat\/ceip-catalunya-sc\/wp-content\/uploads\/usu49\/2021\/03\/2719-138x300.jpg 138w, https:\/\/agora.xtec.cat\/ceip-catalunya-sc\/wp-content\/uploads\/usu49\/2021\/03\/2719-768x1667.jpg 768w, https:\/\/agora.xtec.cat\/ceip-catalunya-sc\/wp-content\/uploads\/usu49\/2021\/03\/2719-472x1024.jpg 472w\" sizes=\"auto, (max-width: 108px) 100vw, 108px\" \/><\/a>A infantil s\u2019han treballat biografies de dones i contes de referents femenins: contes en paper, titelles, algun conte online\u2026 A m\u00e9s de visualitzacions de curtmetratges que ha portat a lareflexi\u00f3 sobre a qu\u00e8 es volen dedicar de grans. Han sortit converses\u00a0<\/span><span style=\"font-family: inherit; font-size: 1em;\">molt interessants q<\/span><span style=\"font-weight: 400;\">ue cada infant ha plasmat amb di<\/span><span style=\"font-weight: 400;\">buixos molt creatius.\u00a0<\/span><span style=\"font-weight: 400;\"><img loading=\"lazy\" decoding=\"async\" class=\"wp-image-1493 alignleft\" src=\"https:\/\/agora.xtec.cat\/ceip-catalunya-sc\/wp-content\/uploads\/usu49\/2021\/03\/infantil2-e1616067920302.jpg\" alt=\"\" width=\"163\" height=\"122\" srcset=\"https:\/\/agora.xtec.cat\/ceip-catalunya-sc\/wp-content\/uploads\/usu49\/2021\/03\/infantil2-e1616067920302.jpg 1066w, https:\/\/agora.xtec.cat\/ceip-catalunya-sc\/wp-content\/uploads\/usu49\/2021\/03\/infantil2-e1616067920302-300x225.jpg 300w, https:\/\/agora.xtec.cat\/ceip-catalunya-sc\/wp-content\/uploads\/usu49\/2021\/03\/infantil2-e1616067920302-768x576.jpg 768w, https:\/\/agora.xtec.cat\/ceip-catalunya-sc\/wp-content\/uploads\/usu49\/2021\/03\/infantil2-e1616067920302-1024x768.jpg 1024w, https:\/\/agora.xtec.cat\/ceip-catalunya-sc\/wp-content\/uploads\/usu49\/2021\/03\/infantil2-e1616067920302-200x150.jpg 200w\" sizes=\"auto, (max-width: 163px) 100vw, 163px\" \/><img loading=\"lazy\" decoding=\"async\" class=\"wp-image-1492 alignleft\" src=\"https:\/\/agora.xtec.cat\/ceip-catalunya-sc\/wp-content\/uploads\/usu49\/2021\/03\/infantil.jpg\" alt=\"\" width=\"137\" height=\"183\" srcset=\"https:\/\/agora.xtec.cat\/ceip-catalunya-sc\/wp-content\/uploads\/usu49\/2021\/03\/infantil.jpg 600w, https:\/\/agora.xtec.cat\/ceip-catalunya-sc\/wp-content\/uploads\/usu49\/2021\/03\/infantil-225x300.jpg 225w\" sizes=\"auto, (max-width: 137px) 100vw, 137px\" \/><\/span><\/p>\n<p>&nbsp;<\/p>\n<p>&nbsp;<\/p>\n<p><img loading=\"lazy\" decoding=\"async\" class=\"wp-image-1488 alignleft\" src=\"https:\/\/agora.xtec.cat\/ceip-catalunya-sc\/wp-content\/uploads\/usu49\/2021\/03\/5640.jpg\" alt=\"\" width=\"178\" height=\"129\" srcset=\"https:\/\/agora.xtec.cat\/ceip-catalunya-sc\/wp-content\/uploads\/usu49\/2021\/03\/5640.jpg 800w, https:\/\/agora.xtec.cat\/ceip-catalunya-sc\/wp-content\/uploads\/usu49\/2021\/03\/5640-300x218.jpg 300w, https:\/\/agora.xtec.cat\/ceip-catalunya-sc\/wp-content\/uploads\/usu49\/2021\/03\/5640-768x559.jpg 768w\" sizes=\"auto, (max-width: 178px) 100vw, 178px\" \/><\/p>\n<p>&nbsp;<\/p>\n<p>&nbsp;<\/p>\n<p>&nbsp;<\/p>\n<p>&nbsp;<\/p>\n<p><span style=\"font-family: inherit; font-size: 1em;\">CICLE INICIAL I MITJ\u00c0\u00a0<\/span><\/p>\n<p><span style=\"font-weight: 400;\"><a href=\"https:\/\/agora.xtec.cat\/ceip-catalunya-sc\/wp-content\/uploads\/usu49\/2021\/03\/Cicle-inicial2.jpg\"><img loading=\"lazy\" decoding=\"async\" class=\"alignleft wp-image-1491\" src=\"https:\/\/agora.xtec.cat\/ceip-catalunya-sc\/wp-content\/uploads\/usu49\/2021\/03\/Cicle-inicial2.jpg\" alt=\"\" width=\"146\" height=\"194\" srcset=\"https:\/\/agora.xtec.cat\/ceip-catalunya-sc\/wp-content\/uploads\/usu49\/2021\/03\/Cicle-inicial2.jpg 800w, https:\/\/agora.xtec.cat\/ceip-catalunya-sc\/wp-content\/uploads\/usu49\/2021\/03\/Cicle-inicial2-225x300.jpg 225w, https:\/\/agora.xtec.cat\/ceip-catalunya-sc\/wp-content\/uploads\/usu49\/2021\/03\/Cicle-inicial2-768x1024.jpg 768w\" sizes=\"auto, (max-width: 146px) 100vw, 146px\" \/><\/a>A cicle inicial i mitj\u00e0 vam treballar la guia per a aconseguir la igualtat des de l&#8217;escola, el qui fa qu\u00e8. Ho vam fer a trav\u00e9s d&#8217;imatges que es podrien considerar sexistes tot reflexionant i despertant el sentit cr\u00edtic dels infants.<\/span><\/p>\n<p><span style=\"font-weight: 400;\"><a href=\"https:\/\/agora.xtec.cat\/ceip-catalunya-sc\/wp-content\/uploads\/usu49\/2021\/03\/C.-Inicial1.jpg\"><img loading=\"lazy\" decoding=\"async\" class=\"wp-image-1490 alignright\" src=\"https:\/\/agora.xtec.cat\/ceip-catalunya-sc\/wp-content\/uploads\/usu49\/2021\/03\/C.-Inicial1.jpg\" alt=\"\" width=\"108\" height=\"192\" srcset=\"https:\/\/agora.xtec.cat\/ceip-catalunya-sc\/wp-content\/uploads\/usu49\/2021\/03\/C.-Inicial1.jpg 800w, https:\/\/agora.xtec.cat\/ceip-catalunya-sc\/wp-content\/uploads\/usu49\/2021\/03\/C.-Inicial1-169x300.jpg 169w, https:\/\/agora.xtec.cat\/ceip-catalunya-sc\/wp-content\/uploads\/usu49\/2021\/03\/C.-Inicial1-768x1366.jpg 768w, https:\/\/agora.xtec.cat\/ceip-catalunya-sc\/wp-content\/uploads\/usu49\/2021\/03\/C.-Inicial1-576x1024.jpg 576w\" sizes=\"auto, (max-width: 108px) 100vw, 108px\" \/><\/a><\/span><span style=\"font-weight: 400;\">Tamb\u00e9 vam investigar sobre diferents dones rellevants, que es van <\/span><img loading=\"lazy\" decoding=\"async\" class=\"wp-image-1489 alignleft\" src=\"https:\/\/agora.xtec.cat\/ceip-catalunya-sc\/wp-content\/uploads\/usu49\/2021\/03\/C-mitj\u00e0.jpg\" alt=\"\" width=\"125\" height=\"166\" srcset=\"https:\/\/agora.xtec.cat\/ceip-catalunya-sc\/wp-content\/uploads\/usu49\/2021\/03\/C-mitj\u00e0.jpg 800w, https:\/\/agora.xtec.cat\/ceip-catalunya-sc\/wp-content\/uploads\/usu49\/2021\/03\/C-mitj\u00e0-225x300.jpg 225w, https:\/\/agora.xtec.cat\/ceip-catalunya-sc\/wp-content\/uploads\/usu49\/2021\/03\/C-mitj\u00e0-768x1024.jpg 768w\" sizes=\"auto, (max-width: 125px) 100vw, 125px\" \/><span style=\"font-weight: 400;\">recollir en un puzle on totes i cadascuna de les peces anava encaixant fins a fer un mural al nostre passad\u00eds.\u00a0<\/span><\/p>\n<p>&nbsp;<\/p>\n<p>&nbsp;<\/p>\n<p><span style=\"font-weight: 400;\">SUPERIOR I SECUND\u00c0RIA<\/span><\/p>\n<p><span style=\"font-weight: 400;\"> <a href=\"https:\/\/agora.xtec.cat\/ceip-catalunya-sc\/wp-content\/uploads\/usu49\/2021\/03\/Superior-i-secund\u00e0ria.jpg\"><img loading=\"lazy\" decoding=\"async\" class=\"alignleft wp-image-1494\" src=\"https:\/\/agora.xtec.cat\/ceip-catalunya-sc\/wp-content\/uploads\/usu49\/2021\/03\/Superior-i-secund\u00e0ria.jpg\" alt=\"\" width=\"170\" height=\"226\" srcset=\"https:\/\/agora.xtec.cat\/ceip-catalunya-sc\/wp-content\/uploads\/usu49\/2021\/03\/Superior-i-secund\u00e0ria.jpg 600w, https:\/\/agora.xtec.cat\/ceip-catalunya-sc\/wp-content\/uploads\/usu49\/2021\/03\/Superior-i-secund\u00e0ria-225x300.jpg 225w\" sizes=\"auto, (max-width: 170px) 100vw, 170px\" \/><\/a>\u00a0A 5\u00e8, 6\u00e8 i 1ESO l\u2019alumnat ha estat investigant sobre dones que han destacat al llarg de la hist\u00f2ria. Des de referents m\u00e9s actuals i propers a dones de temps m\u00e9s llunyans per\u00f2 que van significar un aven\u00e7 important.\u00a0<\/span><\/p>\n<p><span style=\"font-weight: 400;\">Totes aquestes informacions s\u2019han recollit en format visual per poder fer una exposici\u00f3 al repl\u00e0 de l\u2019escola, i aix\u00ed, compartir-ho amb tots els nens i nenes dels altres cursos.<\/span><\/p>\n<p><span style=\"font-weight: 400;\"><a href=\"https:\/\/agora.xtec.cat\/ceip-catalunya-sc\/wp-content\/uploads\/usu49\/2021\/03\/Superior-i-secund\u00e0ria2.jpg\"><img loading=\"lazy\" decoding=\"async\" class=\"wp-image-1495 aligncenter\" src=\"https:\/\/agora.xtec.cat\/ceip-catalunya-sc\/wp-content\/uploads\/usu49\/2021\/03\/Superior-i-secund\u00e0ria2.jpg\" alt=\"\" width=\"167\" height=\"125\" srcset=\"https:\/\/agora.xtec.cat\/ceip-catalunya-sc\/wp-content\/uploads\/usu49\/2021\/03\/Superior-i-secund\u00e0ria2.jpg 800w, https:\/\/agora.xtec.cat\/ceip-catalunya-sc\/wp-content\/uploads\/usu49\/2021\/03\/Superior-i-secund\u00e0ria2-300x225.jpg 300w, https:\/\/agora.xtec.cat\/ceip-catalunya-sc\/wp-content\/uploads\/usu49\/2021\/03\/Superior-i-secund\u00e0ria2-768x576.jpg 768w, https:\/\/agora.xtec.cat\/ceip-catalunya-sc\/wp-content\/uploads\/usu49\/2021\/03\/Superior-i-secund\u00e0ria2-200x150.jpg 200w\" sizes=\"auto, (max-width: 167px) 100vw, 167px\" \/><\/a><\/span><\/p>\n","protected":false},"excerpt":{"rendered":"<p>En el marc del dia internacional de la dona cient\u00edfica (11 de febrer) i del dia de la dona treballadora (8 de mar\u00e7), des de l\u2019escola hem estat duent a terme diferents activitats relacionades amb el paper de la dona al llarg del temps.\u00a0 Des d\u2019infantil a secund\u00e0ria s\u2019han dut a terme treballs per donar [&hellip;]<\/p>\n","protected":false},"author":1,"featured_media":1494,"comment_status":"closed","ping_status":"closed","sticky":false,"template":"","format":"standard","meta":{"_bbp_topic_count":0,"_bbp_reply_count":0,"_bbp_total_topic_count":0,"_bbp_total_reply_count":0,"_bbp_voice_count":0,"_bbp_anonymous_reply_count":0,"_bbp_topic_count_hidden":0,"_bbp_reply_count_hidden":0,"_bbp_forum_subforum_count":0,"site-sidebar-layout":"default","site-content-layout":"","ast-site-content-layout":"","site-content-style":"default","site-sidebar-style":"default","ast-global-header-display":"","ast-banner-title-visibility":"","ast-main-header-display":"","ast-hfb-above-header-display":"","ast-hfb-below-header-display":"","ast-hfb-mobile-header-display":"","site-post-title":"","ast-breadcrumbs-content":"","ast-featured-img":"","footer-sml-layout":"","theme-transparent-header-meta":"","adv-header-id-meta":"","stick-header-meta":"","header-above-stick-meta":"","header-main-stick-meta":"","header-below-stick-meta":"","astra-migrate-meta-layouts":"default","ast-page-background-enabled":"default","ast-page-background-meta":{"desktop":{"background-color":"var(--ast-global-color-4)","background-image":"","background-repeat":"repeat","background-position":"center center","background-size":"auto","background-attachment":"scroll","background-type":"","background-media":"","overlay-type":"","overlay-color":"","overlay-opacity":"","overlay-gradient":""},"tablet":{"background-color":"","background-image":"","background-repeat":"repeat","background-position":"center center","background-size":"auto","background-attachment":"scroll","background-type":"","background-media":"","overlay-type":"","overlay-color":"","overlay-opacity":"","overlay-gradient":""},"mobile":{"background-color":"","background-image":"","background-repeat":"repeat","background-position":"center center","background-size":"auto","background-attachment":"scroll","background-type":"","background-media":"","overlay-type":"","overlay-color":"","overlay-opacity":"","overlay-gradient":""}},"ast-content-background-meta":{"desktop":{"background-color":"var(--ast-global-color-5)","background-image":"","background-repeat":"repeat","background-position":"center center","background-size":"auto","background-attachment":"scroll","background-type":"","background-media":"","overlay-type":"","overlay-color":"","overlay-opacity":"","overlay-gradient":""},"tablet":{"background-color":"var(--ast-global-color-5)","background-image":"","background-repeat":"repeat","background-position":"center center","background-size":"auto","background-attachment":"scroll","background-type":"","background-media":"","overlay-type":"","overlay-color":"","overlay-opacity":"","overlay-gradient":""},"mobile":{"background-color":"var(--ast-global-color-5)","background-image":"","background-repeat":"repeat","background-position":"center center","background-size":"auto","background-attachment":"scroll","background-type":"","background-media":"","overlay-type":"","overlay-color":"","overlay-opacity":"","overlay-gradient":""}},"footnotes":""},"categories":[62,61,60,1,2,4,5],"tags":[],"class_list":["post-1486","post","type-post","status-publish","format-standard","has-post-thumbnail","hentry","category-grans","category-mitjans","category-petits","category-general","category-infantil","category-portada","category-primaria"],"post_mailing_queue_ids":[],"_links":{"self":[{"href":"https:\/\/agora.xtec.cat\/ceip-catalunya-sc\/wp-json\/wp\/v2\/posts\/1486","targetHints":{"allow":["GET"]}}],"collection":[{"href":"https:\/\/agora.xtec.cat\/ceip-catalunya-sc\/wp-json\/wp\/v2\/posts"}],"about":[{"href":"https:\/\/agora.xtec.cat\/ceip-catalunya-sc\/wp-json\/wp\/v2\/types\/post"}],"author":[{"embeddable":true,"href":"https:\/\/agora.xtec.cat\/ceip-catalunya-sc\/wp-json\/wp\/v2\/users\/1"}],"replies":[{"embeddable":true,"href":"https:\/\/agora.xtec.cat\/ceip-catalunya-sc\/wp-json\/wp\/v2\/comments?post=1486"}],"version-history":[{"count":3,"href":"https:\/\/agora.xtec.cat\/ceip-catalunya-sc\/wp-json\/wp\/v2\/posts\/1486\/revisions"}],"predecessor-version":[{"id":1500,"href":"https:\/\/agora.xtec.cat\/ceip-catalunya-sc\/wp-json\/wp\/v2\/posts\/1486\/revisions\/1500"}],"wp:featuredmedia":[{"embeddable":true,"href":"https:\/\/agora.xtec.cat\/ceip-catalunya-sc\/wp-json\/wp\/v2\/media\/1494"}],"wp:attachment":[{"href":"https:\/\/agora.xtec.cat\/ceip-catalunya-sc\/wp-json\/wp\/v2\/media?parent=1486"}],"wp:term":[{"taxonomy":"category","embeddable":true,"href":"https:\/\/agora.xtec.cat\/ceip-catalunya-sc\/wp-json\/wp\/v2\/categories?post=1486"},{"taxonomy":"post_tag","embeddable":true,"href":"https:\/\/agora.xtec.cat\/ceip-catalunya-sc\/wp-json\/wp\/v2\/tags?post=1486"}],"curies":[{"name":"wp","href":"https:\/\/api.w.org\/{rel}","templated":true}]}}