{"id":1427,"date":"2021-02-25T13:37:04","date_gmt":"2021-02-25T12:37:04","guid":{"rendered":"https:\/\/agora.xtec.cat\/ceip-catalunya-sc\/?p=1427"},"modified":"2021-02-25T13:37:04","modified_gmt":"2021-02-25T12:37:04","slug":"els-nens-i-nenes-di5-som-artistes","status":"publish","type":"post","link":"https:\/\/agora.xtec.cat\/ceip-catalunya-sc\/general\/els-nens-i-nenes-di5-som-artistes\/","title":{"rendered":"Els nens i nenes d&#8217;I5 som artistes!"},"content":{"rendered":"<p><a href=\"https:\/\/agora.xtec.cat\/ceip-catalunya-sc\/wp-content\/uploads\/usu49\/2021\/02\/5.jpg\"><img loading=\"lazy\" decoding=\"async\" class=\"wp-image-1431 alignleft\" src=\"https:\/\/agora.xtec.cat\/ceip-catalunya-sc\/wp-content\/uploads\/usu49\/2021\/02\/4-e1614255750186-300x273.jpg\" alt=\"\" width=\"201\" height=\"183\" srcset=\"https:\/\/agora.xtec.cat\/ceip-catalunya-sc\/wp-content\/uploads\/usu49\/2021\/02\/4-e1614255750186-300x273.jpg 300w, https:\/\/agora.xtec.cat\/ceip-catalunya-sc\/wp-content\/uploads\/usu49\/2021\/02\/4-e1614255750186-768x698.jpg 768w, https:\/\/agora.xtec.cat\/ceip-catalunya-sc\/wp-content\/uploads\/usu49\/2021\/02\/4-e1614255750186.jpg 879w\" sizes=\"auto, (max-width: 201px) 100vw, 201px\" \/><\/a>Els nens i les nenes de les classes d&#8217;I5 (Arc de Sant Mart\u00ed I5A i Superherois i Superhero\u00efnes I5B) som molt artistes! Gaudim molt explorant amb tots els sentits i deixant volar la nostra imaginaci\u00f3, de la m\u00e0 de la nostra curiositat per aprendre moltes coses noves. A trav\u00e9s de l&#8217;Innovamat hem descobert, amb una mirada matem\u00e0tica, autors com Kandinsky, Dal\u00ed i Mondrian. Hem conegut les caracter\u00edstiques de la seva obra i ens hem animat a experimentar nosaltres mateixos!<\/p>\n<p>Com que ens agrada tant l&#8217;art ara estem treballant un altre pintor&#8230; l&#8217;Antoni T\u00e0pies! Hem vist material gr\u00e0fic de l&#8217;autor on el vam poder veure al seu taller. Estava creant una obra de grans dimensions, tot utilitzant elements que, potser, en un primer moment, no semblen gaire art\u00edstics, com ara una escombra! Estem apropant-nos a la seva figura i la seva manera d&#8217;entendre l&#8217;art i, per tant, el seu m\u00f3n interior. Nosaltres tamb\u00e9 ens hem posat mans a l&#8217;obra i ja hem comen\u00e7at a fer algunes creacions seguint el corrent de T\u00e0pies&#8230; tot i que encara farem moltes altres activitats, com per exemple visitar la Fundaci\u00f3 d&#8217;aquest artista, on podrem fer un taller i descobrirem al museu algunes de les seves obres en directe. Quina emoci\u00f3!<\/p>\n<p>Us deixem algunes fotografies del proc\u00e9s i algunes produccions finals.<\/p>\n<p><a href=\"https:\/\/agora.xtec.cat\/ceip-catalunya-sc\/wp-content\/uploads\/usu49\/2021\/02\/2.jpg\"><img loading=\"lazy\" decoding=\"async\" class=\"wp-image-1429 aligncenter\" src=\"https:\/\/agora.xtec.cat\/ceip-catalunya-sc\/wp-content\/uploads\/usu49\/2021\/02\/2-300x283.jpg\" alt=\"\" width=\"153\" height=\"144\" srcset=\"https:\/\/agora.xtec.cat\/ceip-catalunya-sc\/wp-content\/uploads\/usu49\/2021\/02\/2-300x283.jpg 300w, https:\/\/agora.xtec.cat\/ceip-catalunya-sc\/wp-content\/uploads\/usu49\/2021\/02\/2-768x724.jpg 768w, https:\/\/agora.xtec.cat\/ceip-catalunya-sc\/wp-content\/uploads\/usu49\/2021\/02\/2.jpg 800w\" sizes=\"auto, (max-width: 153px) 100vw, 153px\" \/><\/a><\/p>\n<p><img loading=\"lazy\" decoding=\"async\" class=\"aligncenter  wp-image-1430\" src=\"https:\/\/agora.xtec.cat\/ceip-catalunya-sc\/wp-content\/uploads\/usu49\/2021\/02\/3-e1614255664172-300x276.jpg\" alt=\"\" width=\"179\" height=\"165\" srcset=\"https:\/\/agora.xtec.cat\/ceip-catalunya-sc\/wp-content\/uploads\/usu49\/2021\/02\/3-e1614255664172-300x276.jpg 300w, https:\/\/agora.xtec.cat\/ceip-catalunya-sc\/wp-content\/uploads\/usu49\/2021\/02\/3-e1614255664172-768x707.jpg 768w, https:\/\/agora.xtec.cat\/ceip-catalunya-sc\/wp-content\/uploads\/usu49\/2021\/02\/3-e1614255664172.jpg 800w\" sizes=\"auto, (max-width: 179px) 100vw, 179px\" \/><\/p>\n<p><a href=\"https:\/\/agora.xtec.cat\/ceip-catalunya-sc\/wp-content\/uploads\/usu49\/2021\/02\/7.jpg\">\u00a0 <img loading=\"lazy\" decoding=\"async\" class=\"wp-image-1434 aligncenter\" src=\"https:\/\/agora.xtec.cat\/ceip-catalunya-sc\/wp-content\/uploads\/usu49\/2021\/02\/7-225x300.jpg\" alt=\"\" width=\"137\" height=\"183\" srcset=\"https:\/\/agora.xtec.cat\/ceip-catalunya-sc\/wp-content\/uploads\/usu49\/2021\/02\/7-225x300.jpg 225w, https:\/\/agora.xtec.cat\/ceip-catalunya-sc\/wp-content\/uploads\/usu49\/2021\/02\/7.jpg 768w\" sizes=\"auto, (max-width: 137px) 100vw, 137px\" \/><\/a><\/p>\n<p><a href=\"https:\/\/agora.xtec.cat\/ceip-catalunya-sc\/wp-content\/uploads\/usu49\/2021\/02\/6.jpg\"><img loading=\"lazy\" decoding=\"async\" class=\"wp-image-1433 aligncenter\" src=\"https:\/\/agora.xtec.cat\/ceip-catalunya-sc\/wp-content\/uploads\/usu49\/2021\/02\/6-300x225.jpg\" alt=\"\" width=\"203\" height=\"152\" srcset=\"https:\/\/agora.xtec.cat\/ceip-catalunya-sc\/wp-content\/uploads\/usu49\/2021\/02\/6-300x225.jpg 300w, https:\/\/agora.xtec.cat\/ceip-catalunya-sc\/wp-content\/uploads\/usu49\/2021\/02\/6-768x576.jpg 768w, https:\/\/agora.xtec.cat\/ceip-catalunya-sc\/wp-content\/uploads\/usu49\/2021\/02\/6-200x150.jpg 200w, https:\/\/agora.xtec.cat\/ceip-catalunya-sc\/wp-content\/uploads\/usu49\/2021\/02\/6.jpg 800w\" sizes=\"auto, (max-width: 203px) 100vw, 203px\" \/><\/a><\/p>\n<p><img loading=\"lazy\" decoding=\"async\" class=\"wp-image-1435 aligncenter\" src=\"https:\/\/agora.xtec.cat\/ceip-catalunya-sc\/wp-content\/uploads\/usu49\/2021\/02\/8-300x225.jpg\" alt=\"\" width=\"204\" height=\"153\" srcset=\"https:\/\/agora.xtec.cat\/ceip-catalunya-sc\/wp-content\/uploads\/usu49\/2021\/02\/8-300x225.jpg 300w, https:\/\/agora.xtec.cat\/ceip-catalunya-sc\/wp-content\/uploads\/usu49\/2021\/02\/8-768x576.jpg 768w, https:\/\/agora.xtec.cat\/ceip-catalunya-sc\/wp-content\/uploads\/usu49\/2021\/02\/8-200x150.jpg 200w, https:\/\/agora.xtec.cat\/ceip-catalunya-sc\/wp-content\/uploads\/usu49\/2021\/02\/8.jpg 800w\" sizes=\"auto, (max-width: 204px) 100vw, 204px\" \/><\/p>\n<p>&nbsp;<\/p>\n","protected":false},"excerpt":{"rendered":"<p>Els nens i les nenes de les classes d&#8217;I5 (Arc de Sant Mart\u00ed I5A i Superherois i Superhero\u00efnes I5B) som molt artistes! Gaudim molt explorant amb tots els sentits i deixant volar la nostra imaginaci\u00f3, de la m\u00e0 de la nostra curiositat per aprendre moltes coses noves. A trav\u00e9s de l&#8217;Innovamat hem descobert, amb una [&hellip;]<\/p>\n","protected":false},"author":1,"featured_media":1432,"comment_status":"open","ping_status":"closed","sticky":false,"template":"","format":"standard","meta":{"_bbp_topic_count":0,"_bbp_reply_count":0,"_bbp_total_topic_count":0,"_bbp_total_reply_count":0,"_bbp_voice_count":0,"_bbp_anonymous_reply_count":0,"_bbp_topic_count_hidden":0,"_bbp_reply_count_hidden":0,"_bbp_forum_subforum_count":0,"site-sidebar-layout":"default","site-content-layout":"","ast-site-content-layout":"","site-content-style":"default","site-sidebar-style":"default","ast-global-header-display":"","ast-banner-title-visibility":"","ast-main-header-display":"","ast-hfb-above-header-display":"","ast-hfb-below-header-display":"","ast-hfb-mobile-header-display":"","site-post-title":"","ast-breadcrumbs-content":"","ast-featured-img":"","footer-sml-layout":"","theme-transparent-header-meta":"","adv-header-id-meta":"","stick-header-meta":"","header-above-stick-meta":"","header-main-stick-meta":"","header-below-stick-meta":"","astra-migrate-meta-layouts":"default","ast-page-background-enabled":"default","ast-page-background-meta":{"desktop":{"background-color":"var(--ast-global-color-4)","background-image":"","background-repeat":"repeat","background-position":"center center","background-size":"auto","background-attachment":"scroll","background-type":"","background-media":"","overlay-type":"","overlay-color":"","overlay-opacity":"","overlay-gradient":""},"tablet":{"background-color":"","background-image":"","background-repeat":"repeat","background-position":"center center","background-size":"auto","background-attachment":"scroll","background-type":"","background-media":"","overlay-type":"","overlay-color":"","overlay-opacity":"","overlay-gradient":""},"mobile":{"background-color":"","background-image":"","background-repeat":"repeat","background-position":"center center","background-size":"auto","background-attachment":"scroll","background-type":"","background-media":"","overlay-type":"","overlay-color":"","overlay-opacity":"","overlay-gradient":""}},"ast-content-background-meta":{"desktop":{"background-color":"var(--ast-global-color-5)","background-image":"","background-repeat":"repeat","background-position":"center center","background-size":"auto","background-attachment":"scroll","background-type":"","background-media":"","overlay-type":"","overlay-color":"","overlay-opacity":"","overlay-gradient":""},"tablet":{"background-color":"var(--ast-global-color-5)","background-image":"","background-repeat":"repeat","background-position":"center center","background-size":"auto","background-attachment":"scroll","background-type":"","background-media":"","overlay-type":"","overlay-color":"","overlay-opacity":"","overlay-gradient":""},"mobile":{"background-color":"var(--ast-global-color-5)","background-image":"","background-repeat":"repeat","background-position":"center center","background-size":"auto","background-attachment":"scroll","background-type":"","background-media":"","overlay-type":"","overlay-color":"","overlay-opacity":"","overlay-gradient":""}},"footnotes":""},"categories":[60,1,9,4],"tags":[],"class_list":["post-1427","post","type-post","status-publish","format-standard","has-post-thumbnail","hentry","category-petits","category-general","category-p5","category-portada"],"post_mailing_queue_ids":[],"_links":{"self":[{"href":"https:\/\/agora.xtec.cat\/ceip-catalunya-sc\/wp-json\/wp\/v2\/posts\/1427","targetHints":{"allow":["GET"]}}],"collection":[{"href":"https:\/\/agora.xtec.cat\/ceip-catalunya-sc\/wp-json\/wp\/v2\/posts"}],"about":[{"href":"https:\/\/agora.xtec.cat\/ceip-catalunya-sc\/wp-json\/wp\/v2\/types\/post"}],"author":[{"embeddable":true,"href":"https:\/\/agora.xtec.cat\/ceip-catalunya-sc\/wp-json\/wp\/v2\/users\/1"}],"replies":[{"embeddable":true,"href":"https:\/\/agora.xtec.cat\/ceip-catalunya-sc\/wp-json\/wp\/v2\/comments?post=1427"}],"version-history":[{"count":3,"href":"https:\/\/agora.xtec.cat\/ceip-catalunya-sc\/wp-json\/wp\/v2\/posts\/1427\/revisions"}],"predecessor-version":[{"id":1442,"href":"https:\/\/agora.xtec.cat\/ceip-catalunya-sc\/wp-json\/wp\/v2\/posts\/1427\/revisions\/1442"}],"wp:featuredmedia":[{"embeddable":true,"href":"https:\/\/agora.xtec.cat\/ceip-catalunya-sc\/wp-json\/wp\/v2\/media\/1432"}],"wp:attachment":[{"href":"https:\/\/agora.xtec.cat\/ceip-catalunya-sc\/wp-json\/wp\/v2\/media?parent=1427"}],"wp:term":[{"taxonomy":"category","embeddable":true,"href":"https:\/\/agora.xtec.cat\/ceip-catalunya-sc\/wp-json\/wp\/v2\/categories?post=1427"},{"taxonomy":"post_tag","embeddable":true,"href":"https:\/\/agora.xtec.cat\/ceip-catalunya-sc\/wp-json\/wp\/v2\/tags?post=1427"}],"curies":[{"name":"wp","href":"https:\/\/api.w.org\/{rel}","templated":true}]}}