{"id":1403,"date":"2021-01-29T13:03:43","date_gmt":"2021-01-29T12:03:43","guid":{"rendered":"https:\/\/agora.xtec.cat\/ceip-catalunya-sc\/?p=1403"},"modified":"2021-02-18T13:45:07","modified_gmt":"2021-02-18T12:45:07","slug":"us-presentem-a-la-caterina-la-nova-bibliotecaria","status":"publish","type":"post","link":"https:\/\/agora.xtec.cat\/ceip-catalunya-sc\/general\/us-presentem-a-la-caterina-la-nova-bibliotecaria\/","title":{"rendered":"Us presentem a la Caterina, la nova bibliotec\u00e0ria!"},"content":{"rendered":"<p><a href=\"https:\/\/agora.xtec.cat\/ceip-catalunya-sc\/wp-content\/uploads\/usu49\/2021\/01\/Biblioteca.jpg\"><img loading=\"lazy\" decoding=\"async\" class=\"aligncenter size-medium wp-image-1404\" src=\"https:\/\/agora.xtec.cat\/ceip-catalunya-sc\/wp-content\/uploads\/usu49\/2021\/01\/Biblioteca-300x225.jpg\" alt=\"\" width=\"300\" height=\"225\" srcset=\"https:\/\/agora.xtec.cat\/ceip-catalunya-sc\/wp-content\/uploads\/usu49\/2021\/01\/Biblioteca-300x225.jpg 300w, https:\/\/agora.xtec.cat\/ceip-catalunya-sc\/wp-content\/uploads\/usu49\/2021\/01\/Biblioteca-768x576.jpg 768w, https:\/\/agora.xtec.cat\/ceip-catalunya-sc\/wp-content\/uploads\/usu49\/2021\/01\/Biblioteca-200x150.jpg 200w, https:\/\/agora.xtec.cat\/ceip-catalunya-sc\/wp-content\/uploads\/usu49\/2021\/01\/Biblioteca.jpg 800w\" sizes=\"auto, (max-width: 300px) 100vw, 300px\" \/><\/a><\/p>\n<p style=\"text-align: justify;\">Ens alegra molt fer-vos saber que ja tenim nova bibliotec\u00e0ria a l\u2019IE Catalunya! Voleu saber m\u00e9s coses de la Caterina? Llegiu l\u2019entrevista que li vam fer. A m\u00e9s a m\u00e9s de descobrir moltes coses interessants sobre el funcionament de la biblioteca, tamb\u00e9 podreu trobar recomanacions liter\u00e0ries per a totes les edats.<\/p>\n<p style=\"text-align: justify;\"><strong>Qu\u00e8 \u00e9s el que m\u00e9s t&#8217;agrada de la teva feina?<\/strong><\/p>\n<p style=\"text-align: justify;\">Entre les meves passions sempre s&#8217;han trobat la feina de bibliotec\u00e0ria, la creativitat i l&#8217;ensenyament (des de jove he donat classes d&#8217;idiomes i de rep\u00e0s i en les estones lliures faig d&#8217;il\u00b7lustradora). A la biblioteca escolar s\u00f3c bibliotec\u00e0ria, una mica mestra i alhora puc dibuixar i ser creativa amb els tallers que preparem per als alumnes. En aquesta biblioteca en concret he trobat la manera de combinar tot all\u00f2 que m&#8217;agrada. \u00c9s fant\u00e0stic.<\/p>\n<p style=\"text-align: justify;\"><strong>Com s&#8217;est\u00e0 organitzant la biblioteca i el pr\u00e9stec de llibres en temps COVID-19? Quines activitats proposareu?<\/strong><\/p>\n<p style=\"text-align: justify;\">La nostra filosofia \u00e9s seguir treballant pel foment i el gust de la lectura entre els alumnes. Per tant, ara que no es pot gaudir de l&#8217;espai f\u00edsic de la biblioteca, acostem el servei a les aules lliurant llibres als mestres que ho requereixen, fent tallers amb els alumnes i amb campanyes puntuals de pr\u00e9stec que puguin arribar a les fam\u00edlies.<\/p>\n<p style=\"text-align: justify;\"><strong>Qu\u00e8 diries als nens i nenes de l&#8217;IE Catalunya per animar-los a gaudir de la lectura?\u00a0<\/strong><\/p>\n<p style=\"text-align: justify;\">Els llibres acompanyen al llarg de la vida. Quan tens dubtes, quan et sens sol, quan vols passar una bona estona&#8230; Els amics i la fam\u00edlia aix\u00f2 tamb\u00e9 ens ho donen, tamb\u00e9 el cinema, per\u00f2 oi que no triar\u00edem nom\u00e9s veure pel\u00b7l\u00edcules i deixar de veure els amics per sempre? Una cosa no treu l&#8217;altra, i aix\u00f2 \u00e9s el que fan els llibres, amplien les coses bones de la vida. Amics, fam\u00edlia, cinema, internet, llibres&#8230; tot suma i tot ens fa cr\u00e9ixer. Amb els llibres tamb\u00e9 s&#8217;hi juga, s&#8217;hi riu i es comparteixen coses precioses.<\/p>\n<p style=\"text-align: justify;\"><strong>Qu\u00e8 diries a les fam\u00edlies per tal que s\u2019animin a fer \u00fas del servei de pr\u00e9stec?<\/strong><\/p>\n<p style=\"text-align: justify;\">Anirem fent m\u00e9s campanyes de pr\u00e9stec com la que es va fer al Nadal, aix\u00ed que nom\u00e9s han d&#8217;estar atentes a rebre la informaci\u00f3 de la propera campanya quan correspongui. I mentre aquestes no arriben, poden anar a qualsevol de les biblioteques p\u00fabliques de Sant Cugat (una d&#8217;elles a Mira-Sol), que tamb\u00e9 ofereixen un gran servei i molt bons llibres. Biblioteca escolar i biblioteca p\u00fablica sempre van de la m\u00e0.<\/p>\n<p style=\"text-align: justify;\"><strong>Recordes amb especial estima algun conte de la teva infantesa? \u00a0Per qu\u00e8?<\/strong><\/p>\n<p style=\"text-align: justify;\">Els llibres de Roald Dahl i Quentin Blake em tornaven boja. &#8216;Les bruixes&#8217; i &#8216;Matilda&#8217; em van impactar molt\u00edssim. I tamb\u00e9 gaudia molt amb la s\u00e8rie &#8216;El petit vampir&#8217; d&#8217;El Vaixell de Vapor. Tots aquests segueixen editant-se a dia d&#8217;avui, bona senyal. Eren aventures plenes de fantasia&#8230; ara m&#8217;entren ganes de tornar-los a llegir.<\/p>\n<p style=\"text-align: justify;\"><strong>Ens podries recomanar alguns contes, llibres o \u00e0lbums il\u00b7lustrats per les diferents edats? Per qu\u00e8? tem\u00e0tica?<\/strong><\/p>\n<p style=\"text-align: justify;\"><u><a href=\"https:\/\/agora.xtec.cat\/ceip-catalunya-sc\/wp-content\/uploads\/usu49\/2021\/01\/un-llibre.jpg\"><img loading=\"lazy\" decoding=\"async\" class=\"wp-image-1405 alignleft\" src=\"https:\/\/agora.xtec.cat\/ceip-catalunya-sc\/wp-content\/uploads\/usu49\/2021\/01\/un-llibre-150x150.jpg\" alt=\"\" width=\"85\" height=\"85\" \/><\/a>Infantil<\/u>: Coneixeu l&#8217;Herv\u00e9 Tullet? &#8216;Un llibre&#8217; i qualsevol dels altres que ha editat s\u00f3n fant\u00e0stics per aproximar-se al m\u00f3n pl\u00e0stic, i aquest del que us parlo en concret fa jugar directament amb el llibre. \u00c9s molt, molt especial.<\/p>\n<p>&nbsp;<\/p>\n<p style=\"text-align: justify;\"><u><a href=\"https:\/\/agora.xtec.cat\/ceip-catalunya-sc\/wp-content\/uploads\/usu49\/2021\/01\/boom.jpg\"><img loading=\"lazy\" decoding=\"async\" class=\" wp-image-1406 alignleft\" src=\"https:\/\/agora.xtec.cat\/ceip-catalunya-sc\/wp-content\/uploads\/usu49\/2021\/01\/boom-211x300.jpg\" alt=\"\" width=\"63\" height=\"89\" srcset=\"https:\/\/agora.xtec.cat\/ceip-catalunya-sc\/wp-content\/uploads\/usu49\/2021\/01\/boom-211x300.jpg 211w, https:\/\/agora.xtec.cat\/ceip-catalunya-sc\/wp-content\/uploads\/usu49\/2021\/01\/boom-768x1090.jpg 768w, https:\/\/agora.xtec.cat\/ceip-catalunya-sc\/wp-content\/uploads\/usu49\/2021\/01\/boom-722x1024.jpg 722w, https:\/\/agora.xtec.cat\/ceip-catalunya-sc\/wp-content\/uploads\/usu49\/2021\/01\/boom.jpg 1804w\" sizes=\"auto, (max-width: 63px) 100vw, 63px\" \/><\/a>Inicial<\/u>: &#8216;Boom&#8217; de Ximo Abadia parla de l&#8217;absurd de les guerres i dels actes violents d&#8217;una manera delicada i enginyosa. \u00c9s una petita joia que vaig descobrir fa poquet i trobo molt recomanable.<\/p>\n<p>&nbsp;<\/p>\n<p style=\"text-align: justify;\"><u><a href=\"https:\/\/agora.xtec.cat\/ceip-catalunya-sc\/wp-content\/uploads\/usu49\/2021\/01\/narval.jpg\"><img loading=\"lazy\" decoding=\"async\" class=\" wp-image-1407 alignleft\" src=\"https:\/\/agora.xtec.cat\/ceip-catalunya-sc\/wp-content\/uploads\/usu49\/2021\/01\/narval-150x150.jpg\" alt=\"\" width=\"81\" height=\"81\" \/><\/a>Mitj\u00e0<\/u>: els c\u00f2mics de &#8216;Narval i Medu&#8217; de Ben Clanton. S\u00f3n una gran manera d&#8217;animar els nens a llegir encara que d&#8217;entrada potser no els vingui molt de gust. S\u00f3n uns llibres molt simp\u00e0tics que a m\u00e9s afegeixen dades d\u2019inter\u00e8s sobre el m\u00f3n mar\u00ed. Molt divertits.<\/p>\n<p>&nbsp;<\/p>\n<p style=\"text-align: justify;\"><u><a href=\"https:\/\/agora.xtec.cat\/ceip-catalunya-sc\/wp-content\/uploads\/usu49\/2021\/01\/roald.jpg\"><img loading=\"lazy\" decoding=\"async\" class=\" wp-image-1408 alignleft\" src=\"https:\/\/agora.xtec.cat\/ceip-catalunya-sc\/wp-content\/uploads\/usu49\/2021\/01\/roald-199x300.jpg\" alt=\"\" width=\"78\" height=\"118\" srcset=\"https:\/\/agora.xtec.cat\/ceip-catalunya-sc\/wp-content\/uploads\/usu49\/2021\/01\/roald-199x300.jpg 199w, https:\/\/agora.xtec.cat\/ceip-catalunya-sc\/wp-content\/uploads\/usu49\/2021\/01\/roald.jpg 326w\" sizes=\"auto, (max-width: 78px) 100vw, 78px\" \/><\/a>Superior<\/u>: Qualsevol de Roald Dahl o de la saga de Harry Potter \u00e9s un imprescindible si tenen ganes de gaudir amb aventures extraordin\u00e0ries.<\/p>\n<p>&nbsp;<\/p>\n<p>&nbsp;<\/p>\n<p style=\"text-align: justify;\"><u><a href=\"https:\/\/agora.xtec.cat\/ceip-catalunya-sc\/wp-content\/uploads\/usu49\/2021\/01\/musica.jpg\"><img loading=\"lazy\" decoding=\"async\" class=\" wp-image-1409 alignleft\" src=\"https:\/\/agora.xtec.cat\/ceip-catalunya-sc\/wp-content\/uploads\/usu49\/2021\/01\/musica-190x300.jpg\" alt=\"\" width=\"75\" height=\"118\" srcset=\"https:\/\/agora.xtec.cat\/ceip-catalunya-sc\/wp-content\/uploads\/usu49\/2021\/01\/musica-190x300.jpg 190w, https:\/\/agora.xtec.cat\/ceip-catalunya-sc\/wp-content\/uploads\/usu49\/2021\/01\/musica.jpg 229w\" sizes=\"auto, (max-width: 75px) 100vw, 75px\" \/><\/a>ESO<\/u>: Us recomano un dels meus autors preferits de juvenil, en Jordi Sierra i Fabra. &#8216;La m\u00fasica del vent&#8217; \u00e9s un molt bon llibre, per exemple.<\/p>\n<p>&nbsp;<\/p>\n<p>&nbsp;<\/p>\n<p style=\"text-align: center;\">I recordeu: &#8220;llegir \u00e9s somniar amb els ulls oberts!&#8221;<\/p>\n","protected":false},"excerpt":{"rendered":"<p>Ens alegra molt fer-vos saber que ja tenim nova bibliotec\u00e0ria a l\u2019IE Catalunya! Voleu saber m\u00e9s coses de la Caterina? Llegiu l\u2019entrevista que li vam fer. A m\u00e9s a m\u00e9s de descobrir moltes coses interessants sobre el funcionament de la biblioteca, tamb\u00e9 podreu trobar recomanacions liter\u00e0ries per a totes les edats. Qu\u00e8 \u00e9s el que [&hellip;]<\/p>\n","protected":false},"author":1,"featured_media":1404,"comment_status":"closed","ping_status":"closed","sticky":false,"template":"","format":"standard","meta":{"_bbp_topic_count":0,"_bbp_reply_count":0,"_bbp_total_topic_count":0,"_bbp_total_reply_count":0,"_bbp_voice_count":0,"_bbp_anonymous_reply_count":0,"_bbp_topic_count_hidden":0,"_bbp_reply_count_hidden":0,"_bbp_forum_subforum_count":0,"site-sidebar-layout":"default","site-content-layout":"","ast-site-content-layout":"","site-content-style":"default","site-sidebar-style":"default","ast-global-header-display":"","ast-banner-title-visibility":"","ast-main-header-display":"","ast-hfb-above-header-display":"","ast-hfb-below-header-display":"","ast-hfb-mobile-header-display":"","site-post-title":"","ast-breadcrumbs-content":"","ast-featured-img":"","footer-sml-layout":"","theme-transparent-header-meta":"","adv-header-id-meta":"","stick-header-meta":"","header-above-stick-meta":"","header-main-stick-meta":"","header-below-stick-meta":"","astra-migrate-meta-layouts":"default","ast-page-background-enabled":"default","ast-page-background-meta":{"desktop":{"background-color":"var(--ast-global-color-4)","background-image":"","background-repeat":"repeat","background-position":"center center","background-size":"auto","background-attachment":"scroll","background-type":"","background-media":"","overlay-type":"","overlay-color":"","overlay-opacity":"","overlay-gradient":""},"tablet":{"background-color":"","background-image":"","background-repeat":"repeat","background-position":"center center","background-size":"auto","background-attachment":"scroll","background-type":"","background-media":"","overlay-type":"","overlay-color":"","overlay-opacity":"","overlay-gradient":""},"mobile":{"background-color":"","background-image":"","background-repeat":"repeat","background-position":"center center","background-size":"auto","background-attachment":"scroll","background-type":"","background-media":"","overlay-type":"","overlay-color":"","overlay-opacity":"","overlay-gradient":""}},"ast-content-background-meta":{"desktop":{"background-color":"var(--ast-global-color-5)","background-image":"","background-repeat":"repeat","background-position":"center center","background-size":"auto","background-attachment":"scroll","background-type":"","background-media":"","overlay-type":"","overlay-color":"","overlay-opacity":"","overlay-gradient":""},"tablet":{"background-color":"var(--ast-global-color-5)","background-image":"","background-repeat":"repeat","background-position":"center center","background-size":"auto","background-attachment":"scroll","background-type":"","background-media":"","overlay-type":"","overlay-color":"","overlay-opacity":"","overlay-gradient":""},"mobile":{"background-color":"var(--ast-global-color-5)","background-image":"","background-repeat":"repeat","background-position":"center center","background-size":"auto","background-attachment":"scroll","background-type":"","background-media":"","overlay-type":"","overlay-color":"","overlay-opacity":"","overlay-gradient":""}},"footnotes":""},"categories":[1,4],"tags":[],"class_list":["post-1403","post","type-post","status-publish","format-standard","has-post-thumbnail","hentry","category-general","category-portada"],"post_mailing_queue_ids":[],"_links":{"self":[{"href":"https:\/\/agora.xtec.cat\/ceip-catalunya-sc\/wp-json\/wp\/v2\/posts\/1403","targetHints":{"allow":["GET"]}}],"collection":[{"href":"https:\/\/agora.xtec.cat\/ceip-catalunya-sc\/wp-json\/wp\/v2\/posts"}],"about":[{"href":"https:\/\/agora.xtec.cat\/ceip-catalunya-sc\/wp-json\/wp\/v2\/types\/post"}],"author":[{"embeddable":true,"href":"https:\/\/agora.xtec.cat\/ceip-catalunya-sc\/wp-json\/wp\/v2\/users\/1"}],"replies":[{"embeddable":true,"href":"https:\/\/agora.xtec.cat\/ceip-catalunya-sc\/wp-json\/wp\/v2\/comments?post=1403"}],"version-history":[{"count":3,"href":"https:\/\/agora.xtec.cat\/ceip-catalunya-sc\/wp-json\/wp\/v2\/posts\/1403\/revisions"}],"predecessor-version":[{"id":1423,"href":"https:\/\/agora.xtec.cat\/ceip-catalunya-sc\/wp-json\/wp\/v2\/posts\/1403\/revisions\/1423"}],"wp:featuredmedia":[{"embeddable":true,"href":"https:\/\/agora.xtec.cat\/ceip-catalunya-sc\/wp-json\/wp\/v2\/media\/1404"}],"wp:attachment":[{"href":"https:\/\/agora.xtec.cat\/ceip-catalunya-sc\/wp-json\/wp\/v2\/media?parent=1403"}],"wp:term":[{"taxonomy":"category","embeddable":true,"href":"https:\/\/agora.xtec.cat\/ceip-catalunya-sc\/wp-json\/wp\/v2\/categories?post=1403"},{"taxonomy":"post_tag","embeddable":true,"href":"https:\/\/agora.xtec.cat\/ceip-catalunya-sc\/wp-json\/wp\/v2\/tags?post=1403"}],"curies":[{"name":"wp","href":"https:\/\/api.w.org\/{rel}","templated":true}]}}