{"id":1306,"date":"2020-03-30T15:53:52","date_gmt":"2020-03-30T13:53:52","guid":{"rendered":"https:\/\/agora.xtec.cat\/ceip-catalunya-sc\/?p=1306"},"modified":"2020-03-30T15:53:52","modified_gmt":"2020-03-30T13:53:52","slug":"nou-bloc-mestres-de-musica-de-sant-cugat","status":"publish","type":"post","link":"https:\/\/agora.xtec.cat\/ceip-catalunya-sc\/general\/nou-bloc-mestres-de-musica-de-sant-cugat\/","title":{"rendered":"NOU BLOC MESTRES DE M\u00daSICA DE SANT CUGAT"},"content":{"rendered":"<p>Vivim uns moments dif\u00edcils, les circumst\u00e0ncies dels quals fan que haguem de fer \u00fas de noves estrat\u00e8gies, sovint tecnol\u00f2giques, per dur a terme diferents tasques. \u00c9s per aquest motiu que, des del departament de m\u00fasica, us volem donar a con\u00e8ixer un nou projecte anomenat <a href=\"https:\/\/sites.google.com\/xtec.cat\/batega\/inici\">Batega<\/a>!, que neix com a necessitat de fer arribar la m\u00fasica a tothom, en un moment que la creiem molt necess\u00e0ria.<br \/>\n<a href=\"https:\/\/sites.google.com\/xtec.cat\/batega\/inici\">Batega!<\/a> es tracta d&#8217;un blog elaborat pels mestres de m\u00fasica de les diferents escoles de Sant Cugat. Els continguts tenen a veure amb la m\u00fasica en general, amb la m\u00fasica a Sant Cugat i amb la m\u00fasica que es fa a les escoles. Aix\u00ed doncs, hi podeu trobar can\u00e7ons, propostes d&#8217;activitats, danses, la Cantata de 2n, la Cant\u00e0nia, enlla\u00e7os interessants, etc&#8230;<br \/>\nCom el seu nom indica, el blog anir\u00e0 creixent, ja que est\u00e0 en constant ampliaci\u00f3 i transformaci\u00f3. Esperem que us faci bategar&#8230;<\/p>\n","protected":false},"excerpt":{"rendered":"<p>Vivim uns moments dif\u00edcils, les circumst\u00e0ncies dels quals fan que haguem de fer \u00fas de noves estrat\u00e8gies, sovint tecnol\u00f2giques, per dur a terme diferents tasques. \u00c9s per aquest motiu que, des del departament de m\u00fasica, us volem donar a con\u00e8ixer un nou projecte anomenat Batega!, que neix com a necessitat de fer arribar la m\u00fasica [&hellip;]<\/p>\n","protected":false},"author":1,"featured_media":0,"comment_status":"open","ping_status":"closed","sticky":false,"template":"","format":"standard","meta":{"_bbp_topic_count":0,"_bbp_reply_count":0,"_bbp_total_topic_count":0,"_bbp_total_reply_count":0,"_bbp_voice_count":0,"_bbp_anonymous_reply_count":0,"_bbp_topic_count_hidden":0,"_bbp_reply_count_hidden":0,"_bbp_forum_subforum_count":0,"site-sidebar-layout":"default","site-content-layout":"","ast-site-content-layout":"","site-content-style":"default","site-sidebar-style":"default","ast-global-header-display":"","ast-banner-title-visibility":"","ast-main-header-display":"","ast-hfb-above-header-display":"","ast-hfb-below-header-display":"","ast-hfb-mobile-header-display":"","site-post-title":"","ast-breadcrumbs-content":"","ast-featured-img":"","footer-sml-layout":"","theme-transparent-header-meta":"","adv-header-id-meta":"","stick-header-meta":"","header-above-stick-meta":"","header-main-stick-meta":"","header-below-stick-meta":"","astra-migrate-meta-layouts":"default","ast-page-background-enabled":"default","ast-page-background-meta":{"desktop":{"background-color":"var(--ast-global-color-4)","background-image":"","background-repeat":"repeat","background-position":"center center","background-size":"auto","background-attachment":"scroll","background-type":"","background-media":"","overlay-type":"","overlay-color":"","overlay-opacity":"","overlay-gradient":""},"tablet":{"background-color":"","background-image":"","background-repeat":"repeat","background-position":"center center","background-size":"auto","background-attachment":"scroll","background-type":"","background-media":"","overlay-type":"","overlay-color":"","overlay-opacity":"","overlay-gradient":""},"mobile":{"background-color":"","background-image":"","background-repeat":"repeat","background-position":"center center","background-size":"auto","background-attachment":"scroll","background-type":"","background-media":"","overlay-type":"","overlay-color":"","overlay-opacity":"","overlay-gradient":""}},"ast-content-background-meta":{"desktop":{"background-color":"var(--ast-global-color-5)","background-image":"","background-repeat":"repeat","background-position":"center center","background-size":"auto","background-attachment":"scroll","background-type":"","background-media":"","overlay-type":"","overlay-color":"","overlay-opacity":"","overlay-gradient":""},"tablet":{"background-color":"var(--ast-global-color-5)","background-image":"","background-repeat":"repeat","background-position":"center center","background-size":"auto","background-attachment":"scroll","background-type":"","background-media":"","overlay-type":"","overlay-color":"","overlay-opacity":"","overlay-gradient":""},"mobile":{"background-color":"var(--ast-global-color-5)","background-image":"","background-repeat":"repeat","background-position":"center center","background-size":"auto","background-attachment":"scroll","background-type":"","background-media":"","overlay-type":"","overlay-color":"","overlay-opacity":"","overlay-gradient":""}},"footnotes":""},"categories":[62,61,60,1,4],"tags":[],"class_list":["post-1306","post","type-post","status-publish","format-standard","hentry","category-grans","category-mitjans","category-petits","category-general","category-portada"],"post_mailing_queue_ids":[],"_links":{"self":[{"href":"https:\/\/agora.xtec.cat\/ceip-catalunya-sc\/wp-json\/wp\/v2\/posts\/1306","targetHints":{"allow":["GET"]}}],"collection":[{"href":"https:\/\/agora.xtec.cat\/ceip-catalunya-sc\/wp-json\/wp\/v2\/posts"}],"about":[{"href":"https:\/\/agora.xtec.cat\/ceip-catalunya-sc\/wp-json\/wp\/v2\/types\/post"}],"author":[{"embeddable":true,"href":"https:\/\/agora.xtec.cat\/ceip-catalunya-sc\/wp-json\/wp\/v2\/users\/1"}],"replies":[{"embeddable":true,"href":"https:\/\/agora.xtec.cat\/ceip-catalunya-sc\/wp-json\/wp\/v2\/comments?post=1306"}],"version-history":[{"count":1,"href":"https:\/\/agora.xtec.cat\/ceip-catalunya-sc\/wp-json\/wp\/v2\/posts\/1306\/revisions"}],"predecessor-version":[{"id":1307,"href":"https:\/\/agora.xtec.cat\/ceip-catalunya-sc\/wp-json\/wp\/v2\/posts\/1306\/revisions\/1307"}],"wp:attachment":[{"href":"https:\/\/agora.xtec.cat\/ceip-catalunya-sc\/wp-json\/wp\/v2\/media?parent=1306"}],"wp:term":[{"taxonomy":"category","embeddable":true,"href":"https:\/\/agora.xtec.cat\/ceip-catalunya-sc\/wp-json\/wp\/v2\/categories?post=1306"},{"taxonomy":"post_tag","embeddable":true,"href":"https:\/\/agora.xtec.cat\/ceip-catalunya-sc\/wp-json\/wp\/v2\/tags?post=1306"}],"curies":[{"name":"wp","href":"https:\/\/api.w.org\/{rel}","templated":true}]}}